{"id":34351,"date":"2021-08-12T09:49:03","date_gmt":"2021-08-12T12:49:03","guid":{"rendered":"https:\/\/condor.fabbricaweb.com.br\/?p=34351"},"modified":"2026-08-24T12:11:20","modified_gmt":"2026-08-24T15:11:20","slug":"efeito-do-sono-na-composicao-corporal","status":"publish","type":"post","link":"https:\/\/condor.fabbricaweb.com.br\/pt\/efeito-do-sono-na-composicao-corporal\/","title":{"rendered":"Efeito do Sono na Composi\u00e7\u00e3o Corporal"},"content":{"rendered":"<div data-elementor-type=\"wp-post\" data-elementor-id=\"34351\" class=\"elementor elementor-34351\" data-elementor-post-type=\"post\">\n\t\t\t\t\t\t<section class=\"elementor-section elementor-top-section elementor-element elementor-element-2a3f8b9b elementor-section-boxed elementor-section-height-default elementor-section-height-default\" data-id=\"2a3f8b9b\" data-element_type=\"section\" data-e-type=\"section\">\n\t\t\t\t\t\t<div class=\"elementor-container elementor-column-gap-default\">\n\t\t\t\t\t<div class=\"elementor-column elementor-col-100 elementor-top-column elementor-element elementor-element-168dbc02\" data-id=\"168dbc02\" data-element_type=\"column\" data-e-type=\"column\">\n\t\t\t<div class=\"elementor-widget-wrap elementor-element-populated\">\n\t\t\t\t\t\t<div class=\"elementor-element elementor-element-1cec7dc7 elementor-widget elementor-widget-text-editor\" data-id=\"1cec7dc7\" data-element_type=\"widget\" data-e-type=\"widget\" data-widget_type=\"text-editor.default\">\n\t\t\t\t\t\t\t\t\t\n<h2 class=\"wp-block-heading\">Defini\u00e7\u00e3o do sono<\/h2>\n\n<p class=\"wp-block-paragraph\">O sono \u00e9 um estado comportamental e com caracter\u00edsticas fisiol\u00f3gicas bem definidas. Semelhantemente \u00e0 hiberna\u00e7\u00e3o, imobilidade t\u00f4nica, coma ou anestesia geral o sono \u00e9 o \u00fanico estado que apresenta simult\u00e2neamente capacidade de resposta reduzida, r\u00e1pida reversibilidade e \u00e9 homeostaticamente regulado (<a href=\"#_ENREF_1\">Anafi, Kayser, &amp; Raizen, 2019<\/a>). Durante o sono, o ser vivo fica fisicamente vulner\u00e1vel, considerando a baixa \u00e0 capacidade de resposta aos est\u00edmulos ambientais, al\u00e9m disso, durante o sono o ser vivo n\u00e3o come, bebe ou se reproduz.<\/p>\n\n<h2 class=\"wp-block-heading\">Teorias de fun\u00e7\u00f5es do sono<\/h2>\n\n<div class=\"wp-block-image\">\n<figure class=\"alignleft size-large is-resized\"><img fetchpriority=\"high\" decoding=\"async\" class=\"wp-image-34353 size-medium alignright\" src=\"https:\/\/condor.fabbricaweb.com.br\/wp-content\/uploads\/2021\/08\/WhatsApp-Image-2021-08-12-at-09.09.50-1-480x480.jpeg\" alt=\"\" width=\"480\" height=\"480\" \/><\/figure>\n<\/div>\n\n<p class=\"wp-block-paragraph\">Mesmo com fatores negativos \u00e0 sobrevivencia associados ao sono (maior vulnerabilidade), durante o sono acontecem eventos fisiol\u00f3gicos que contribuem para o adequado funcionamento do organismo. S\u00e3o propostas hip\u00f3teses de fun\u00e7\u00e3o cognitiva (Ex. aprendizagem, mem\u00f3ria e plasticidade sin\u00e1ptica) (Veja: <a href=\"https:\/\/condor.fabbricaweb.com.br\/pt\/cognicao-e-sono-as-influencias-que-um-sono-ruim-tem-na-cognicao\/\">https:\/\/condor.fabbricaweb.com.br\/cognicao-e-sono-as-influencias-que-um-sono-ruim-tem-na-cognicao\/<\/a>) e hip\u00f3teses de fun\u00e7\u00f5es restauradoras (Ex. manuten\u00e7\u00e3o do metabolismo energ\u00e9tico cerebral, bioss\u00edntese macromolecular e remo\u00e7\u00e3o de res\u00edduos metab\u00f3licos) (<a href=\"#_ENREF_4\">Frank &amp; Heller, 2019<\/a>).\u00a0 Apesar de ser exaustivamente estudado com mais de 200 mil artigos indexados no PubMed com o termo <em>\u201cSleep\u201d,<\/em> em mais de 200 anos de pesquisa, o sono ainda continua a ser um enigma cient\u00edfico. Algumas perguntas ainda carecem de respostas: Por que as propriedades do sono mudam ao longo da vida? Por que e como o sono \u00e9 regulado homeostaticamente? Por que o c\u00e9rebro deve ser \u201cdesligado\u201d para realizar as fun\u00e7\u00f5es proposta? E, por que existem dois est\u00e1gios diferentes do sono? (<a href=\"#_ENREF_4\">Frank &amp; Heller, 2019<\/a>). Considerado o \u00faltimo grande processo fisiol\u00f3gico ainda sem consenso quanto \u00e0 sua fun\u00e7\u00e3o, j\u00e1 foram discutidas\/especuladas na literatura algumas fun\u00e7\u00f5es do sono I) fun\u00e7\u00e3o imunol\u00f3gica (veja: <a href=\"https:\/\/condor.fabbricaweb.com.br\/pt\/sono-e-imunidade-2\/\">https:\/\/condor.fabbricaweb.com.br\/sono-e-imunidade-2\/<\/a>), II) fun\u00e7\u00e3o restaurativa dos estoques de energia encef\u00e1lica, III) fun\u00e7\u00e3o glif\u00e1tica, IV) fun\u00e7\u00e3o restaurativa do desempenho devido a degrada\u00e7\u00e3o induzida pela atividade durante a vig\u00edlia (veja: <a href=\"https:\/\/condor.fabbricaweb.com.br\/pt\/fadiga-e-sono\/\">https:\/\/condor.fabbricaweb.com.br\/fadiga-e-sono\/<\/a>), V) fun\u00e7\u00e3o conectiva ou plasticidade neural VI) fun\u00e7\u00e3o de conserva\u00e7\u00e3o de energia pela redu\u00e7\u00e3o do gasto cal\u00f3rico (<a href=\"#_ENREF_7\">Krueger, Frank, Wisor, &amp; Roy, 2016<\/a>).<\/p>\n\n<h2 class=\"wp-block-heading\">Mecanismos de sono<\/h2>\n\n<p class=\"wp-block-paragraph\">O sono \u00e9 regulado por influ\u00eancia de dois mecanismos distintos. O processo homeost\u00e1tico (S) e o processo circadiano (C). O processo S \u00e9 caracterizado por propens\u00e3o ao sono, causado pelo ac\u00famulo de adenosina no prosenc\u00e9falo basal, decorrente da quebra de ATP ao longo do estado de vig\u00edlia, resultando em sonol\u00eancia e na necessidade de sono com o passar do tempo acordado (press\u00e3o homeost\u00e1tica para o sono) (<a href=\"#_ENREF_2\">Borb\u00e9ly, Daan, Wirz\u2010Justice, &amp; Deboer, 2016<\/a>). O processo C se refere \u00e0s atividades biol\u00f3gicas que acontecem em per\u00edodos de aproximadamente 24 horas (ver: <a href=\"https:\/\/condor.fabbricaweb.com.br\/pt\/as-consequencias-dos-disturbios-de-ritmo-circadiano-2\/\">https:\/\/condor.fabbricaweb.com.br\/as-consequencias-dos-disturbios-de-ritmo-circadiano-2\/<\/a>) e possibilita ao organismo humano uma antecipa\u00e7\u00e3o e prepara\u00e7\u00e3o para uma atividade ou momento do dia. Nossos ritmos s\u00e3o sincronizados atrav\u00e9s de pistas temporais conhecidos como \u201c<em>zeitgebers\u201d <\/em>(do alem\u00e3o Zeit = tempo Gebers = doador &#8211; sincronizador biol\u00f3gico), que fornecem informa\u00e7\u00f5es acerca do momento do dia. \u00c9 importante destacar que, os ritmos circadianos n\u00e3o s\u00e3o governados pelo ambiente e possuem natureza autossustentada e mesmo na aus\u00eancia de pistas temporais (livre curso) nosso organismo continua a apresentar ritmicidade circadiana (<a href=\"#_ENREF_9\">Mello, Bittencourt, Pires, Silva, &amp; Tufik, 2008<\/a>)<\/p>\n\n<h2 class=\"wp-block-heading\">Priva\u00e7\u00e3o de sono noturno<\/h2>\n\n<p class=\"wp-block-paragraph\">As demandas (sociais ou profissionais) associada a possibilidade de atividade no per\u00edodo noturno (trabalho ou lazer) fazem com que a nossa rotina seja arrastada para per\u00edodos em que poder\u00edamos\/dever\u00edamos estar dormindo. N\u00edveis altos de desalinhamento circadiano ocorrem em indiv\u00edduos que s\u00e3o for\u00e7adamente obrigados a alterar o seu ritmo de sono e vig\u00edlia e que permanecem acordados durante a noite como trabalhadores por turnos ou praticantes de <em>eletronic-sport (e-sport &#8211; <\/em>pessoas que competem em jogos digitais) (<a href=\"#_ENREF_5\">Gomes, Narciso, de Mello, &amp; Esteves, 2021<\/a>). Esse comportamento de invers\u00e3o de ritmo biol\u00f3gico com vig\u00edlia na fase escura e sono na fase clara do dia pode apresentar riscos para a sa\u00fade (<a href=\"#_ENREF_11\">Moreno et al., 2019<\/a>), cujos efeitos incluem impactos negativos na resposta metab\u00f3lica (<a href=\"#_ENREF_14\">Zimberg, Fernandes Junior, Crispim, Tufik, &amp; de Mello, 2012<\/a>). Dessa forma podemos destacar que o sono em sua quantidade, qualidade e momento ideal (noite), exerce fun\u00e7\u00e3o essencial na sa\u00fade, tanto em seu aspecto f\u00edsico quanto cognitivo<\/p>\n\n<h2 class=\"wp-block-heading\">Efeito do Sono na Composi\u00e7\u00e3o Corporal<\/h2>\n\n<p class=\"wp-block-paragraph\">Ao permanecer acordado durante a noite e dormir durante o dia altera-se o ritmo biol\u00f3gico impactando em mudan\u00e7as significativas no organismo. Permanecer acordado faz com que o organismo entenda que precisa poupar energia para um per\u00edodo de vig\u00edlia mais longo, como adapta\u00e7\u00e3o ocorre uma redu\u00e7\u00e3o do metabolismo basal que favorece o ac\u00famulo de gordura corporal. Outros preju\u00edzos associados a restri\u00e7\u00e3o de sono, podem ser observados pelo aumento dos n\u00edveis de concentra\u00e7\u00e3o hormonal da grelina, bem como redu\u00e7\u00e3o da leptina, respons\u00e1veis pelo controle do apetite e da saciedade (<a href=\"#_ENREF_13\">Taheri, Lin, Austin, Young, &amp; Mignot, 2004<\/a>). Dessa forma o organismo estimula o aumento da ingest\u00e3o de alimentos que pode resultar em aumento da massa corporal.<\/p>\n\n<p class=\"wp-block-paragraph\">A atrofia muscular e a redu\u00e7\u00e3o na capacidade de recupera\u00e7\u00e3o muscular tamb\u00e9m est\u00e3o associadas a restri\u00e7\u00e3o e priva\u00e7\u00e3o de sono noturno. Foi formulada uma hip\u00f3tese de que a atrofia muscular causada pela perda de sono est\u00e1 associada a redu\u00e7\u00e3o de horm\u00f4nios anab\u00f3licos e aumento de horm\u00f4nios catab\u00f3licos (<a href=\"#_ENREF_3\">Dattilo et al., 2011<\/a>). De forma geral, quando n\u00e3o se tem um sono adequado, o cansa\u00e7o, a sonol\u00eancia e a fadiga s\u00e3o fatores evidentes que reduzem o desempenho f\u00edsico, reduzindo os n\u00edveis de atividade f\u00edsica e o desempenho nas a\u00e7\u00f5es da vida di\u00e1ria que podem favorecer inclusive ao sedentarismo (<a href=\"#_ENREF_10\">Mollicone, Van Dongen, Rogers, Banks, &amp; Dinges, 2010<\/a>). Considerando o exposto, pessoas que invertem seu ritmo de sono e vig\u00edlia como trabalhadores de turnos noturno e rotativo, praticantes de e-sports sofrem os preju\u00edzos causados pela priva\u00e7\u00e3o de sono noturno e dessincroniza\u00e7\u00e3o do ritmo vig\u00edlia\/sono, com mudan\u00e7as na produ\u00e7\u00e3o hormonal que favorecem o aumento da ingest\u00e3o cal\u00f3rica, ac\u00famulo de energia e redu\u00e7\u00e3o da atividade f\u00edsica que prejudicam a composi\u00e7\u00e3o corporal.<\/p>\n\n<p class=\"wp-block-paragraph\">A mudan\u00e7a do ritmo biol\u00f3gico proporciona maior chance de aumento do IMC, devido a mudan\u00e7as nos h\u00e1bitos alimentares, rotina di\u00e1ria e metabolismo energ\u00e9tico. Um estudo epidemiol\u00f3gico identificou que pessoas que permanecem acordadas de noite e dormem durante o dia apresentam 1,5 vezes mais chance de estar acima do peso do que aqueles que dormem de noite (<a href=\"#_ENREF_6\">Hulsegge, van Mechelen, Paagman, Proper, &amp; Anema, 2020<\/a>). A priva\u00e7\u00e3o de sono noturno mostrou associa\u00e7\u00f5es significativas com o aumento do IMC proporcional \u00e0s horas de sono perdidas. Foi observado aumento de 0,43 kg \/ m<sup>2<\/sup> a cada 10.000 horas acordados durante a noite (<a href=\"#_ENREF_12\">Peplonska, Bukowska, &amp; Sobala, 2015<\/a>). Foi destacado ainda chances 3,9 maior quando h\u00e1 restri\u00e7\u00e3o de sono noturno por oito ou mais dias por m\u00eas.<\/p>\n\n<p class=\"wp-block-paragraph\">\u00a0\u00a0\u00a0\u00a0\u00a0\u00a0\u00a0\u00a0\u00a0\u00a0\u00a0 Aparentemente apenas os comportamentos considerados saud\u00e1veis como,\u00a0 a pr\u00e1tica de atividade f\u00edsica, a qualidade do sono e os h\u00e1bitos alimentares, n\u00e3o s\u00e3o suficientes para moderar a rela\u00e7\u00e3o entre trabalho por turnos e excesso de peso, enquanto que os anos de exposi\u00e7\u00e3o ao trabalho por turnos pode ser um fator moderador (<a href=\"#_ENREF_6\">Hulsegge et al., 2020<\/a>). Assim, apenas os comportamentos de estilo de vida saud\u00e1veis podem, n\u00e3o ser suficientes para &#8220;proteger&#8221; contra os efeitos negativos da priva\u00e7\u00e3o de sono noturno sobre o excesso de peso. Por outro lado, a obesidade \u00e9 multifacetada e pode ser influenciada por determinantes sociais, de renda, n\u00edvel educacional, conhecimento em sa\u00fade e apoio social (<a href=\"#_ENREF_8\">McGlynn et al., 2015<\/a>).<\/p>\n\n<h2 class=\"wp-block-heading\">Conclus\u00e3o<\/h2>\n\n<p class=\"wp-block-paragraph\"><strong>As consequ\u00eancias da priva\u00e7\u00e3o de sono noturno associado a mudan\u00e7a de ritmo circadiano<\/strong> impactam n\u00e3o somente a composi\u00e7\u00e3o corporal como a sa\u00fade de um modo geral.<\/p>\n\n<p class=\"wp-block-paragraph\">Quando a priva\u00e7\u00e3o do sono noturno n\u00e3o \u00e9 ocasionada por for\u00e7a maior (trabalho noturno), \u00e9 preciso promover mudan\u00e7as nos h\u00e1bitos de vida, em especial com a higiene do sono (evitar estimulantes, como cafe\u00edna no per\u00edodo noturno), manter hor\u00e1rio regular de sono, evitar luzes artificiais durante o per\u00edodo noturno. Al\u00e9m disso a pr\u00e1tica regular de exerc\u00edcio f\u00edsico e alimenta\u00e7\u00e3o saud\u00e1vel podem auxiliar no processo. Em alguns casos o pode ser necess\u00e1rio recorrer ao uso de f\u00e1rmacos, sempre com o devido acompanhamento m\u00e9dico. A actigrafia (Veja: <a href=\"https:\/\/condor.fabbricaweb.com.br\/pt\/o-que-e-actigrafia\/\">https:\/\/condor.fabbricaweb.com.br\/o-que-e-actigrafia\/<\/a>) pode ser um m\u00e9todo de acompanhamento do ritmo biol\u00f3gico, indicando a regularidade dos hor\u00e1rios de dormir e acordar. Al\u00e9m disso \u00e9 poss\u00edvel avaliar o sono por v\u00e1rios dias e indicar o tempo total de sono bem como a efici\u00eancia do sono que podem ser informa\u00e7\u00f5es importantes para tomada de decis\u00f5es e um melhor direcionamento do efeito das interven\u00e7\u00f5es que forem realizadas<\/p>\n\n<figure class=\"wp-block-image size-large\"><img decoding=\"async\" width=\"1024\" height=\"427\" class=\"wp-image-34124\" src=\"https:\/\/condor.fabbricaweb.com.br\/wp-content\/uploads\/2021\/08\/CONDOR-FOOTER-1-1024x427-1.png\" alt=\"\" srcset=\"https:\/\/condor.fabbricaweb.com.br\/wp-content\/uploads\/2021\/08\/CONDOR-FOOTER-1-1024x427-1.png 1024w, https:\/\/condor.fabbricaweb.com.br\/wp-content\/uploads\/2021\/08\/CONDOR-FOOTER-1-1024x427-1-300x125.png 300w, https:\/\/condor.fabbricaweb.com.br\/wp-content\/uploads\/2021\/08\/CONDOR-FOOTER-1-1024x427-1-768x320.png 768w\" sizes=\"(max-width: 1024px) 100vw, 1024px\" \/>\n<figcaption><a href=\"https:\/\/condor.fabbricaweb.com.br\/pt\/\">https:\/\/condor.fabbricaweb.com.br\/<\/a><\/figcaption>\n<\/figure>\n\t\t\t\t\t\t\t\t<\/div>\n\t\t\t\t\t<\/div>\n\t\t<\/div>\n\t\t\t\t\t<\/div>\n\t\t<\/section>\n\t\t\t\t<\/div>","protected":false},"excerpt":{"rendered":"<p>Definition of sleep Sleep is a behavioral state with well-defined physiological characteristics. Similar to hibernation, tonic immobility, coma or general anesthesia, sleep is the only state that simultaneously presents reduced responsiveness, rapid reversibility and is homeostatically regulated (Anafi, Kayser, &amp; Raizen, 2019). During sleep, the living being is physically vulnerable, considering the low capacity to [&hellip;]<\/p>\n","protected":false},"author":3,"featured_media":34352,"comment_status":"open","ping_status":"open","sticky":false,"template":"","format":"standard","meta":{"footnotes":"","_links_to":"","_links_to_target":""},"categories":[10,12],"tags":[],"class_list":["post-34351","post","type-post","status-publish","format-standard","has-post-thumbnail","hentry","category-circadian-rhythm-and-health","category-sleep-and-health"],"yoast_head":"<!-- This site is optimized with the Yoast SEO plugin v28.3 - https:\/\/yoast.com\/product\/yoast-seo-wordpress\/ -->\n<title>The Effect of Sleep on Body Composition - Condor Instruments<\/title>\n<meta name=\"robots\" content=\"noindex, follow, max-snippet:-1, max-image-preview:large, max-video-preview:-1\" \/>\n<meta property=\"og:locale\" content=\"pt_BR\" \/>\n<meta property=\"og:type\" content=\"article\" \/>\n<meta property=\"og:title\" content=\"The Effect of Sleep on Body Composition - Condor Instruments\" \/>\n<meta property=\"og:description\" content=\"Definition of sleep Sleep is a behavioral state with well-defined physiological characteristics. Similar to hibernation, tonic immobility, coma or general anesthesia, sleep is the only state that simultaneously presents reduced responsiveness, rapid reversibility and is homeostatically regulated (Anafi, Kayser, &amp; Raizen, 2019). During sleep, the living being is physically vulnerable, considering the low capacity to [&hellip;]\" \/>\n<meta property=\"og:url\" content=\"https:\/\/condor.fabbricaweb.com.br\/pt\/efeito-do-sono-na-composicao-corporal\/\" \/>\n<meta property=\"og:site_name\" content=\"Condor Instruments\" \/>\n<meta property=\"article:published_time\" content=\"2021-08-12T12:49:03+00:00\" \/>\n<meta property=\"article:modified_time\" content=\"2026-08-24T15:11:20+00:00\" \/>\n<meta property=\"og:image\" content=\"https:\/\/condor.fabbricaweb.com.br\/wp-content\/uploads\/2021\/08\/WhatsApp-Image-2021-08-12-at-09.09.50.jpeg\" \/>\n\t<meta property=\"og:image:width\" content=\"720\" \/>\n\t<meta property=\"og:image:height\" content=\"600\" \/>\n\t<meta property=\"og:image:type\" content=\"image\/jpeg\" \/>\n<meta name=\"author\" content=\"Condor\" \/>\n<meta name=\"twitter:card\" content=\"summary_large_image\" \/>\n<meta name=\"twitter:label1\" content=\"Escrito por\" \/>\n\t<meta name=\"twitter:data1\" content=\"Condor\" \/>\n\t<meta name=\"twitter:label2\" content=\"Est. tempo de leitura\" \/>\n\t<meta name=\"twitter:data2\" content=\"7 minutos\" \/>\n<script type=\"application\/ld+json\" class=\"yoast-schema-graph\">{\"@context\":\"https:\\\/\\\/schema.org\",\"@graph\":[{\"@type\":\"Article\",\"@id\":\"https:\\\/\\\/condor.fabbricaweb.com.br\\\/pt\\\/efeito-do-sono-na-composicao-corporal\\\/#article\",\"isPartOf\":{\"@id\":\"https:\\\/\\\/condor.fabbricaweb.com.br\\\/pt\\\/efeito-do-sono-na-composicao-corporal\\\/\"},\"author\":{\"name\":\"Condor\",\"@id\":\"https:\\\/\\\/condor.fabbricaweb.com.br\\\/pt\\\/#\\\/schema\\\/person\\\/86cd767bdd3b9c879fa81c8ceecb2aab\"},\"headline\":\"The Effect of Sleep on Body Composition\",\"datePublished\":\"2021-08-12T12:49:03+00:00\",\"dateModified\":\"2026-08-24T15:11:20+00:00\",\"mainEntityOfPage\":{\"@id\":\"https:\\\/\\\/condor.fabbricaweb.com.br\\\/pt\\\/efeito-do-sono-na-composicao-corporal\\\/\"},\"wordCount\":1278,\"commentCount\":0,\"publisher\":{\"@id\":\"https:\\\/\\\/condor.fabbricaweb.com.br\\\/pt\\\/#organization\"},\"image\":{\"@id\":\"https:\\\/\\\/condor.fabbricaweb.com.br\\\/pt\\\/efeito-do-sono-na-composicao-corporal\\\/#primaryimage\"},\"thumbnailUrl\":\"https:\\\/\\\/condor.fabbricaweb.com.br\\\/wp-content\\\/uploads\\\/2021\\\/08\\\/WhatsApp-Image-2021-08-12-at-09.09.50.jpeg\",\"articleSection\":[\"Circadian Rhythm and Health\",\"Sleep and Health\"],\"inLanguage\":\"pt-BR\",\"potentialAction\":[{\"@type\":\"CommentAction\",\"name\":\"Comment\",\"target\":[\"https:\\\/\\\/condor.fabbricaweb.com.br\\\/pt\\\/efeito-do-sono-na-composicao-corporal\\\/#respond\"]}]},{\"@type\":\"WebPage\",\"@id\":\"https:\\\/\\\/condor.fabbricaweb.com.br\\\/pt\\\/efeito-do-sono-na-composicao-corporal\\\/\",\"url\":\"https:\\\/\\\/condor.fabbricaweb.com.br\\\/pt\\\/efeito-do-sono-na-composicao-corporal\\\/\",\"name\":\"The Effect of Sleep on Body Composition - Condor Instruments\",\"isPartOf\":{\"@id\":\"https:\\\/\\\/condor.fabbricaweb.com.br\\\/pt\\\/#website\"},\"primaryImageOfPage\":{\"@id\":\"https:\\\/\\\/condor.fabbricaweb.com.br\\\/pt\\\/efeito-do-sono-na-composicao-corporal\\\/#primaryimage\"},\"image\":{\"@id\":\"https:\\\/\\\/condor.fabbricaweb.com.br\\\/pt\\\/efeito-do-sono-na-composicao-corporal\\\/#primaryimage\"},\"thumbnailUrl\":\"https:\\\/\\\/condor.fabbricaweb.com.br\\\/wp-content\\\/uploads\\\/2021\\\/08\\\/WhatsApp-Image-2021-08-12-at-09.09.50.jpeg\",\"datePublished\":\"2021-08-12T12:49:03+00:00\",\"dateModified\":\"2026-08-24T15:11:20+00:00\",\"breadcrumb\":{\"@id\":\"https:\\\/\\\/condor.fabbricaweb.com.br\\\/pt\\\/efeito-do-sono-na-composicao-corporal\\\/#breadcrumb\"},\"inLanguage\":\"pt-BR\",\"potentialAction\":[{\"@type\":\"ReadAction\",\"target\":[\"https:\\\/\\\/condor.fabbricaweb.com.br\\\/pt\\\/efeito-do-sono-na-composicao-corporal\\\/\"]}]},{\"@type\":\"ImageObject\",\"inLanguage\":\"pt-BR\",\"@id\":\"https:\\\/\\\/condor.fabbricaweb.com.br\\\/pt\\\/efeito-do-sono-na-composicao-corporal\\\/#primaryimage\",\"url\":\"https:\\\/\\\/condor.fabbricaweb.com.br\\\/wp-content\\\/uploads\\\/2021\\\/08\\\/WhatsApp-Image-2021-08-12-at-09.09.50.jpeg\",\"contentUrl\":\"https:\\\/\\\/condor.fabbricaweb.com.br\\\/wp-content\\\/uploads\\\/2021\\\/08\\\/WhatsApp-Image-2021-08-12-at-09.09.50.jpeg\",\"width\":720,\"height\":600},{\"@type\":\"BreadcrumbList\",\"@id\":\"https:\\\/\\\/condor.fabbricaweb.com.br\\\/pt\\\/efeito-do-sono-na-composicao-corporal\\\/#breadcrumb\",\"itemListElement\":[{\"@type\":\"ListItem\",\"position\":1,\"name\":\"Home\",\"item\":\"https:\\\/\\\/condor.fabbricaweb.com.br\\\/pt\\\/\"},{\"@type\":\"ListItem\",\"position\":2,\"name\":\"Circadian Rhythm and Health\",\"item\":\"https:\\\/\\\/condor.fabbricaweb.com.br\\\/pt\\\/category\\\/circadian-rhythm-and-health\\\/\"},{\"@type\":\"ListItem\",\"position\":3,\"name\":\"The Effect of Sleep on Body Composition\"}]},{\"@type\":\"WebSite\",\"@id\":\"https:\\\/\\\/condor.fabbricaweb.com.br\\\/pt\\\/#website\",\"url\":\"https:\\\/\\\/condor.fabbricaweb.com.br\\\/pt\\\/\",\"name\":\"Condor Instruments\",\"description\":\"\",\"publisher\":{\"@id\":\"https:\\\/\\\/condor.fabbricaweb.com.br\\\/pt\\\/#organization\"},\"potentialAction\":[{\"@type\":\"SearchAction\",\"target\":{\"@type\":\"EntryPoint\",\"urlTemplate\":\"https:\\\/\\\/condor.fabbricaweb.com.br\\\/pt\\\/?s={search_term_string}\"},\"query-input\":{\"@type\":\"PropertyValueSpecification\",\"valueRequired\":true,\"valueName\":\"search_term_string\"}}],\"inLanguage\":\"pt-BR\"},{\"@type\":\"Organization\",\"@id\":\"https:\\\/\\\/condor.fabbricaweb.com.br\\\/pt\\\/#organization\",\"name\":\"Condor Instruments\",\"alternateName\":\"Condor\",\"url\":\"https:\\\/\\\/condor.fabbricaweb.com.br\\\/pt\\\/\",\"logo\":{\"@type\":\"ImageObject\",\"inLanguage\":\"pt-BR\",\"@id\":\"https:\\\/\\\/condor.fabbricaweb.com.br\\\/pt\\\/#\\\/schema\\\/logo\\\/image\\\/\",\"url\":\"https:\\\/\\\/condor.fabbricaweb.com.br\\\/wp-content\\\/uploads\\\/2025\\\/04\\\/Condor-Logo-1.png\",\"contentUrl\":\"https:\\\/\\\/condor.fabbricaweb.com.br\\\/wp-content\\\/uploads\\\/2025\\\/04\\\/Condor-Logo-1.png\",\"width\":780,\"height\":215,\"caption\":\"Condor Instruments\"},\"image\":{\"@id\":\"https:\\\/\\\/condor.fabbricaweb.com.br\\\/pt\\\/#\\\/schema\\\/logo\\\/image\\\/\"},\"sameAs\":[\"https:\\\/\\\/www.youtube.com\\\/channel\\\/UC9uxCFtNC_-bNvegdf6ltRQ\",\"https:\\\/\\\/www.instagram.com\\\/instruments_condor\\\/\",\"https:\\\/\\\/www.linkedin.com\\\/company\\\/condorinst\"]},{\"@type\":\"Person\",\"@id\":\"https:\\\/\\\/condor.fabbricaweb.com.br\\\/pt\\\/#\\\/schema\\\/person\\\/86cd767bdd3b9c879fa81c8ceecb2aab\",\"name\":\"Condor\",\"image\":{\"@type\":\"ImageObject\",\"inLanguage\":\"pt-BR\",\"@id\":\"https:\\\/\\\/condor.fabbricaweb.com.br\\\/pt\\\/wp-content\\\/litespeed\\\/avatar\\\/3f0be2e0a7483e4b792e094c853fb6ca.jpg\\\/?ver=1788209426\",\"url\":\"https:\\\/\\\/condor.fabbricaweb.com.br\\\/pt\\\/wp-content\\\/litespeed\\\/avatar\\\/3f0be2e0a7483e4b792e094c853fb6ca.jpg\\\/?ver=1788209426\",\"contentUrl\":\"https:\\\/\\\/condor.fabbricaweb.com.br\\\/pt\\\/wp-content\\\/litespeed\\\/avatar\\\/3f0be2e0a7483e4b792e094c853fb6ca.jpg\\\/?ver=1788209426\",\"caption\":\"Condor\"},\"url\":\"https:\\\/\\\/condor.fabbricaweb.com.br\\\/pt\\\/author\\\/condor\\\/\"}]}<\/script>\n<!-- \/ Yoast SEO plugin. -->","yoast_head_json":{"title":"The Effect of Sleep on Body Composition - Condor Instruments","robots":{"index":"noindex","follow":"follow","max-snippet":"max-snippet:-1","max-image-preview":"max-image-preview:large","max-video-preview":"max-video-preview:-1"},"og_locale":"pt_BR","og_type":"article","og_title":"The Effect of Sleep on Body Composition - Condor Instruments","og_description":"Definition of sleep Sleep is a behavioral state with well-defined physiological characteristics. Similar to hibernation, tonic immobility, coma or general anesthesia, sleep is the only state that simultaneously presents reduced responsiveness, rapid reversibility and is homeostatically regulated (Anafi, Kayser, &amp; Raizen, 2019). During sleep, the living being is physically vulnerable, considering the low capacity to [&hellip;]","og_url":"https:\/\/condor.fabbricaweb.com.br\/pt\/efeito-do-sono-na-composicao-corporal\/","og_site_name":"Condor Instruments","article_published_time":"2021-08-12T12:49:03+00:00","article_modified_time":"2026-08-24T15:11:20+00:00","og_image":[{"width":720,"height":600,"url":"https:\/\/condor.fabbricaweb.com.br\/wp-content\/uploads\/2021\/08\/WhatsApp-Image-2021-08-12-at-09.09.50.jpeg","type":"image\/jpeg"}],"author":"Condor","twitter_card":"summary_large_image","twitter_misc":{"Escrito por":"Condor","Est. tempo de leitura":"7 minutos"},"schema":{"@context":"https:\/\/schema.org","@graph":[{"@type":"Article","@id":"https:\/\/condor.fabbricaweb.com.br\/pt\/efeito-do-sono-na-composicao-corporal\/#article","isPartOf":{"@id":"https:\/\/condor.fabbricaweb.com.br\/pt\/efeito-do-sono-na-composicao-corporal\/"},"author":{"name":"Condor","@id":"https:\/\/condor.fabbricaweb.com.br\/pt\/#\/schema\/person\/86cd767bdd3b9c879fa81c8ceecb2aab"},"headline":"The Effect of Sleep on Body Composition","datePublished":"2021-08-12T12:49:03+00:00","dateModified":"2026-08-24T15:11:20+00:00","mainEntityOfPage":{"@id":"https:\/\/condor.fabbricaweb.com.br\/pt\/efeito-do-sono-na-composicao-corporal\/"},"wordCount":1278,"commentCount":0,"publisher":{"@id":"https:\/\/condor.fabbricaweb.com.br\/pt\/#organization"},"image":{"@id":"https:\/\/condor.fabbricaweb.com.br\/pt\/efeito-do-sono-na-composicao-corporal\/#primaryimage"},"thumbnailUrl":"https:\/\/condor.fabbricaweb.com.br\/wp-content\/uploads\/2021\/08\/WhatsApp-Image-2021-08-12-at-09.09.50.jpeg","articleSection":["Circadian Rhythm and Health","Sleep and Health"],"inLanguage":"pt-BR","potentialAction":[{"@type":"CommentAction","name":"Comment","target":["https:\/\/condor.fabbricaweb.com.br\/pt\/efeito-do-sono-na-composicao-corporal\/#respond"]}]},{"@type":"WebPage","@id":"https:\/\/condor.fabbricaweb.com.br\/pt\/efeito-do-sono-na-composicao-corporal\/","url":"https:\/\/condor.fabbricaweb.com.br\/pt\/efeito-do-sono-na-composicao-corporal\/","name":"The Effect of Sleep on Body Composition - Condor Instruments","isPartOf":{"@id":"https:\/\/condor.fabbricaweb.com.br\/pt\/#website"},"primaryImageOfPage":{"@id":"https:\/\/condor.fabbricaweb.com.br\/pt\/efeito-do-sono-na-composicao-corporal\/#primaryimage"},"image":{"@id":"https:\/\/condor.fabbricaweb.com.br\/pt\/efeito-do-sono-na-composicao-corporal\/#primaryimage"},"thumbnailUrl":"https:\/\/condor.fabbricaweb.com.br\/wp-content\/uploads\/2021\/08\/WhatsApp-Image-2021-08-12-at-09.09.50.jpeg","datePublished":"2021-08-12T12:49:03+00:00","dateModified":"2026-08-24T15:11:20+00:00","breadcrumb":{"@id":"https:\/\/condor.fabbricaweb.com.br\/pt\/efeito-do-sono-na-composicao-corporal\/#breadcrumb"},"inLanguage":"pt-BR","potentialAction":[{"@type":"ReadAction","target":["https:\/\/condor.fabbricaweb.com.br\/pt\/efeito-do-sono-na-composicao-corporal\/"]}]},{"@type":"ImageObject","inLanguage":"pt-BR","@id":"https:\/\/condor.fabbricaweb.com.br\/pt\/efeito-do-sono-na-composicao-corporal\/#primaryimage","url":"https:\/\/condor.fabbricaweb.com.br\/wp-content\/uploads\/2021\/08\/WhatsApp-Image-2021-08-12-at-09.09.50.jpeg","contentUrl":"https:\/\/condor.fabbricaweb.com.br\/wp-content\/uploads\/2021\/08\/WhatsApp-Image-2021-08-12-at-09.09.50.jpeg","width":720,"height":600},{"@type":"BreadcrumbList","@id":"https:\/\/condor.fabbricaweb.com.br\/pt\/efeito-do-sono-na-composicao-corporal\/#breadcrumb","itemListElement":[{"@type":"ListItem","position":1,"name":"Home","item":"https:\/\/condor.fabbricaweb.com.br\/pt\/"},{"@type":"ListItem","position":2,"name":"Circadian Rhythm and Health","item":"https:\/\/condor.fabbricaweb.com.br\/pt\/category\/circadian-rhythm-and-health\/"},{"@type":"ListItem","position":3,"name":"The Effect of Sleep on Body Composition"}]},{"@type":"WebSite","@id":"https:\/\/condor.fabbricaweb.com.br\/pt\/#website","url":"https:\/\/condor.fabbricaweb.com.br\/pt\/","name":"Condor Instruments","description":"","publisher":{"@id":"https:\/\/condor.fabbricaweb.com.br\/pt\/#organization"},"potentialAction":[{"@type":"SearchAction","target":{"@type":"EntryPoint","urlTemplate":"https:\/\/condor.fabbricaweb.com.br\/pt\/?s={search_term_string}"},"query-input":{"@type":"PropertyValueSpecification","valueRequired":true,"valueName":"search_term_string"}}],"inLanguage":"pt-BR"},{"@type":"Organization","@id":"https:\/\/condor.fabbricaweb.com.br\/pt\/#organization","name":"Condor Instruments","alternateName":"Condor","url":"https:\/\/condor.fabbricaweb.com.br\/pt\/","logo":{"@type":"ImageObject","inLanguage":"pt-BR","@id":"https:\/\/condor.fabbricaweb.com.br\/pt\/#\/schema\/logo\/image\/","url":"https:\/\/condor.fabbricaweb.com.br\/wp-content\/uploads\/2025\/04\/Condor-Logo-1.png","contentUrl":"https:\/\/condor.fabbricaweb.com.br\/wp-content\/uploads\/2025\/04\/Condor-Logo-1.png","width":780,"height":215,"caption":"Condor Instruments"},"image":{"@id":"https:\/\/condor.fabbricaweb.com.br\/pt\/#\/schema\/logo\/image\/"},"sameAs":["https:\/\/www.youtube.com\/channel\/UC9uxCFtNC_-bNvegdf6ltRQ","https:\/\/www.instagram.com\/instruments_condor\/","https:\/\/www.linkedin.com\/company\/condorinst"]},{"@type":"Person","@id":"https:\/\/condor.fabbricaweb.com.br\/pt\/#\/schema\/person\/86cd767bdd3b9c879fa81c8ceecb2aab","name":"Condor","image":{"@type":"ImageObject","inLanguage":"pt-BR","@id":"https:\/\/condor.fabbricaweb.com.br\/pt\/wp-content\/litespeed\/avatar\/3f0be2e0a7483e4b792e094c853fb6ca.jpg\/?ver=1788209426","url":"https:\/\/condor.fabbricaweb.com.br\/pt\/wp-content\/litespeed\/avatar\/3f0be2e0a7483e4b792e094c853fb6ca.jpg\/?ver=1788209426","contentUrl":"https:\/\/condor.fabbricaweb.com.br\/pt\/wp-content\/litespeed\/avatar\/3f0be2e0a7483e4b792e094c853fb6ca.jpg\/?ver=1788209426","caption":"Condor"},"url":"https:\/\/condor.fabbricaweb.com.br\/pt\/author\/condor\/"}]}},"_links":{"self":[{"href":"https:\/\/condor.fabbricaweb.com.br\/pt\/wp-json\/wp\/v2\/posts\/34351","targetHints":{"allow":["GET"]}}],"collection":[{"href":"https:\/\/condor.fabbricaweb.com.br\/pt\/wp-json\/wp\/v2\/posts"}],"about":[{"href":"https:\/\/condor.fabbricaweb.com.br\/pt\/wp-json\/wp\/v2\/types\/post"}],"author":[{"embeddable":true,"href":"https:\/\/condor.fabbricaweb.com.br\/pt\/wp-json\/wp\/v2\/users\/3"}],"replies":[{"embeddable":true,"href":"https:\/\/condor.fabbricaweb.com.br\/pt\/wp-json\/wp\/v2\/comments?post=34351"}],"version-history":[{"count":1,"href":"https:\/\/condor.fabbricaweb.com.br\/pt\/wp-json\/wp\/v2\/posts\/34351\/revisions"}],"predecessor-version":[{"id":58069,"href":"https:\/\/condor.fabbricaweb.com.br\/pt\/wp-json\/wp\/v2\/posts\/34351\/revisions\/58069"}],"wp:featuredmedia":[{"embeddable":true,"href":"https:\/\/condor.fabbricaweb.com.br\/pt\/wp-json\/wp\/v2\/media\/34352"}],"wp:attachment":[{"href":"https:\/\/condor.fabbricaweb.com.br\/pt\/wp-json\/wp\/v2\/media?parent=34351"}],"wp:term":[{"taxonomy":"category","embeddable":true,"href":"https:\/\/condor.fabbricaweb.com.br\/pt\/wp-json\/wp\/v2\/categories?post=34351"},{"taxonomy":"post_tag","embeddable":true,"href":"https:\/\/condor.fabbricaweb.com.br\/pt\/wp-json\/wp\/v2\/tags?post=34351"}],"curies":[{"name":"wp","href":"https:\/\/api.w.org\/{rel}","templated":true}]}}