{"id":34558,"date":"2021-09-16T10:00:52","date_gmt":"2021-09-16T13:00:52","guid":{"rendered":"https:\/\/condor.fabbricaweb.com.br\/?p=34558"},"modified":"2026-08-24T12:11:23","modified_gmt":"2026-08-24T15:11:23","slug":"diario-do-sono-5","status":"publish","type":"post","link":"https:\/\/condor.fabbricaweb.com.br\/pt\/diario-do-sono-5\/","title":{"rendered":"Di\u00e1rio do sono"},"content":{"rendered":"<figure class=\"wp-block-image alignright size-large is-resized\"><img fetchpriority=\"high\" decoding=\"async\" src=\"https:\/\/condor.fabbricaweb.com.br\/wp-content\/uploads\/2021\/10\/app2.png\" alt=\"\" class=\"wp-image-34575\" width=\"350\" height=\"292\" srcset=\"https:\/\/condor.fabbricaweb.com.br\/wp-content\/uploads\/2021\/10\/app2.png 464w, https:\/\/condor.fabbricaweb.com.br\/wp-content\/uploads\/2021\/10\/app2-300x250.png 300w\" sizes=\"(max-width: 350px) 100vw, 350px\" \/><figcaption class=\"wp-element-caption\">Di\u00e1rio do sono<\/figcaption><\/figure>\n\n\n\n<p class=\"wp-block-paragraph\">O sono \u00e9 uma necessidade fisiol\u00f3gica e, portanto, a priva\u00e7\u00e3o e\/ou restri\u00e7\u00e3o de sono acarreta diversos malef\u00edcios \u00e0 sa\u00fade, como maior propens\u00e3o a doen\u00e7as cardiovasculares e metab\u00f3licas, redu\u00e7\u00e3o geral do sistema imunol\u00f3gico, desequil\u00edbrios hormonais e desenvolvimento de doen\u00e7as mentais como depress\u00e3o e ansiedade (<a href=\"#_ENREF_17\">TASKAR; HIRSHKOWITZ, 2003<\/a>). Contudo, grande parte da popula\u00e7\u00e3o n\u00e3o atinge o tempo total de sono adequado e\/ou qualidade do sono satisfat\u00f3ria (<a href=\"#_ENREF_1\">BUYSSE; ANCOLI-ISRAEL; EDINGER; LICHSTEIN<em> et al.<\/em>, 2006<\/a>) e este cen\u00e1rio n\u00e3o \u00e9 diferente no Brasil. Estudos realizados indicam que a presen\u00e7a de queixas de sono como ronco, pesadelos, bruxismo, chutar as pernas enquanto dorme, sonambulismo e sonol\u00eancia diurna aumentam significativamente a cada d\u00e9cada (<a href=\"#_ENREF_13\">SANTOS-SILVA; BITTENCOURT; PIRES; DE MELLO<em> et al.<\/em>, 2010<\/a>). Al\u00e9m disso, foi observado atrav\u00e9s de avalia\u00e7\u00e3o com polissonografia que a s\u00edndrome da apneia obstrutiva do sono atinge cerca de 32.8% da popula\u00e7\u00e3o (<a href=\"#_ENREF_19\">TUFIK; SANTOS-SILVA; TADDEI; BITTENCOURT, 2010<\/a>). Da mesma forma, 32% da popula\u00e7\u00e3o \u00e9 acometida pela ins\u00f4nia (<a href=\"#_ENREF_3\">CASTRO; POYARES; LEGER; BITTENCOURT<em> et al.<\/em>, 2013<\/a>). Considerando estes dados, \u00e9 importante que o sono da popula\u00e7\u00e3o seja avaliado com o objetivo de melhorar a sa\u00fade geral e qualidade de vida.<\/p>\n\n\n\n<p class=\"wp-block-paragraph\">Neste aspecto, \u00e9 poss\u00edvel avaliar o sono atrav\u00e9s da polissonografia, que consiste em eletroencefalograma, eletrooculograma, eletromiograma do queixo e pernas, eletrocardiograma, c\u00e2nula nasal, cinta abdominal, ox\u00edmetro e sensor de ronco. Com isto, \u00e9 poss\u00edvel determinar de forma objetiva o percentual de tempo que o paciente fica em cada est\u00e1gio de sono, assim como determinar a presen\u00e7a de dist\u00farbios de sono como apneia obstrutiva, apneia central, movimento peri\u00f3dico das pernas, bruxismo, entre outros. Por este motivo, a polissonografia \u00e9 o padr\u00e3o ouro para identificar o padr\u00e3o de sono, assim como presen\u00e7a de dist\u00farbios de sono (<a href=\"#_ENREF_5\">CHESSON; FERBER; FRY; GRIGG-DAMBERGER<em> et al.<\/em>, 1997<\/a>). Para a realiza\u00e7\u00e3o deste exame, existe a op\u00e7\u00e3o de o paciente se deslocar at\u00e9 a cl\u00ednica de sono e dormir no local e, durante o per\u00edodo de sono, profissionais capacitados ficam em sala paralela fazendo a leitura dos dados do paciente em tempo real. Apesar de ser considerada o padr\u00e3o ouro, a polissonografia apresenta as desvantagens de interferir na rotina de sono do participante e possuir custo elevado.<\/p>\n\n\n\n<figure class=\"wp-block-image alignleft size-large is-resized\"><img decoding=\"async\" src=\"https:\/\/condor.fabbricaweb.com.br\/wp-content\/uploads\/2021\/08\/Condor-maioACTIGRAFO-768x768-1.png\" alt=\"\" class=\"wp-image-34123\" width=\"454\" height=\"454\" srcset=\"https:\/\/condor.fabbricaweb.com.br\/wp-content\/uploads\/2021\/08\/Condor-maioACTIGRAFO-768x768-1.png 768w, https:\/\/condor.fabbricaweb.com.br\/wp-content\/uploads\/2021\/08\/Condor-maioACTIGRAFO-768x768-1-300x300.png 300w\" sizes=\"(max-width: 454px) 100vw, 454px\" \/><\/figure>\n\n\n\n<p class=\"wp-block-paragraph\">A actigrafia ou actimetria \u00e9 uma t\u00e9cnica que tamb\u00e9m pode ser utilizada para an\u00e1lise do sono. O act\u00edgrafo \u00e9 um equipamento semelhante a um rel\u00f3gio de punho e cont\u00e9m um aceler\u00f4metro, um sensor de luz e alguns modelos cont\u00e9m sensores de temperatura. Com isto, \u00e9 poss\u00edvel estimar de forma n\u00e3o invasiva os per\u00edodos de sono do paciente (<a href=\"#_ENREF_12\">SADEH, 2011<\/a>). A grande vantagem do act\u00edgrafo \u00e9 o conforto e praticidade proporcionado pelo seu uso e, por este motivo, os exames podem ser mais longos, mas geralmente o tempo utilizado varia entre 7 e 28 dias. Assim, a actigrafia \u00e9 tamb\u00e9m uma t\u00e9cnica eficaz para determina\u00e7\u00e3o do ritmo biol\u00f3gico do paciente. De maneira similar \u00e0 polissonografia, uma desvantagem desta t\u00e9cnica \u00e9 o custo relativamente alto e dificuldade para analisar um volume elevado de pessoas ao mesmo tempo pela necessidade e possuir o equipamento.<\/p>\n\n\n\n<p class=\"wp-block-paragraph\">Por fim, \u00e9 poss\u00edvel analisar o sono atrav\u00e9s de question\u00e1rios e di\u00e1rios de sono. Os question\u00e1rios apresentam a praticidade de serem respondidos uma \u00fanica vez, e apresentam quest\u00f5es relativas ao sono convencional. Por outro lado, os di\u00e1rios de sono s\u00e3o instrumentos que devem ser respondidos diariamente e, por este motivo, tendem a apresentar estimativas mais fidedignas do que os question\u00e1rios. Assim, o objetivo do di\u00e1rio de sono \u00e9 realizar o registro de h\u00e1bitos de sono, assim como hor\u00e1rios de dormir e acordar e atividades realizadas durante o dia. A principal vantagem do di\u00e1rio de sono \u00e9 o baixo custo e possibilidade de avaliar v\u00e1rias pessoas ao mesmo tempo.<\/p>\n\n\n\n<p class=\"wp-block-paragraph\">N\u00e3o somente, o di\u00e1rio de sono \u00e9 fortemente indicado para realizar o diagn\u00f3stico da ins\u00f4nia. A Associa\u00e7\u00e3o Americana de Psiquiatria caracteriza a ins\u00f4nia como um dist\u00farbio subjetivo, ou seja, o diagn\u00f3stico \u00e9 realizado baseado no relato do paciente a respeito da dificuldade relacionada ao sono, ou de acordar sem se sentir plenamente recuperado. Al\u00e9m disso, a avalia\u00e7\u00e3o com polissonografia pode acarretar piora da qualidade de sono devido \u00e0 visita ao laborat\u00f3rio (<a href=\"#_ENREF_7\">EDINGER; FINS; SULLIVAN JR; MARSH<em> et al.<\/em>, 1997<\/a>). De maneira similar, a actigrafia tamb\u00e9m n\u00e3o \u00e9 uma t\u00e9cnica eficaz para diagn\u00f3stico da ins\u00f4nia, pois os pacientes com este dist\u00farbio tendem a ficar im\u00f3veis por muito tempo tentando iniciar o sono, fato que pode levar \u00e0 m\u00e1 interpreta\u00e7\u00e3o dos dados (<a href=\"#_ENREF_4\">CHAMBERS, 1994<\/a>). O question\u00e1rio de severidade de ins\u00f4nia \u00e9 uma ferramenta eficaz para analisar o grau de severidade da ins\u00f4nia, mas carece de informa\u00e7\u00f5es importantes para an\u00e1lise do sono, como o tempo total de sono, lat\u00eancia para in\u00edcio de sono, n\u00famero de despertares e tempo acordado durante a noite (<a href=\"#_ENREF_11\">MORIN, 1993<\/a>). Por estes motivos, o di\u00e1rio de sono \u00e9 considerado o padr\u00e3o ouro para an\u00e1lise subjetiva do sono.<\/p>\n\n\n\n<p class=\"wp-block-paragraph\">Assim, diversos modelos de di\u00e1rio de sono surgiram ao longo dos anos, e isto dificulta a correta interpreta\u00e7\u00e3o dos dados, que por sua vez leva \u00e0 dificuldade de traduzir os achados cient\u00edficos para a pr\u00e1tica cl\u00ednica. Para solucionar este problema, foi reunida uma comiss\u00e3o com o objetivo de propor uma padroniza\u00e7\u00e3o &nbsp;para o di\u00e1rio de sono (<a href=\"#_ENREF_2\">CARNEY; BUYSSE; ANCOLI-ISRAEL; EDINGER<em> et al.<\/em>, 2012<\/a>). A confer\u00eancia contou com a participa\u00e7\u00e3o de diversos especialistas em sono e ins\u00f4nia. Todos os especialistas envolvidos concordaram que o modelo seria constru\u00eddo especificamente para pacientes com queixas de ins\u00f4nia, mas que tamb\u00e9m serviria para utiliza\u00e7\u00e3o em pacientes com outros dist\u00farbios de sono, assim como para avalia\u00e7\u00e3o de sono de bons dormidores. Assim, foram constru\u00eddos tr\u00eas modelos. Um modelo se refere ao n\u00facleo do di\u00e1rio de sono, e cont\u00e9m quest\u00f5es que s\u00e3o consideradas primordiais. Os outros modelos possuem quest\u00f5es extras relacionadas \u00e0s atividades realizadas no dia a dia.<\/p>\n\n\n\n<h2 class=\"wp-block-heading\"><em>O modelo de di\u00e1rio de sono<\/em><\/h2>\n\n\n\n<p class=\"wp-block-paragraph\">O n\u00facleo do modelo cont\u00e9m as seguintes quest\u00f5es: (a) A que horas voc\u00ea foi para a cama?; (b) A que horas voc\u00ea tentou dormir?; (c) Quanto tempo voc\u00ea levou para dormir?; (d) Quantas vezes voc\u00ea acordou durante o sono?; (e) No total, quanto tempo duraram estes despertares?; (f) A que horas voc\u00ea se levantou da cama hoje?; (g) Como voc\u00ea classificaria a qualidade de seu sono? (Escala Likert com as op\u00e7\u00f5es: muito ruim, ruim, moderado, bom e muito bom); (h) Coment\u00e1rios adicionais. Este modelo deve ser respondido em at\u00e9 uma hora ap\u00f3s o despertar e, caso esta instru\u00e7\u00e3o n\u00e3o seja seguida, aquele dia n\u00e3o deve ser preenchido.<\/p>\n\n\n\n<p class=\"wp-block-paragraph\">Os outros dois modelos possuem as seguintes instru\u00e7\u00f5es: o modelo manh\u00e3 deve ser plenamente preenchido ao acordar, enquanto o modelo noite deve ter as quest\u00f5es compartilhadas respondidas ao acordar, e as quest\u00f5es relacionadas \u00e0s atividades do dia a dia devem ser respondidas antes de se deitar para dormir. As quest\u00f5es inclu\u00eddas nestes modelos s\u00e3o:<\/p>\n\n\n\n<p class=\"wp-block-paragraph\"><strong>Quest\u00f5es compartilhadas<\/strong>: (a) A que horas voc\u00ea foi para a cama?; (b) A que horas voc\u00ea tentou iniciar o sono?; (c) Quanto tempo levou para voc\u00ea pegar no sono?; (d) Quantas vezes voc\u00ea acordou durante a noite, sem considerar seu despertar final?; (e) No total, quanto tempo duraram estes despertares?; (f) A que horas foi o seu \u00faltimo despertar? (g) Ap\u00f3s seu \u00faltimo despertar, quanto tempo voc\u00ea ficou na cama tentando adormecer novamente?; (h) Voc\u00ea acordou mais cedo do que o planejado? (i) Se sim, quanto tempo mais cedo?; (j) A que horas voc\u00ea saiu da cama hoje?; (k) No total, quanto tempo voc\u00ea dormiu?; (l) Como voc\u00ea classificaria a qualidade de seu sono? (Escala Likert com as op\u00e7\u00f5es: muito ruim, ruim, moderado, bom e muito bom); (m) O qu\u00e3o descansado ou recuperado voc\u00ea se sentiu quando acordou hoje? (Escala Likert com as op\u00e7\u00f5es: nem um pouco descansado, pouco descansado, descansado, bem descansado, muito bem descansado); (n) Quantas vezes voc\u00ea cochilou?; (o) No total, quanto tempo duraram os cochilos?.<\/p>\n\n\n\n<p class=\"wp-block-paragraph\"><strong>Quest\u00f5es extras<\/strong>: (a) Quantas por\u00e7\u00f5es de bebidas alco\u00f3licas voc\u00ea ingeriu?; (b) A que horas voc\u00ea ingeriu a \u00faltima por\u00e7\u00e3o?; (c) Quantas por\u00e7\u00f5es de bebidas cafeinadas (caf\u00e9, ch\u00e1, refrigerante ou energ\u00e9tico) voc\u00ea ingeriu?; (d) A que horas voc\u00ea ingeriu a \u00faltima por\u00e7\u00e3o?; (e) Voc\u00ea ingeriu algum medicamento prescrito ou por conta pr\u00f3pria para te ajudar com o sono? Se sim, liste o(s) medicamento(s), dosagem e hor\u00e1rio de ingest\u00e3o; (f) Coment\u00e1rios (se aplic\u00e1vel).<\/p>\n\n\n\n<p class=\"wp-block-paragraph\">Ou seja, no modelo manh\u00e3 tanto as quest\u00f5es compartilhadas quanto as quest\u00f5es extras devem ser respondidas em at\u00e9 uma hora ap\u00f3s o despertar. No modelo noite, as quest\u00f5es compartilhadas devem ser respondidas em at\u00e9 uma hora ap\u00f3s o despertar e as quest\u00f5es extras devem ser respondidas antes de se deitar para dormir.<\/p>\n\n\n\n<h2 class=\"wp-block-heading\"><em>Por quantos dias o di\u00e1rio de sono deve ser preenchido?<\/em><\/h2>\n\n\n\n<figure class=\"wp-block-image alignright size-large is-resized\"><img decoding=\"async\" src=\"https:\/\/condor.fabbricaweb.com.br\/wp-content\/uploads\/2021\/07\/diario-do-sono.jpg\" alt=\"\" class=\"wp-image-34485\" width=\"480\" height=\"480\" srcset=\"https:\/\/condor.fabbricaweb.com.br\/wp-content\/uploads\/2021\/07\/diario-do-sono.jpg 1024w, https:\/\/condor.fabbricaweb.com.br\/wp-content\/uploads\/2021\/07\/diario-do-sono-300x300.jpg 300w, https:\/\/condor.fabbricaweb.com.br\/wp-content\/uploads\/2021\/07\/diario-do-sono-768x768.jpg 768w\" sizes=\"(max-width: 480px) 100vw, 480px\" \/><\/figure>\n\n\n\n<p class=\"wp-block-paragraph\">O di\u00e1rio de sono deve ser utilizado por um per\u00edodo suficiente para que os dados obtidos n\u00e3o sejam interpretados de forma indevida, interferindo na an\u00e1lise realizada. \u00c9 importante frisar que cada objetivo exigir\u00e1 uma an\u00e1lise distinta. Portanto, ainda n\u00e3o h\u00e1 consenso sobre o tempo de uso do di\u00e1rio de sono. Alguns autores usaram o di\u00e1rio de sono por menos de uma semana (<a href=\"#_ENREF_9\">KAWADA, 2008<\/a>), enquanto outros autores usaram por 7 dias ou mais (<a href=\"#_ENREF_10\">MONK; BUYSSE; KENNEDY; POTTS<em> et al.<\/em>, 2003<\/a>; <a href=\"#_ENREF_15\">SHORT; GRADISAR; LACK; WRIGHT<em> et al.<\/em>, 2012<\/a>).<\/p>\n\n\n\n<p class=\"wp-block-paragraph\">Visando identificar o tempo de utiliza\u00e7\u00e3o adequado para adolescentes, foi realizado &nbsp;um estudo com participantes de diferentes localidades e culturas (Australia, Qatar, Reino Unido e Estados Unidos)(<a href=\"#_ENREF_14\">SHORT; ARORA; GRADISAR; TAHERI<em> et al.<\/em>, 2017<\/a>). Os resultados demonstram que o tempo de registro m\u00ednimo parece ser de 5 noites, mas este resultado \u00e9 dependente do pa\u00eds de origem. Al\u00e9m disto, o estudo n\u00e3o contou com participantes brasileiros ou da am\u00e9rica latina.<\/p>\n\n\n\n<p class=\"wp-block-paragraph\">De maneira similar, outro estudo &nbsp;avaliou estudantes universit\u00e1rios com o objetivo de identificar o tempo adequado de utiliza\u00e7\u00e3o do di\u00e1rio de sono (<a href=\"#_ENREF_6\">DE ALCANTARA BORBA; REIS; DE MELO LIMA; FACUNDO<em> et al.<\/em>, 2020<\/a>). To do this, the participants filled in the sleep diary for 28 days. As expected, the results suggest that the longer the sleep diary is used, the more reliable the data obtained. However, it is possible to use it for just 7 days if desired.<\/p>\n\n\n\n<h2 class=\"wp-block-heading\"><em>Di\u00e1rio de sono eletr\u00f4nico e di\u00e1rio de sono impresso, qual \u00e9 melhor?<\/em><\/h2>\n\n\n\n<p class=\"wp-block-paragraph\">Com o advento da tecnologia, \u00e9 poss\u00edvel ter acesso ao preenchimento do di\u00e1rio de sono na palma da m\u00e3o em um smartphone ou tablet. Assim, o di\u00e1rio de sono eletr\u00f4nico apresenta algumas vantagens, como: (a) automonitoramento do sono, permitindo que o paciente tenha a oportunidade de compartilhar a tomada de decis\u00e3o com m\u00e9dicos; (b) aumentar a probabilidade de preenchimento do di\u00e1rio de sono atrav\u00e9s de lembretes autom\u00e1ticos; (c) evitar que os pacientes realizem preenchimento retroativo; (d) reduz o tempo de obten\u00e7\u00e3o e an\u00e1lise dos dados (<a href=\"#_ENREF_8\">GARTENBERG; THORNTON; MASOOD; PFANNENSTIEL<em> et al.<\/em>, 2013<\/a>; <a href=\"#_ENREF_16\">STONE; SHIFFMAN; SCHWARTZ; BRODERICK<em> et al.<\/em>, 2002<\/a>).<\/p>\n\n\n\n<p class=\"wp-block-paragraph\">Com o objetivo de analisar a diferen\u00e7a entre os dados obtidos atrav\u00e9s do di\u00e1rio de sono eletr\u00f4nico e impresso, 15 volunt\u00e1rios adultos e saud\u00e1veis foram submetidos a um estudo (<a href=\"#_ENREF_18\">TONETTI; MINGOZZI; NATALE, 2016<\/a>). Os resultados encontrados sugerem que n\u00e3o h\u00e1 diferen\u00e7a entre os dados registrados em di\u00e1rio de sono eletr\u00f4nico e di\u00e1rio de sono impresso. Portanto, considerando as vantagens do di\u00e1rio de sono eletr\u00f4nico, este parece ser superior ao di\u00e1rio de sono impresso. Contudo, uma limita\u00e7\u00e3o do estudo foi a utiliza\u00e7\u00e3o de adultos saud\u00e1veis, o que impede a generaliza\u00e7\u00e3o dos resultados para popula\u00e7\u00f5es com dist\u00farbios de sono ou pacientes de outras faixas et\u00e1rias.<\/p>\n\n\n\n<p class=\"wp-block-paragraph\">Visando facilitar o processo de preenchimento e an\u00e1lise de dados, a Condor oferece um aplicativo que permite ao paciente realizar o preenchimento do di\u00e1rio de sono em seu celular pessoal. Os benef\u00edcios da utiliza\u00e7\u00e3o s\u00e3o a praticidade oferecida ao paciente, a impossibilidade de preenchimento retroativo, an\u00e1lises autom\u00e1ticas das vari\u00e1veis relacionadas ao sono, acompanhamento em tempo real e gera\u00e7\u00e3o de gr\u00e1ficos autom\u00e1ticos que ajudam na visualiza\u00e7\u00e3o dos resultados.<\/p>\n\n\n\n<h2 class=\"wp-block-heading\"><strong>Considera\u00e7\u00f5es finais<\/strong><\/h2>\n\n\n\n<p class=\"wp-block-paragraph\">O di\u00e1rio de sono \u00e9 uma ferramenta eficaz para a identifica\u00e7\u00e3o do padr\u00e3o de sono tanto de bons dormidores como de pacientes com dist\u00farbios de sono. Al\u00e9m disso, por ter baixo custo e f\u00e1cil utiliza\u00e7\u00e3o, permite avaliar grande volume de pessoas ao mesmo tempo. \u00c9 indicado especialmente para realizar o diagn\u00f3stico da ins\u00f4nia, visto que polissonografia e actigrafia n\u00e3o s\u00e3o espec\u00edficas para este dist\u00farbio. N\u00e3o somente, a utiliza\u00e7\u00e3o do di\u00e1rio de sono em formato digital se mostra mais vantajosa quando comparado ao di\u00e1rio impresso em papel.<\/p>\n\n\n\n<figure class=\"wp-block-image size-large\"><a href=\"https:\/\/condor.fabbricaweb.com.br\/pt\/contato\/\" target=\"_blank\" rel=\"noreferrer noopener\"><img loading=\"lazy\" decoding=\"async\" width=\"1024\" height=\"427\" src=\"https:\/\/condor.fabbricaweb.com.br\/wp-content\/uploads\/2021\/08\/CONDOR-FOOTER-1-1024x427-1.png\" alt=\"\" class=\"wp-image-34124\" srcset=\"https:\/\/condor.fabbricaweb.com.br\/wp-content\/uploads\/2021\/08\/CONDOR-FOOTER-1-1024x427-1.png 1024w, https:\/\/condor.fabbricaweb.com.br\/wp-content\/uploads\/2021\/08\/CONDOR-FOOTER-1-1024x427-1-300x125.png 300w, https:\/\/condor.fabbricaweb.com.br\/wp-content\/uploads\/2021\/08\/CONDOR-FOOTER-1-1024x427-1-768x320.png 768w\" sizes=\"(max-width: 1024px) 100vw, 1024px\" \/><\/a><\/figure>\n\n\n\n<div class=\"wp-block-buttons is-content-justification-center is-layout-flex wp-container-core-buttons-is-layout-3e41869c wp-block-buttons-is-layout-flex\">\n<div class=\"wp-block-button\"><a class=\"wp-block-button__link wp-element-button\" href=\"https:\/\/condor.fabbricaweb.com.br\/pt\/contato\/\" target=\"_blank\" rel=\"noreferrer noopener\">Fale Conosco<\/a><\/div>\n<\/div>","protected":false},"excerpt":{"rendered":"<p>Sleep is a physiological need and, therefore, sleep deprivation and\/or restriction causes various health problems, such as a greater propensity to cardiovascular and metabolic diseases, a general reduction in the immune system, hormonal imbalances and the development of mental illnesses such as depression and anxiety (TASKAR; HIRSHKOWITZ, 2003). However, a large proportion of the population [&hellip;]<\/p>\n","protected":false},"author":3,"featured_media":34129,"comment_status":"open","ping_status":"open","sticky":false,"template":"","format":"standard","meta":{"footnotes":"","_links_to":"","_links_to_target":""},"categories":[11,10,12],"tags":[],"class_list":["post-34558","post","type-post","status-publish","format-standard","has-post-thumbnail","hentry","category-actigraphy","category-circadian-rhythm-and-health","category-sleep-and-health"],"yoast_head":"<!-- This site is optimized with the Yoast SEO plugin v28.3 - https:\/\/yoast.com\/product\/yoast-seo-wordpress\/ -->\n<title>Sleep Diary App | Sleep Journal Software - Condor Instruments<\/title>\n<meta name=\"description\" content=\"Looking to make your sleep treatments more efficient? Download our sleep journal app to get real-time updates of your personalized sleep treatments.\" \/>\n<meta name=\"robots\" content=\"noindex, follow, max-snippet:-1, max-image-preview:large, max-video-preview:-1\" \/>\n<meta property=\"og:locale\" content=\"pt_BR\" \/>\n<meta property=\"og:type\" content=\"article\" \/>\n<meta property=\"og:title\" content=\"Sleep Diary App | Sleep Journal Software - Condor Instruments\" \/>\n<meta property=\"og:description\" content=\"Looking to make your sleep treatments more efficient? Download our sleep journal app to get real-time updates of your personalized sleep treatments.\" \/>\n<meta property=\"og:url\" content=\"https:\/\/condor.fabbricaweb.com.br\/pt\/diario-do-sono-5\/\" \/>\n<meta property=\"og:site_name\" content=\"Condor Instruments\" \/>\n<meta property=\"article:published_time\" content=\"2021-09-16T13:00:52+00:00\" \/>\n<meta property=\"article:modified_time\" content=\"2026-08-24T15:11:23+00:00\" \/>\n<meta property=\"og:image\" content=\"https:\/\/condor.fabbricaweb.com.br\/wp-content\/uploads\/2021\/07\/WhatsApp-Image-2021-07-14-at-11.08.31.jpeg\" \/>\n\t<meta property=\"og:image:width\" content=\"720\" \/>\n\t<meta property=\"og:image:height\" content=\"600\" \/>\n\t<meta property=\"og:image:type\" content=\"image\/jpeg\" \/>\n<meta name=\"author\" content=\"Condor\" \/>\n<meta name=\"twitter:card\" content=\"summary_large_image\" \/>\n<meta name=\"twitter:label1\" content=\"Escrito por\" \/>\n\t<meta name=\"twitter:data1\" content=\"Condor\" \/>\n\t<meta name=\"twitter:label2\" content=\"Est. tempo de leitura\" \/>\n\t<meta name=\"twitter:data2\" content=\"10 minutos\" \/>\n<script type=\"application\/ld+json\" class=\"yoast-schema-graph\">{\"@context\":\"https:\\\/\\\/schema.org\",\"@graph\":[{\"@type\":\"Article\",\"@id\":\"https:\\\/\\\/condor.fabbricaweb.com.br\\\/pt\\\/diario-do-sono-5\\\/#article\",\"isPartOf\":{\"@id\":\"https:\\\/\\\/condor.fabbricaweb.com.br\\\/pt\\\/diario-do-sono-5\\\/\"},\"author\":{\"name\":\"Condor\",\"@id\":\"https:\\\/\\\/condor.fabbricaweb.com.br\\\/pt\\\/#\\\/schema\\\/person\\\/86cd767bdd3b9c879fa81c8ceecb2aab\"},\"headline\":\"Sleep Diary\",\"datePublished\":\"2021-09-16T13:00:52+00:00\",\"dateModified\":\"2026-08-24T15:11:23+00:00\",\"mainEntityOfPage\":{\"@id\":\"https:\\\/\\\/condor.fabbricaweb.com.br\\\/pt\\\/diario-do-sono-5\\\/\"},\"wordCount\":1947,\"commentCount\":0,\"publisher\":{\"@id\":\"https:\\\/\\\/condor.fabbricaweb.com.br\\\/pt\\\/#organization\"},\"image\":{\"@id\":\"https:\\\/\\\/condor.fabbricaweb.com.br\\\/pt\\\/diario-do-sono-5\\\/#primaryimage\"},\"thumbnailUrl\":\"https:\\\/\\\/condor.fabbricaweb.com.br\\\/wp-content\\\/uploads\\\/2021\\\/07\\\/WhatsApp-Image-2021-07-14-at-11.08.31.jpeg\",\"articleSection\":[\"Actigraphy\",\"Circadian Rhythm and Health\",\"Sleep and Health\"],\"inLanguage\":\"pt-BR\",\"potentialAction\":[{\"@type\":\"CommentAction\",\"name\":\"Comment\",\"target\":[\"https:\\\/\\\/condor.fabbricaweb.com.br\\\/pt\\\/diario-do-sono-5\\\/#respond\"]}]},{\"@type\":\"WebPage\",\"@id\":\"https:\\\/\\\/condor.fabbricaweb.com.br\\\/pt\\\/diario-do-sono-5\\\/\",\"url\":\"https:\\\/\\\/condor.fabbricaweb.com.br\\\/pt\\\/diario-do-sono-5\\\/\",\"name\":\"Sleep Diary App | Sleep Journal Software - Condor Instruments\",\"isPartOf\":{\"@id\":\"https:\\\/\\\/condor.fabbricaweb.com.br\\\/pt\\\/#website\"},\"primaryImageOfPage\":{\"@id\":\"https:\\\/\\\/condor.fabbricaweb.com.br\\\/pt\\\/diario-do-sono-5\\\/#primaryimage\"},\"image\":{\"@id\":\"https:\\\/\\\/condor.fabbricaweb.com.br\\\/pt\\\/diario-do-sono-5\\\/#primaryimage\"},\"thumbnailUrl\":\"https:\\\/\\\/condor.fabbricaweb.com.br\\\/wp-content\\\/uploads\\\/2021\\\/07\\\/WhatsApp-Image-2021-07-14-at-11.08.31.jpeg\",\"datePublished\":\"2021-09-16T13:00:52+00:00\",\"dateModified\":\"2026-08-24T15:11:23+00:00\",\"description\":\"Looking to make your sleep treatments more efficient? Download our sleep journal app to get real-time updates of your personalized sleep treatments.\",\"breadcrumb\":{\"@id\":\"https:\\\/\\\/condor.fabbricaweb.com.br\\\/pt\\\/diario-do-sono-5\\\/#breadcrumb\"},\"inLanguage\":\"pt-BR\",\"potentialAction\":[{\"@type\":\"ReadAction\",\"target\":[\"https:\\\/\\\/condor.fabbricaweb.com.br\\\/pt\\\/diario-do-sono-5\\\/\"]}]},{\"@type\":\"ImageObject\",\"inLanguage\":\"pt-BR\",\"@id\":\"https:\\\/\\\/condor.fabbricaweb.com.br\\\/pt\\\/diario-do-sono-5\\\/#primaryimage\",\"url\":\"https:\\\/\\\/condor.fabbricaweb.com.br\\\/wp-content\\\/uploads\\\/2021\\\/07\\\/WhatsApp-Image-2021-07-14-at-11.08.31.jpeg\",\"contentUrl\":\"https:\\\/\\\/condor.fabbricaweb.com.br\\\/wp-content\\\/uploads\\\/2021\\\/07\\\/WhatsApp-Image-2021-07-14-at-11.08.31.jpeg\",\"width\":720,\"height\":600},{\"@type\":\"BreadcrumbList\",\"@id\":\"https:\\\/\\\/condor.fabbricaweb.com.br\\\/pt\\\/diario-do-sono-5\\\/#breadcrumb\",\"itemListElement\":[{\"@type\":\"ListItem\",\"position\":1,\"name\":\"Home\",\"item\":\"https:\\\/\\\/condor.fabbricaweb.com.br\\\/pt\\\/\"},{\"@type\":\"ListItem\",\"position\":2,\"name\":\"Actigraphy\",\"item\":\"https:\\\/\\\/condor.fabbricaweb.com.br\\\/pt\\\/category\\\/actigraphy\\\/\"},{\"@type\":\"ListItem\",\"position\":3,\"name\":\"Sleep Diary\"}]},{\"@type\":\"WebSite\",\"@id\":\"https:\\\/\\\/condor.fabbricaweb.com.br\\\/pt\\\/#website\",\"url\":\"https:\\\/\\\/condor.fabbricaweb.com.br\\\/pt\\\/\",\"name\":\"Condor Instruments\",\"description\":\"\",\"publisher\":{\"@id\":\"https:\\\/\\\/condor.fabbricaweb.com.br\\\/pt\\\/#organization\"},\"potentialAction\":[{\"@type\":\"SearchAction\",\"target\":{\"@type\":\"EntryPoint\",\"urlTemplate\":\"https:\\\/\\\/condor.fabbricaweb.com.br\\\/pt\\\/?s={search_term_string}\"},\"query-input\":{\"@type\":\"PropertyValueSpecification\",\"valueRequired\":true,\"valueName\":\"search_term_string\"}}],\"inLanguage\":\"pt-BR\"},{\"@type\":\"Organization\",\"@id\":\"https:\\\/\\\/condor.fabbricaweb.com.br\\\/pt\\\/#organization\",\"name\":\"Condor Instruments\",\"alternateName\":\"Condor\",\"url\":\"https:\\\/\\\/condor.fabbricaweb.com.br\\\/pt\\\/\",\"logo\":{\"@type\":\"ImageObject\",\"inLanguage\":\"pt-BR\",\"@id\":\"https:\\\/\\\/condor.fabbricaweb.com.br\\\/pt\\\/#\\\/schema\\\/logo\\\/image\\\/\",\"url\":\"https:\\\/\\\/condor.fabbricaweb.com.br\\\/wp-content\\\/uploads\\\/2025\\\/04\\\/Condor-Logo-1.png\",\"contentUrl\":\"https:\\\/\\\/condor.fabbricaweb.com.br\\\/wp-content\\\/uploads\\\/2025\\\/04\\\/Condor-Logo-1.png\",\"width\":780,\"height\":215,\"caption\":\"Condor Instruments\"},\"image\":{\"@id\":\"https:\\\/\\\/condor.fabbricaweb.com.br\\\/pt\\\/#\\\/schema\\\/logo\\\/image\\\/\"},\"sameAs\":[\"https:\\\/\\\/www.youtube.com\\\/channel\\\/UC9uxCFtNC_-bNvegdf6ltRQ\",\"https:\\\/\\\/www.instagram.com\\\/instruments_condor\\\/\",\"https:\\\/\\\/www.linkedin.com\\\/company\\\/condorinst\"]},{\"@type\":\"Person\",\"@id\":\"https:\\\/\\\/condor.fabbricaweb.com.br\\\/pt\\\/#\\\/schema\\\/person\\\/86cd767bdd3b9c879fa81c8ceecb2aab\",\"name\":\"Condor\",\"image\":{\"@type\":\"ImageObject\",\"inLanguage\":\"pt-BR\",\"@id\":\"https:\\\/\\\/condor.fabbricaweb.com.br\\\/pt\\\/wp-content\\\/litespeed\\\/avatar\\\/3f0be2e0a7483e4b792e094c853fb6ca.jpg\\\/?ver=1788209426\",\"url\":\"https:\\\/\\\/condor.fabbricaweb.com.br\\\/pt\\\/wp-content\\\/litespeed\\\/avatar\\\/3f0be2e0a7483e4b792e094c853fb6ca.jpg\\\/?ver=1788209426\",\"contentUrl\":\"https:\\\/\\\/condor.fabbricaweb.com.br\\\/pt\\\/wp-content\\\/litespeed\\\/avatar\\\/3f0be2e0a7483e4b792e094c853fb6ca.jpg\\\/?ver=1788209426\",\"caption\":\"Condor\"},\"url\":\"https:\\\/\\\/condor.fabbricaweb.com.br\\\/pt\\\/author\\\/condor\\\/\"}]}<\/script>\n<!-- \/ Yoast SEO plugin. -->","yoast_head_json":{"title":"Sleep Diary App | Sleep Journal Software - Condor Instruments","description":"Looking to make your sleep treatments more efficient? Download our sleep journal app to get real-time updates of your personalized sleep treatments.","robots":{"index":"noindex","follow":"follow","max-snippet":"max-snippet:-1","max-image-preview":"max-image-preview:large","max-video-preview":"max-video-preview:-1"},"og_locale":"pt_BR","og_type":"article","og_title":"Sleep Diary App | Sleep Journal Software - Condor Instruments","og_description":"Looking to make your sleep treatments more efficient? Download our sleep journal app to get real-time updates of your personalized sleep treatments.","og_url":"https:\/\/condor.fabbricaweb.com.br\/pt\/diario-do-sono-5\/","og_site_name":"Condor Instruments","article_published_time":"2021-09-16T13:00:52+00:00","article_modified_time":"2026-08-24T15:11:23+00:00","og_image":[{"width":720,"height":600,"url":"https:\/\/condor.fabbricaweb.com.br\/wp-content\/uploads\/2021\/07\/WhatsApp-Image-2021-07-14-at-11.08.31.jpeg","type":"image\/jpeg"}],"author":"Condor","twitter_card":"summary_large_image","twitter_misc":{"Escrito por":"Condor","Est. tempo de leitura":"10 minutos"},"schema":{"@context":"https:\/\/schema.org","@graph":[{"@type":"Article","@id":"https:\/\/condor.fabbricaweb.com.br\/pt\/diario-do-sono-5\/#article","isPartOf":{"@id":"https:\/\/condor.fabbricaweb.com.br\/pt\/diario-do-sono-5\/"},"author":{"name":"Condor","@id":"https:\/\/condor.fabbricaweb.com.br\/pt\/#\/schema\/person\/86cd767bdd3b9c879fa81c8ceecb2aab"},"headline":"Sleep Diary","datePublished":"2021-09-16T13:00:52+00:00","dateModified":"2026-08-24T15:11:23+00:00","mainEntityOfPage":{"@id":"https:\/\/condor.fabbricaweb.com.br\/pt\/diario-do-sono-5\/"},"wordCount":1947,"commentCount":0,"publisher":{"@id":"https:\/\/condor.fabbricaweb.com.br\/pt\/#organization"},"image":{"@id":"https:\/\/condor.fabbricaweb.com.br\/pt\/diario-do-sono-5\/#primaryimage"},"thumbnailUrl":"https:\/\/condor.fabbricaweb.com.br\/wp-content\/uploads\/2021\/07\/WhatsApp-Image-2021-07-14-at-11.08.31.jpeg","articleSection":["Actigraphy","Circadian Rhythm and Health","Sleep and Health"],"inLanguage":"pt-BR","potentialAction":[{"@type":"CommentAction","name":"Comment","target":["https:\/\/condor.fabbricaweb.com.br\/pt\/diario-do-sono-5\/#respond"]}]},{"@type":"WebPage","@id":"https:\/\/condor.fabbricaweb.com.br\/pt\/diario-do-sono-5\/","url":"https:\/\/condor.fabbricaweb.com.br\/pt\/diario-do-sono-5\/","name":"Sleep Diary App | Sleep Journal Software - Condor Instruments","isPartOf":{"@id":"https:\/\/condor.fabbricaweb.com.br\/pt\/#website"},"primaryImageOfPage":{"@id":"https:\/\/condor.fabbricaweb.com.br\/pt\/diario-do-sono-5\/#primaryimage"},"image":{"@id":"https:\/\/condor.fabbricaweb.com.br\/pt\/diario-do-sono-5\/#primaryimage"},"thumbnailUrl":"https:\/\/condor.fabbricaweb.com.br\/wp-content\/uploads\/2021\/07\/WhatsApp-Image-2021-07-14-at-11.08.31.jpeg","datePublished":"2021-09-16T13:00:52+00:00","dateModified":"2026-08-24T15:11:23+00:00","description":"Looking to make your sleep treatments more efficient? Download our sleep journal app to get real-time updates of your personalized sleep treatments.","breadcrumb":{"@id":"https:\/\/condor.fabbricaweb.com.br\/pt\/diario-do-sono-5\/#breadcrumb"},"inLanguage":"pt-BR","potentialAction":[{"@type":"ReadAction","target":["https:\/\/condor.fabbricaweb.com.br\/pt\/diario-do-sono-5\/"]}]},{"@type":"ImageObject","inLanguage":"pt-BR","@id":"https:\/\/condor.fabbricaweb.com.br\/pt\/diario-do-sono-5\/#primaryimage","url":"https:\/\/condor.fabbricaweb.com.br\/wp-content\/uploads\/2021\/07\/WhatsApp-Image-2021-07-14-at-11.08.31.jpeg","contentUrl":"https:\/\/condor.fabbricaweb.com.br\/wp-content\/uploads\/2021\/07\/WhatsApp-Image-2021-07-14-at-11.08.31.jpeg","width":720,"height":600},{"@type":"BreadcrumbList","@id":"https:\/\/condor.fabbricaweb.com.br\/pt\/diario-do-sono-5\/#breadcrumb","itemListElement":[{"@type":"ListItem","position":1,"name":"Home","item":"https:\/\/condor.fabbricaweb.com.br\/pt\/"},{"@type":"ListItem","position":2,"name":"Actigraphy","item":"https:\/\/condor.fabbricaweb.com.br\/pt\/category\/actigraphy\/"},{"@type":"ListItem","position":3,"name":"Sleep Diary"}]},{"@type":"WebSite","@id":"https:\/\/condor.fabbricaweb.com.br\/pt\/#website","url":"https:\/\/condor.fabbricaweb.com.br\/pt\/","name":"Condor Instruments","description":"","publisher":{"@id":"https:\/\/condor.fabbricaweb.com.br\/pt\/#organization"},"potentialAction":[{"@type":"SearchAction","target":{"@type":"EntryPoint","urlTemplate":"https:\/\/condor.fabbricaweb.com.br\/pt\/?s={search_term_string}"},"query-input":{"@type":"PropertyValueSpecification","valueRequired":true,"valueName":"search_term_string"}}],"inLanguage":"pt-BR"},{"@type":"Organization","@id":"https:\/\/condor.fabbricaweb.com.br\/pt\/#organization","name":"Condor Instruments","alternateName":"Condor","url":"https:\/\/condor.fabbricaweb.com.br\/pt\/","logo":{"@type":"ImageObject","inLanguage":"pt-BR","@id":"https:\/\/condor.fabbricaweb.com.br\/pt\/#\/schema\/logo\/image\/","url":"https:\/\/condor.fabbricaweb.com.br\/wp-content\/uploads\/2025\/04\/Condor-Logo-1.png","contentUrl":"https:\/\/condor.fabbricaweb.com.br\/wp-content\/uploads\/2025\/04\/Condor-Logo-1.png","width":780,"height":215,"caption":"Condor Instruments"},"image":{"@id":"https:\/\/condor.fabbricaweb.com.br\/pt\/#\/schema\/logo\/image\/"},"sameAs":["https:\/\/www.youtube.com\/channel\/UC9uxCFtNC_-bNvegdf6ltRQ","https:\/\/www.instagram.com\/instruments_condor\/","https:\/\/www.linkedin.com\/company\/condorinst"]},{"@type":"Person","@id":"https:\/\/condor.fabbricaweb.com.br\/pt\/#\/schema\/person\/86cd767bdd3b9c879fa81c8ceecb2aab","name":"Condor","image":{"@type":"ImageObject","inLanguage":"pt-BR","@id":"https:\/\/condor.fabbricaweb.com.br\/pt\/wp-content\/litespeed\/avatar\/3f0be2e0a7483e4b792e094c853fb6ca.jpg\/?ver=1788209426","url":"https:\/\/condor.fabbricaweb.com.br\/pt\/wp-content\/litespeed\/avatar\/3f0be2e0a7483e4b792e094c853fb6ca.jpg\/?ver=1788209426","contentUrl":"https:\/\/condor.fabbricaweb.com.br\/pt\/wp-content\/litespeed\/avatar\/3f0be2e0a7483e4b792e094c853fb6ca.jpg\/?ver=1788209426","caption":"Condor"},"url":"https:\/\/condor.fabbricaweb.com.br\/pt\/author\/condor\/"}]}},"_links":{"self":[{"href":"https:\/\/condor.fabbricaweb.com.br\/pt\/wp-json\/wp\/v2\/posts\/34558","targetHints":{"allow":["GET"]}}],"collection":[{"href":"https:\/\/condor.fabbricaweb.com.br\/pt\/wp-json\/wp\/v2\/posts"}],"about":[{"href":"https:\/\/condor.fabbricaweb.com.br\/pt\/wp-json\/wp\/v2\/types\/post"}],"author":[{"embeddable":true,"href":"https:\/\/condor.fabbricaweb.com.br\/pt\/wp-json\/wp\/v2\/users\/3"}],"replies":[{"embeddable":true,"href":"https:\/\/condor.fabbricaweb.com.br\/pt\/wp-json\/wp\/v2\/comments?post=34558"}],"version-history":[{"count":1,"href":"https:\/\/condor.fabbricaweb.com.br\/pt\/wp-json\/wp\/v2\/posts\/34558\/revisions"}],"predecessor-version":[{"id":58070,"href":"https:\/\/condor.fabbricaweb.com.br\/pt\/wp-json\/wp\/v2\/posts\/34558\/revisions\/58070"}],"wp:featuredmedia":[{"embeddable":true,"href":"https:\/\/condor.fabbricaweb.com.br\/pt\/wp-json\/wp\/v2\/media\/34129"}],"wp:attachment":[{"href":"https:\/\/condor.fabbricaweb.com.br\/pt\/wp-json\/wp\/v2\/media?parent=34558"}],"wp:term":[{"taxonomy":"category","embeddable":true,"href":"https:\/\/condor.fabbricaweb.com.br\/pt\/wp-json\/wp\/v2\/categories?post=34558"},{"taxonomy":"post_tag","embeddable":true,"href":"https:\/\/condor.fabbricaweb.com.br\/pt\/wp-json\/wp\/v2\/tags?post=34558"}],"curies":[{"name":"wp","href":"https:\/\/api.w.org\/{rel}","templated":true}]}}