{"id":38379,"date":"2021-12-10T14:17:19","date_gmt":"2021-12-10T17:17:19","guid":{"rendered":"https:\/\/condor.fabbricaweb.com.br\/?p=38379"},"modified":"2026-08-24T12:11:26","modified_gmt":"2026-08-24T15:11:26","slug":"trabalho-noturno-e-por-turnos-e-implicacoes-para-a-saude","status":"publish","type":"post","link":"https:\/\/condor.fabbricaweb.com.br\/pt\/trabalho-noturno-e-por-turnos-e-implicacoes-para-a-saude\/","title":{"rendered":"Trabalho noturno e por turnos e implica\u00e7\u00f5es para a sa\u00fade"},"content":{"rendered":"<p class=\"wp-block-paragraph\">Diversas fun\u00e7\u00f5es no corpo humano exibem periodicidade circadiana, como a temperatura central, horm\u00f4nios como cortisol, melatonina, testosterona e horm\u00f4nio do crescimento. Al\u00e9m desses, o ciclo vig\u00edlia-sono exibe periodicidade circadiana. Este \u00faltimo \u00e9 regulado por dois processos: processo circadiano (C) e processo homeost\u00e1tico (S). O processo C se refere \u00e0 regula\u00e7\u00e3o circadiana do organismo enquanto o processo S se refere ao ac\u00famulo de fadiga ao longo do dia. Diversos fatores regulam nossos ritmos end\u00f3genos, e o principal deles \u00e9 a luz solar. Assim, o corpo humano evoluiu ao longo do tempo para se manter ativo durante o dia, enquanto h\u00e1 luz solar, e repousar durante a noite.<\/p>\n\n\n\n<p class=\"wp-block-paragraph\">Contudo, vivemos em uma sociedade que n\u00e3o para, de forma que \u00e9 denominada sociedade 24\/7 (funcionando 24 horas por dia, 7 dias por semana). Assim, algumas profiss\u00f5es e opera\u00e7\u00f5es necessitam executar suas atividades durante o per\u00edodo noturno, como policiais, bombeiros, m\u00e9dicos, enfermeiros, mineradores, e opera\u00e7\u00f5es industriais. O trabalho noturno \u00e9 definido como aquele que se inicia entre 22 e 05h, enquanto o trabalho por turnos ocorre em diferentes momentos do dia (manh\u00e3, tarde e noite), ocorrendo de forma rotativa. No mundo, aproximadamente 25% dos trabalhadores est\u00e3o inseridos em alguma rotina de trabalho por turnos. No Brasil, estima-se que 15% dos trabalhadores estejam inseridos em alguma rotina de trabalho por turnos (<a href=\"#_ENREF_5\">COSTA; FISCHER; MORENO; ROTENBERG, 2004<\/a>)<\/p>\n\n\n\n<p class=\"wp-block-paragraph\">As evid\u00eancias cient\u00edficas demonstram que esta popula\u00e7\u00e3o frequentemente sofre de desalinhamento circadiano e restri\u00e7\u00e3o de sono, e isto reflete negativamente na sa\u00fade destes trabalhadores. Dist\u00farbios de sono, desordens cardiometab\u00f3licas, altera\u00e7\u00f5es psicol\u00f3gicas e c\u00e2ncer s\u00e3o alguns dos problemas gerados pelo trabalho em hor\u00e1rio n\u00e3o convencional. A seguir, ser\u00e3o discutidas as consequ\u00eancias do trabalho noturno e em turnos para a sa\u00fade, e quais as poss\u00edveis causas destes males.<\/p>\n\n\n\n<h2 class=\"wp-block-heading\"><em>Rela\u00e7\u00e3o entre trabalho noturno e por turnos e sono<\/em><\/h2>\n\n\n\n<p class=\"wp-block-paragraph\">Trabalhadores por turnos com frequ\u00eancia apresentam tempo total de sono abaixo dos par\u00e2metros recomendados para a popula\u00e7\u00e3o (acima de 7 horas por ciclo claro-escuro). Uma meta-an\u00e1lise conduzida em 2000 identificou que trabalhadores dormem, em m\u00e9dia, 5h50min ap\u00f3s turnos noturnos, e 8h02min ap\u00f3s turnos vespertinos (<a href=\"#_ENREF_11\">PILCHER; LAMBERT; HUFFCUTT, 2000<\/a>). Por outro lado, foi identificado que trabalhadores dormem em m\u00e9dia 6h37min antes de turnos matutinos (<a href=\"#_ENREF_1\">AKERSTEDT, 2003<\/a>). Estes achados podem ser explicados por fatores circadianos. Durante turnos noturnos, os trabalhadores exercem suas atividades no momento circadiano de maior propens\u00e3o ao sono e, consequentemente, precisam exercer o repouso no momento menos propenso ao sono (o dia). Assim, fatores como temperatura central elevada, eleva\u00e7\u00e3o da concentra\u00e7\u00e3o de cortisol e redu\u00e7\u00e3o da concentra\u00e7\u00e3o de melatonina s\u00e3o fatores que impactam negativamente o sono de trabalhadores que precisam dormir durante o dia. Por outro lado, trabalhadores atuando em turnos matutinos, principalmente com in\u00edcio muito cedo (entre 5 e 7h da manh\u00e3), precisam acordar de madrugada. Neste caso, a restri\u00e7\u00e3o de sono pode ser causada tamb\u00e9m pela impossibilidade de adiantar os hor\u00e1rios de sono. Considerando as caracter\u00edsticas do ritmo end\u00f3geno (aproximadamente 24,5 h), \u00e9 mais f\u00e1cil atrasar o in\u00edcio do sono, do que o inverso. Outro fator que contribui para a restri\u00e7\u00e3o de sono em trabalhadores por turnos \u00e9 o intervalo entre turnos. H\u00e1 evid\u00eancias de que intervalos muito curtos entre jornadas (menor que 11 horas) influenciam drasticamente no tempo total de sono dos trabalhadores (<a href=\"#_ENREF_20\">VEDAA; HARRIS; BJORVATN; WAAGE<em> et al.<\/em>, 2016<\/a>). Al\u00e9m disso, jornadas de trabalho muito longas tamb\u00e9m influenciam negativamente no tempo de sono de trabalhadores por permitir pouco tempo livre para lazer, tarefas dom\u00e9sticas e descanso.<\/p>\n\n\n\n<h2 class=\"wp-block-heading\"><em>Consequ\u00eancias para a sa\u00fade relacionadas \u00e0 restri\u00e7\u00e3o de sono<\/em><\/h2>\n\n\n\n<p class=\"wp-block-paragraph\"><em>&nbsp;&nbsp;&nbsp;&nbsp;&nbsp;&nbsp;&nbsp;&nbsp;&nbsp;&nbsp;&nbsp; <\/em>O sono \u00e9 respons\u00e1vel pela manuten\u00e7\u00e3o de fun\u00e7\u00f5es fundamentais no organismo, como regula\u00e7\u00e3o imunol\u00f3gica, equil\u00edbrio hormonal e metab\u00f3lico, redu\u00e7\u00e3o de padr\u00f5es inflamat\u00f3rios e promo\u00e7\u00e3o do bem-estar individual. Assim, a restri\u00e7\u00e3o de sono acarreta diversos malef\u00edcios \u00e0 sa\u00fade. A seguir veremos algumas consequ\u00eancias desta condi\u00e7\u00e3o.<\/p>\n\n\n\n<h2 class=\"wp-block-heading\"><em>Doen\u00e7as cardiovasculares<\/em><\/h2>\n\n\n\n<p class=\"wp-block-paragraph\">Uma revis\u00e3o sistem\u00e1tica e meta an\u00e1lise conduzida em 2012 demonstrou que trabalhadores por turnos est\u00e3o mais propensos \u00e0 infarto do mioc\u00e1rdio e acidente vascular cerebral isqu\u00eamico (<a href=\"#_ENREF_22\">VYAS; GARG; IANSAVICHUS; COSTELLA<em> et al.<\/em>, 2012<\/a>). An\u00e1lise de v\u00e1rios turnos de trabalhos demonstrou que o turno mais propenso a doen\u00e7as cardiovasculares foi o turno noturno, enquanto o turno vespertino n\u00e3o foi relacionado com doen\u00e7as cardiovasculares.<\/p>\n\n\n\n<h2 class=\"wp-block-heading\"><em>Dist\u00farbios metab\u00f3licos<\/em><\/h2>\n\n\n\n<p class=\"wp-block-paragraph\">Duas revis\u00f5es sistem\u00e1ticas conclu\u00edram que o trabalho noturno aumenta o risco para ganho de peso e obesidade (<a href=\"#_ENREF_12\">PROPER; VAN DE LANGENBERG; RODENBURG; VERMEULEN<em> et al.<\/em>, 2016<\/a>; <a href=\"#_ENREF_18\">VAN DRONGELEN; BOOT; MERKUS; SMID<em> et al.<\/em>, 2011<\/a>). Al\u00e9m disso, h\u00e1 evid\u00eancias demonstrando que trabalhadores por turnos est\u00e3o mais propensos a desenvolver diabetes tipo 2.<\/p>\n\n\n\n<h2 class=\"wp-block-heading\"><em>C\u00e2ncer<\/em><\/h2>\n\n\n\n<p class=\"wp-block-paragraph\">H\u00e1 estudos demonstrando que as evid\u00eancias s\u00e3o insuficientes para determinar se de fato h\u00e1 rela\u00e7\u00e3o entre trabalho por turnos e c\u00e2ncer, enquanto outros estudos conclu\u00edram que exposi\u00e7\u00f5es longas (maior que 20 anos) aumentam o risco de desenvolvimento de c\u00e2ncer. Contudo, h\u00e1 evid\u00eancias para c\u00e2ncer de pr\u00f3stata (<a href=\"#_ENREF_14\">RAO; YU; BAI; ZHENG<em> et al.<\/em>, 2015<\/a>) e c\u00e2ncer colorretal (<a href=\"#_ENREF_23\">WANG; JI; ZHU; LIANG<em> et al.<\/em>, 2015<\/a>).<\/p>\n\n\n\n<h2 class=\"wp-block-heading\"><em>Acidentes no ambiente de trabalho<\/em><\/h2>\n\n\n\n<p class=\"wp-block-paragraph\">Trabalhadores por turnos est\u00e3o em risco aumentado para acidentes dentro e fora do ambiente de trabalho. Fatores circadianos contribuem para este cen\u00e1rio, pois o desempenho humano se correlaciona diretamente com a temperatura central. Assim, durante a madrugada, a temperatura central encontra-se em seu nadir (menor valor encontrado durante o dia) e, consequentemente, o desempenho encontra-se reduzido (maior tempo de rea\u00e7\u00e3o, pior percep\u00e7\u00e3o do ambiente e pior capacidade de tomar decis\u00f5es), aumentando assim o risco para acidentes.<\/p>\n\n\n\n<p class=\"wp-block-paragraph\">In addition, factors inherent to the work scale, such as shift duration and successive shifts, interfere with this aspect. Evidence shows that night shifts present a higher risk of accidents, and that this risk increases as successive shifts accumulate. Furthermore, the risk of accidents is higher the longer the shift duration, with evidence demonstrating that shifts longer than 12 hours have double the risk compared to 6-hour shifts.<a href=\"#_ENREF_7\">FOLKARD; TUCKER, 2003<\/a>). Para saber mais, leia https:\/\/condor.fabbricaweb.com.br\/fadiga-e-sono\/.<\/p>\n\n\n\n<p class=\"wp-block-paragraph\">Em resumo, as evid\u00eancias apontam maior risco de ocorr\u00eancias de doen\u00e7as cardiovasculares, metab\u00f3licas e c\u00e2ncer para trabalhadores por turnos, especificamente para aqueles que trabalham no turno noturno. A similaridade de resultados relacionados a trabalho noturno e sono insuficiente sugerem que tempo total de sono insuficiente e de qualidade insatisfat\u00f3ria s\u00e3o respons\u00e1veis pelas doen\u00e7as e acidentes observados em trabalhadores por turnos.<\/p>\n\n\n\n<h2 class=\"wp-block-heading\"><em>Mecanismos respons\u00e1veis pelas adversidades vivenciadas por trabalhadores por turnos<\/em><\/h2>\n\n\n\n<p class=\"wp-block-paragraph\"><em>&nbsp;&nbsp;&nbsp;&nbsp;&nbsp;&nbsp;&nbsp;&nbsp;&nbsp;&nbsp;&nbsp; <\/em>Os fatores respons\u00e1veis pelos problemas vivenciados por trabalhadores podem ser agrupados em comportamentais, estresse psicossocial, e mecanismos fisiol\u00f3gicos.<\/p>\n\n\n\n<h2 class=\"wp-block-heading\"><em>Fatores comportamentais<\/em><\/h2>\n\n\n\n<p class=\"wp-block-paragraph\">O trabalho por turnos \u00e9 respons\u00e1vel por alterar diversos fatores comportamentais, como padr\u00e3o de sono, exposi\u00e7\u00e3o \u00e0 luz, padr\u00f5es alimentares, n\u00edvel de atividade f\u00edsica, ingest\u00e3o de bebidas alco\u00f3licas e tabaco. Ao ficar acordado durante a noite, ocorre redu\u00e7\u00e3o da secre\u00e7\u00e3o de melatonina, horm\u00f4nio respons\u00e1vel por variadas fun\u00e7\u00f5es no organismo e, dentre elas, fun\u00e7\u00e3o imunol\u00f3gica (<a href=\"#_ENREF_4\">CIPOLLA-NETO; AMARAL, 2018<\/a>). Inclusive, a redu\u00e7\u00e3o da secre\u00e7\u00e3o de melatonina \u00e9 um dos mecanismos propostos para maior risco de desenvolvimento de c\u00e2ncer em trabalhadores por turnos, pois ela apresenta componente antitumoral. Uma meta-an\u00e1lise conduzida em 2015 concluiu que longas jornadas de trabalho semanal (acima de 48 horas) relacionam-se a maior ingest\u00e3o de bebidas alco\u00f3licas (<a href=\"#_ENREF_21\">VIRTANEN; JOKELA; NYBERG; MADSEN<em> et al.<\/em>, 2015<\/a>). N\u00e3o somente, h\u00e1 evid\u00eancias demonstrando que trabalhadores por turnos reportam fumar com maior frequ\u00eancia (<a href=\"#_ENREF_9\">H\u00c4RM\u00c4, 2006<\/a>) e realizam exerc\u00edcio f\u00edsico menor frequ\u00eancia (<a href=\"#_ENREF_19\">VANDELANOTTE; SHORT; ROCKLOFF; DI MILLIA<em> et al.<\/em>, 2015<\/a>).<\/p>\n\n\n\n<h2 class=\"wp-block-heading\"><em>Estresse psicossocial<\/em><\/h2>\n\n\n\n<p class=\"wp-block-paragraph\">Trabalhar em hor\u00e1rios n\u00e3o convencionais acarreta desequil\u00edbrio entre o trabalho e as demandas familiares. Geralmente, reuni\u00f5es familiares e com amigos acontecem em momentos em que os trabalhadores precisam descansar ou est\u00e3o exercendo suas atividades laborais. Assim, o desequil\u00edbrio entre vida pessoal e trabalho \u00e9 associado a m\u00e1 percep\u00e7\u00e3o de sa\u00fade (<a href=\"#_ENREF_3\">BAMBRA; WHITEHEAD; SOWDEN; AKERS<em> et al.<\/em>, 2008<\/a>).<\/p>\n\n\n\n<h2 class=\"wp-block-heading\">Mecanismos fisiol\u00f3gicos<\/h2>\n\n\n\n<h2 class=\"wp-block-heading\"><em>Desalinhamento circadiano<\/em><\/h2>\n\n\n\n<figure class=\"wp-block-image alignleft size-full is-resized\"><img fetchpriority=\"high\" decoding=\"async\" src=\"https:\/\/condor.fabbricaweb.com.br\/wp-content\/uploads\/2021\/02\/CONDOR-BLOG-02.png\" alt=\"\" class=\"wp-image-34150\" width=\"433\" height=\"361\" srcset=\"https:\/\/condor.fabbricaweb.com.br\/wp-content\/uploads\/2021\/02\/CONDOR-BLOG-02.png 720w, https:\/\/condor.fabbricaweb.com.br\/wp-content\/uploads\/2021\/02\/CONDOR-BLOG-02-300x250.png 300w\" sizes=\"(max-width: 433px) 100vw, 433px\" \/><\/figure>\n\n\n\n<p class=\"wp-block-paragraph\">Estudos demonstram que alterar hor\u00e1rio da alimenta\u00e7\u00e3o, padr\u00e3o de sono e exposi\u00e7\u00e3o \u00e0 luz altera a secre\u00e7\u00e3o de horm\u00f4nios regulat\u00f3rios do organismo, como por exemplo, testosterona, horm\u00f4nio do crescimento, melatonina, cortisol, insulina e prolactina.<\/p>\n\n\n\n<h2 class=\"wp-block-heading\"><em>Estresse neuroend\u00f3crino<\/em><\/h2>\n\n\n\n<p class=\"wp-block-paragraph\">O padr\u00e3o de sono alterado acarreta dist\u00farbios no estresse percebido, gerando aumento na resposta estressora. Evid\u00eancias indicam que trabalhadores por turnos possuem maior resposta ao estresse, bem como maior ativa\u00e7\u00e3o do sistema nervoso simp\u00e1tico (<a href=\"#_ENREF_6\">FARAUT; BAYON; L\u00c9GER, 2013<\/a>).<\/p>\n\n\n\n<h2 class=\"wp-block-heading\"><em>Estresse cardiometab\u00f3lico<\/em><\/h2>\n\n\n\n<p class=\"wp-block-paragraph\"><em>&nbsp;&nbsp;&nbsp;&nbsp;&nbsp;&nbsp;&nbsp;&nbsp;&nbsp;&nbsp;&nbsp; <\/em>Semelhantemente, o padr\u00e3o de sono alterado impacta negativamente na utiliza\u00e7\u00e3o de glicose e sensibilidade \u00e0 insulina, alterando o equil\u00edbrio energ\u00e9tico do organismo. Trabalhar por turnos e principalmente durante o turno noturno, facilita a ingest\u00e3o de alimentos em per\u00edodos fora da fase do organismo, e h\u00e1 evid\u00eancias demonstrando que se alimentar durante a noite est\u00e1 relacionado a pior metabolismo de lip\u00eddeos (<a href=\"#_ENREF_15\">RIBEIRO; HAMPTON; MORGAN; DEACON<em> et al.<\/em>, 1998<\/a>). Al\u00e9m disso, a prefer\u00eancia alimentar durante o per\u00edodo noturno \u00e9 caracterizada por alimentos de maior valor cal\u00f3rico, como lanches e alimentos gordurosos em detrimento de alimentos saud\u00e1veis como saladas e frutas. Isso ocorre devido \u00e0 redu\u00e7\u00e3o da temperatura central por fatores circadianos, o que leva \u00e0 busca por alimentos de alto valor cal\u00f3rico, bem como pela desregula\u00e7\u00e3o entre os horm\u00f4nios leptina e grelina (aumento da grelina, horm\u00f4nio respons\u00e1vel pela sensa\u00e7\u00e3o de fome, e redu\u00e7\u00e3o da leptina, horm\u00f4nio respons\u00e1vel pela sensa\u00e7\u00e3o de saciedade).<\/p>\n\n\n\n<p class=\"wp-block-paragraph\">Estudos indicam que m\u00e1 qualidade de sono, bem como tempo total de sono insuficiente se relaciona \u00e0 hipertens\u00e3o arterial (<a href=\"#_ENREF_8\">GUO; ZHENG; WANG; ZHANG<em> et al.<\/em>, 2013<\/a>). Al\u00e9m disso, h\u00e1 tamb\u00e9m rela\u00e7\u00e3o entre trabalho por turnos, pior perfil lip\u00eddico, e coagula\u00e7\u00e3o sangu\u00ednea. Por fim, h\u00e1 evid\u00eancias demonstrando que trabalhadores por turnos est\u00e3o em risco aumentado para o desenvolvimento de aterosclerose subcl\u00ednica, e esta condi\u00e7\u00e3o se apresenta mesmo em trabalhadores com idade abaixo de 40 anos (<a href=\"#_ENREF_13\">PUTTONEN; KIVIM\u00c4KI; ELOVAINIO; PULKKI-R\u00c5BACK<em> et al.<\/em>, 2009<\/a>).<\/p>\n\n\n\n<h2 class=\"wp-block-heading\"><em>Fun\u00e7\u00e3o imune alterada<\/em><\/h2>\n\n\n\n<p class=\"wp-block-paragraph\">Padr\u00e3o de sono alterado se relaciona com maiores n\u00edveis de marcadores inflamat\u00f3rios, como prote\u00edna C reativa e interleucina 6 (<a href=\"#_ENREF_10\">IRWIN, 2015<\/a>). J\u00e1 est\u00e1 bem estabelecido que o sono ajuda na resposta de c\u00e9lulas <em>T helper 1<\/em> e a restri\u00e7\u00e3o de sono acarreta reatividade das c\u00e9lulas <em>T helper 2,<\/em> e esta rea\u00e7\u00e3o \u00e9 semelhante a outros tipos de estresse. Assim, restri\u00e7\u00e3o de sono e sono de m\u00e1 qualidade se relaciona com maior probabilidade de contrair a gripe comum. Ainda, Silva e colaboradores exp\u00f5e que trabalhadores por turnos est\u00e3o mais expostos \u00e0 contrair o v\u00edrus da COVID-19, e este fato se d\u00e1 por fatores como padr\u00e3o de sono alterado, comportamento sedent\u00e1rio e desalinhamento circadiano (<a href=\"#_ENREF_17\">SILVA; GUERREIRO, 2020<\/a>).<\/p>\n\n\n\n<h2 class=\"wp-block-heading\">Toler\u00e2ncia individual ao trabalho por turnos e noturno<\/h2>\n\n\n\n<p class=\"wp-block-paragraph\">Algumas pessoas toleram melhor o trabalho por turnos e noturno que outras (<a href=\"#_ENREF_16\">SAKSVIK; BJORVATN; HETLAND; SANDAL<em> et al.<\/em>, 2011<\/a>). Diferen\u00e7as em genes relacionados a regula\u00e7\u00e3o circadiana e homeost\u00e1tica acarretam diferen\u00e7as na press\u00e3o para o sono, fadiga e desempenho (<a href=\"#_ENREF_2\">ARENDT, 2010<\/a>). Assim, as evid\u00eancias indicam que trabalhadores com cronotipo vespertino parecem se adaptar melhor ao trabalho por turnos e noturno, assim como aqueles que conseguem dormir em diferentes momentos durante o dia. N\u00e3o somente, aspectos da personalidade como neuroticismo, baixa extrovers\u00e3o, baixa testosterona e necessidade de dormir longas horas parece se relacionar com m\u00e1 adapta\u00e7\u00e3o ao trabalho por turnos. Portanto, estas pessoas se tornam grupo de risco para o trabalho noturno.<\/p>\n\n\n\n<h2 class=\"wp-block-heading\">Como avaliar o sono de trabalhadores<\/h2>\n\n\n\n<p class=\"wp-block-paragraph\">As evid\u00eancias demonstram que o sono insuficiente e em quantidade insatisfat\u00f3ria \u00e9 um dos principais fatores que acarretam preju\u00edzos \u00e0 sa\u00fade de trabalhadores. Assim, torna-se essencial a avalia\u00e7\u00e3o da qualidade de sono desta popula\u00e7\u00e3o. Neste aspecto, a actigrafia \u00e9 uma t\u00e9cnica \u00fatil e n\u00e3o invasiva que pode ser utilizada para avalia\u00e7\u00e3o do sono e ritmos biol\u00f3gicos (Sadeh, 2011). O act\u00edgrafo \u00e9 um equipamento semelhante a um rel\u00f3gio de punho e cont\u00e9m sensores de movimento, luz e, em alguns modelos mais modernos, sensores de temperatura. A an\u00e1lise dos dados permite a obten\u00e7\u00e3o de vari\u00e1veis como o tempo total de sono, efici\u00eancia do sono (rela\u00e7\u00e3o entre o tempo de cama e tempo em que o indiv\u00edduo realmente dormiu), lat\u00eancia para in\u00edcio de sono (tempo decorrido entre a inten\u00e7\u00e3o de dormir e in\u00edcio do sono), tempo acordado ap\u00f3s in\u00edcio do sono e tempo total em vig\u00edlia. Para maiores informa\u00e7\u00f5es, veja https:\/\/condor.fabbricaweb.com.br\/o-que-e-actigrafia\/.<\/p>\n\n\n\n<h2 class=\"wp-block-heading\"><strong>Conclus\u00e3o<\/strong><\/h2>\n\n\n\n<p class=\"wp-block-paragraph\">Trabalhadores noturnos e por turnos est\u00e3o expostos a condi\u00e7\u00f5es que afetam substancialmente sua sa\u00fade e qualidade de vida. O desalinhamento circadiano e sono de m\u00e1 qualidade e em quantidade insuficiente acarretam altera\u00e7\u00f5es imunol\u00f3gicas, cognitivas e cardiometab\u00f3licas. Al\u00e9m disso, o estresse psicossocial decorrente de hor\u00e1rios dessincronizados com fam\u00edlia e amigos, bem como h\u00e1bitos sedent\u00e1rios e comportamento alimentar inadequado contribuem para compor este cen\u00e1rio negativo. Assim, \u00e9 importante que esta popula\u00e7\u00e3o seja avaliada regularmente visando a identifica\u00e7\u00e3o de poss\u00edveis dist\u00farbios de sono, bem como a adapta\u00e7\u00e3o da escala de trabalho em modelo que se adeque melhor aos perfis dos trabalhadores. &nbsp;Neste aspecto, \u00e9 importante considerar condi\u00e7\u00f5es como a dura\u00e7\u00e3o da jornada de trabalho, intervalo entre jornadas que deve ser menor que 11h, a velocidade e dire\u00e7\u00e3o de rota\u00e7\u00e3o dos turnos, bem como a quantidade de turnos noturnos sucessivos, pausa entre e intrajornadas, e criar estrat\u00e9gias para criar um ambiente de trabalho acolhedor e amig\u00e1vel.<\/p>\n\n\n\n<figure class=\"wp-block-image size-full\"><a href=\"https:\/\/condor.fabbricaweb.com.br\/pt\/contato\/\" target=\"_blank\" rel=\"noreferrer noopener\"><img decoding=\"async\" width=\"1024\" height=\"427\" src=\"https:\/\/condor.fabbricaweb.com.br\/wp-content\/uploads\/2021\/08\/CONDOR-FOOTER-1-1024x427-1.png\" alt=\"\" class=\"wp-image-34124\" srcset=\"https:\/\/condor.fabbricaweb.com.br\/wp-content\/uploads\/2021\/08\/CONDOR-FOOTER-1-1024x427-1.png 1024w, https:\/\/condor.fabbricaweb.com.br\/wp-content\/uploads\/2021\/08\/CONDOR-FOOTER-1-1024x427-1-300x125.png 300w, https:\/\/condor.fabbricaweb.com.br\/wp-content\/uploads\/2021\/08\/CONDOR-FOOTER-1-1024x427-1-768x320.png 768w\" sizes=\"(max-width: 1024px) 100vw, 1024px\" \/><\/a><\/figure>\n\n\n\n<div class=\"wp-block-buttons is-content-justification-center is-layout-flex wp-container-core-buttons-is-layout-3e41869c wp-block-buttons-is-layout-flex\">\n<div class=\"wp-block-button\"><a class=\"wp-block-button__link wp-element-button\" href=\"https:\/\/condor.fabbricaweb.com.br\/pt\/contato\/\" target=\"_blank\" rel=\"noreferrer noopener\">Fale Conosco<\/a><\/div>\n<\/div>","protected":false},"excerpt":{"rendered":"<p>Various functions in the human body exhibit circadian periodicity, such as core body temperature, hormones like cortisol, melatonin, testosterone, and growth hormone. In addition to these, the sleep-wake cycle exhibits circadian periodicity. The latter is regulated by two processes: the circadian process (C) and the homeostatic process (S). Process C refers to the organism&#8217;s circadian [&hellip;]<\/p>\n","protected":false},"author":3,"featured_media":38381,"comment_status":"open","ping_status":"open","sticky":false,"template":"","format":"standard","meta":{"footnotes":"","_links_to":"","_links_to_target":""},"categories":[10,12],"tags":[],"class_list":["post-38379","post","type-post","status-publish","format-standard","has-post-thumbnail","hentry","category-circadian-rhythm-and-health","category-sleep-and-health"],"yoast_head":"<!-- This site is optimized with the Yoast SEO plugin v28.3 - https:\/\/yoast.com\/product\/yoast-seo-wordpress\/ -->\n<title>Night and shift work and health implications - Condor Instruments<\/title>\n<meta name=\"robots\" content=\"noindex, follow, max-snippet:-1, max-image-preview:large, max-video-preview:-1\" \/>\n<meta property=\"og:locale\" content=\"pt_BR\" \/>\n<meta property=\"og:type\" content=\"article\" \/>\n<meta property=\"og:title\" content=\"Night and shift work and health implications - Condor Instruments\" \/>\n<meta property=\"og:description\" content=\"Various functions in the human body exhibit circadian periodicity, such as core body temperature, hormones like cortisol, melatonin, testosterone, and growth hormone. In addition to these, the sleep-wake cycle exhibits circadian periodicity. The latter is regulated by two processes: the circadian process (C) and the homeostatic process (S). Process C refers to the organism&#8217;s circadian [&hellip;]\" \/>\n<meta property=\"og:url\" content=\"https:\/\/condor.fabbricaweb.com.br\/pt\/trabalho-noturno-e-por-turnos-e-implicacoes-para-a-saude\/\" \/>\n<meta property=\"og:site_name\" content=\"Condor Instruments\" \/>\n<meta property=\"article:published_time\" content=\"2021-12-10T17:17:19+00:00\" \/>\n<meta property=\"article:modified_time\" content=\"2026-08-24T15:11:26+00:00\" \/>\n<meta property=\"og:image\" content=\"https:\/\/condor.fabbricaweb.com.br\/wp-content\/uploads\/2021\/12\/720x600-pt.png\" \/>\n\t<meta property=\"og:image:width\" content=\"720\" \/>\n\t<meta property=\"og:image:height\" content=\"600\" \/>\n\t<meta property=\"og:image:type\" content=\"image\/png\" \/>\n<meta name=\"author\" content=\"Condor\" \/>\n<meta name=\"twitter:card\" content=\"summary_large_image\" \/>\n<meta name=\"twitter:label1\" content=\"Escrito por\" \/>\n\t<meta name=\"twitter:data1\" content=\"Condor\" \/>\n\t<meta name=\"twitter:label2\" content=\"Est. tempo de leitura\" \/>\n\t<meta name=\"twitter:data2\" content=\"13 minutos\" \/>\n<script type=\"application\/ld+json\" class=\"yoast-schema-graph\">{\"@context\":\"https:\\\/\\\/schema.org\",\"@graph\":[{\"@type\":\"Article\",\"@id\":\"https:\\\/\\\/condor.fabbricaweb.com.br\\\/pt\\\/trabalho-noturno-e-por-turnos-e-implicacoes-para-a-saude\\\/#article\",\"isPartOf\":{\"@id\":\"https:\\\/\\\/condor.fabbricaweb.com.br\\\/pt\\\/trabalho-noturno-e-por-turnos-e-implicacoes-para-a-saude\\\/\"},\"author\":{\"name\":\"Condor\",\"@id\":\"https:\\\/\\\/condor.fabbricaweb.com.br\\\/pt\\\/#\\\/schema\\\/person\\\/86cd767bdd3b9c879fa81c8ceecb2aab\"},\"headline\":\"Night and shift work and health implications\",\"datePublished\":\"2021-12-10T17:17:19+00:00\",\"dateModified\":\"2026-08-24T15:11:26+00:00\",\"mainEntityOfPage\":{\"@id\":\"https:\\\/\\\/condor.fabbricaweb.com.br\\\/pt\\\/trabalho-noturno-e-por-turnos-e-implicacoes-para-a-saude\\\/\"},\"wordCount\":1993,\"commentCount\":0,\"publisher\":{\"@id\":\"https:\\\/\\\/condor.fabbricaweb.com.br\\\/pt\\\/#organization\"},\"image\":{\"@id\":\"https:\\\/\\\/condor.fabbricaweb.com.br\\\/pt\\\/trabalho-noturno-e-por-turnos-e-implicacoes-para-a-saude\\\/#primaryimage\"},\"thumbnailUrl\":\"https:\\\/\\\/condor.fabbricaweb.com.br\\\/wp-content\\\/uploads\\\/2021\\\/12\\\/720x600-pt.png\",\"articleSection\":[\"Circadian Rhythm and Health\",\"Sleep and Health\"],\"inLanguage\":\"pt-BR\",\"potentialAction\":[{\"@type\":\"CommentAction\",\"name\":\"Comment\",\"target\":[\"https:\\\/\\\/condor.fabbricaweb.com.br\\\/pt\\\/trabalho-noturno-e-por-turnos-e-implicacoes-para-a-saude\\\/#respond\"]}]},{\"@type\":\"WebPage\",\"@id\":\"https:\\\/\\\/condor.fabbricaweb.com.br\\\/pt\\\/trabalho-noturno-e-por-turnos-e-implicacoes-para-a-saude\\\/\",\"url\":\"https:\\\/\\\/condor.fabbricaweb.com.br\\\/pt\\\/trabalho-noturno-e-por-turnos-e-implicacoes-para-a-saude\\\/\",\"name\":\"Night and shift work and health implications - Condor Instruments\",\"isPartOf\":{\"@id\":\"https:\\\/\\\/condor.fabbricaweb.com.br\\\/pt\\\/#website\"},\"primaryImageOfPage\":{\"@id\":\"https:\\\/\\\/condor.fabbricaweb.com.br\\\/pt\\\/trabalho-noturno-e-por-turnos-e-implicacoes-para-a-saude\\\/#primaryimage\"},\"image\":{\"@id\":\"https:\\\/\\\/condor.fabbricaweb.com.br\\\/pt\\\/trabalho-noturno-e-por-turnos-e-implicacoes-para-a-saude\\\/#primaryimage\"},\"thumbnailUrl\":\"https:\\\/\\\/condor.fabbricaweb.com.br\\\/wp-content\\\/uploads\\\/2021\\\/12\\\/720x600-pt.png\",\"datePublished\":\"2021-12-10T17:17:19+00:00\",\"dateModified\":\"2026-08-24T15:11:26+00:00\",\"breadcrumb\":{\"@id\":\"https:\\\/\\\/condor.fabbricaweb.com.br\\\/pt\\\/trabalho-noturno-e-por-turnos-e-implicacoes-para-a-saude\\\/#breadcrumb\"},\"inLanguage\":\"pt-BR\",\"potentialAction\":[{\"@type\":\"ReadAction\",\"target\":[\"https:\\\/\\\/condor.fabbricaweb.com.br\\\/pt\\\/trabalho-noturno-e-por-turnos-e-implicacoes-para-a-saude\\\/\"]}]},{\"@type\":\"ImageObject\",\"inLanguage\":\"pt-BR\",\"@id\":\"https:\\\/\\\/condor.fabbricaweb.com.br\\\/pt\\\/trabalho-noturno-e-por-turnos-e-implicacoes-para-a-saude\\\/#primaryimage\",\"url\":\"https:\\\/\\\/condor.fabbricaweb.com.br\\\/wp-content\\\/uploads\\\/2021\\\/12\\\/720x600-pt.png\",\"contentUrl\":\"https:\\\/\\\/condor.fabbricaweb.com.br\\\/wp-content\\\/uploads\\\/2021\\\/12\\\/720x600-pt.png\",\"width\":720,\"height\":600},{\"@type\":\"BreadcrumbList\",\"@id\":\"https:\\\/\\\/condor.fabbricaweb.com.br\\\/pt\\\/trabalho-noturno-e-por-turnos-e-implicacoes-para-a-saude\\\/#breadcrumb\",\"itemListElement\":[{\"@type\":\"ListItem\",\"position\":1,\"name\":\"Home\",\"item\":\"https:\\\/\\\/condor.fabbricaweb.com.br\\\/pt\\\/\"},{\"@type\":\"ListItem\",\"position\":2,\"name\":\"Sem categoria\",\"item\":\"https:\\\/\\\/condor.fabbricaweb.com.br\\\/pt\\\/category\\\/sem-categoria\\\/\"},{\"@type\":\"ListItem\",\"position\":3,\"name\":\"Night and shift work and health implications\"}]},{\"@type\":\"WebSite\",\"@id\":\"https:\\\/\\\/condor.fabbricaweb.com.br\\\/pt\\\/#website\",\"url\":\"https:\\\/\\\/condor.fabbricaweb.com.br\\\/pt\\\/\",\"name\":\"Condor Instruments\",\"description\":\"\",\"publisher\":{\"@id\":\"https:\\\/\\\/condor.fabbricaweb.com.br\\\/pt\\\/#organization\"},\"potentialAction\":[{\"@type\":\"SearchAction\",\"target\":{\"@type\":\"EntryPoint\",\"urlTemplate\":\"https:\\\/\\\/condor.fabbricaweb.com.br\\\/pt\\\/?s={search_term_string}\"},\"query-input\":{\"@type\":\"PropertyValueSpecification\",\"valueRequired\":true,\"valueName\":\"search_term_string\"}}],\"inLanguage\":\"pt-BR\"},{\"@type\":\"Organization\",\"@id\":\"https:\\\/\\\/condor.fabbricaweb.com.br\\\/pt\\\/#organization\",\"name\":\"Condor Instruments\",\"alternateName\":\"Condor\",\"url\":\"https:\\\/\\\/condor.fabbricaweb.com.br\\\/pt\\\/\",\"logo\":{\"@type\":\"ImageObject\",\"inLanguage\":\"pt-BR\",\"@id\":\"https:\\\/\\\/condor.fabbricaweb.com.br\\\/pt\\\/#\\\/schema\\\/logo\\\/image\\\/\",\"url\":\"https:\\\/\\\/condor.fabbricaweb.com.br\\\/wp-content\\\/uploads\\\/2025\\\/04\\\/Condor-Logo-1.png\",\"contentUrl\":\"https:\\\/\\\/condor.fabbricaweb.com.br\\\/wp-content\\\/uploads\\\/2025\\\/04\\\/Condor-Logo-1.png\",\"width\":780,\"height\":215,\"caption\":\"Condor Instruments\"},\"image\":{\"@id\":\"https:\\\/\\\/condor.fabbricaweb.com.br\\\/pt\\\/#\\\/schema\\\/logo\\\/image\\\/\"},\"sameAs\":[\"https:\\\/\\\/www.youtube.com\\\/channel\\\/UC9uxCFtNC_-bNvegdf6ltRQ\",\"https:\\\/\\\/www.instagram.com\\\/instruments_condor\\\/\",\"https:\\\/\\\/www.linkedin.com\\\/company\\\/condorinst\"]},{\"@type\":\"Person\",\"@id\":\"https:\\\/\\\/condor.fabbricaweb.com.br\\\/pt\\\/#\\\/schema\\\/person\\\/86cd767bdd3b9c879fa81c8ceecb2aab\",\"name\":\"Condor\",\"image\":{\"@type\":\"ImageObject\",\"inLanguage\":\"pt-BR\",\"@id\":\"https:\\\/\\\/condor.fabbricaweb.com.br\\\/pt\\\/wp-content\\\/litespeed\\\/avatar\\\/3f0be2e0a7483e4b792e094c853fb6ca.jpg\\\/?ver=1788209426\",\"url\":\"https:\\\/\\\/condor.fabbricaweb.com.br\\\/pt\\\/wp-content\\\/litespeed\\\/avatar\\\/3f0be2e0a7483e4b792e094c853fb6ca.jpg\\\/?ver=1788209426\",\"contentUrl\":\"https:\\\/\\\/condor.fabbricaweb.com.br\\\/pt\\\/wp-content\\\/litespeed\\\/avatar\\\/3f0be2e0a7483e4b792e094c853fb6ca.jpg\\\/?ver=1788209426\",\"caption\":\"Condor\"},\"url\":\"https:\\\/\\\/condor.fabbricaweb.com.br\\\/pt\\\/author\\\/condor\\\/\"}]}<\/script>\n<!-- \/ Yoast SEO plugin. -->","yoast_head_json":{"title":"Night and shift work and health implications - Condor Instruments","robots":{"index":"noindex","follow":"follow","max-snippet":"max-snippet:-1","max-image-preview":"max-image-preview:large","max-video-preview":"max-video-preview:-1"},"og_locale":"pt_BR","og_type":"article","og_title":"Night and shift work and health implications - Condor Instruments","og_description":"Various functions in the human body exhibit circadian periodicity, such as core body temperature, hormones like cortisol, melatonin, testosterone, and growth hormone. In addition to these, the sleep-wake cycle exhibits circadian periodicity. The latter is regulated by two processes: the circadian process (C) and the homeostatic process (S). Process C refers to the organism&#8217;s circadian [&hellip;]","og_url":"https:\/\/condor.fabbricaweb.com.br\/pt\/trabalho-noturno-e-por-turnos-e-implicacoes-para-a-saude\/","og_site_name":"Condor Instruments","article_published_time":"2021-12-10T17:17:19+00:00","article_modified_time":"2026-08-24T15:11:26+00:00","og_image":[{"width":720,"height":600,"url":"https:\/\/condor.fabbricaweb.com.br\/wp-content\/uploads\/2021\/12\/720x600-pt.png","type":"image\/png"}],"author":"Condor","twitter_card":"summary_large_image","twitter_misc":{"Escrito por":"Condor","Est. tempo de leitura":"13 minutos"},"schema":{"@context":"https:\/\/schema.org","@graph":[{"@type":"Article","@id":"https:\/\/condor.fabbricaweb.com.br\/pt\/trabalho-noturno-e-por-turnos-e-implicacoes-para-a-saude\/#article","isPartOf":{"@id":"https:\/\/condor.fabbricaweb.com.br\/pt\/trabalho-noturno-e-por-turnos-e-implicacoes-para-a-saude\/"},"author":{"name":"Condor","@id":"https:\/\/condor.fabbricaweb.com.br\/pt\/#\/schema\/person\/86cd767bdd3b9c879fa81c8ceecb2aab"},"headline":"Night and shift work and health implications","datePublished":"2021-12-10T17:17:19+00:00","dateModified":"2026-08-24T15:11:26+00:00","mainEntityOfPage":{"@id":"https:\/\/condor.fabbricaweb.com.br\/pt\/trabalho-noturno-e-por-turnos-e-implicacoes-para-a-saude\/"},"wordCount":1993,"commentCount":0,"publisher":{"@id":"https:\/\/condor.fabbricaweb.com.br\/pt\/#organization"},"image":{"@id":"https:\/\/condor.fabbricaweb.com.br\/pt\/trabalho-noturno-e-por-turnos-e-implicacoes-para-a-saude\/#primaryimage"},"thumbnailUrl":"https:\/\/condor.fabbricaweb.com.br\/wp-content\/uploads\/2021\/12\/720x600-pt.png","articleSection":["Circadian Rhythm and Health","Sleep and Health"],"inLanguage":"pt-BR","potentialAction":[{"@type":"CommentAction","name":"Comment","target":["https:\/\/condor.fabbricaweb.com.br\/pt\/trabalho-noturno-e-por-turnos-e-implicacoes-para-a-saude\/#respond"]}]},{"@type":"WebPage","@id":"https:\/\/condor.fabbricaweb.com.br\/pt\/trabalho-noturno-e-por-turnos-e-implicacoes-para-a-saude\/","url":"https:\/\/condor.fabbricaweb.com.br\/pt\/trabalho-noturno-e-por-turnos-e-implicacoes-para-a-saude\/","name":"Night and shift work and health implications - Condor Instruments","isPartOf":{"@id":"https:\/\/condor.fabbricaweb.com.br\/pt\/#website"},"primaryImageOfPage":{"@id":"https:\/\/condor.fabbricaweb.com.br\/pt\/trabalho-noturno-e-por-turnos-e-implicacoes-para-a-saude\/#primaryimage"},"image":{"@id":"https:\/\/condor.fabbricaweb.com.br\/pt\/trabalho-noturno-e-por-turnos-e-implicacoes-para-a-saude\/#primaryimage"},"thumbnailUrl":"https:\/\/condor.fabbricaweb.com.br\/wp-content\/uploads\/2021\/12\/720x600-pt.png","datePublished":"2021-12-10T17:17:19+00:00","dateModified":"2026-08-24T15:11:26+00:00","breadcrumb":{"@id":"https:\/\/condor.fabbricaweb.com.br\/pt\/trabalho-noturno-e-por-turnos-e-implicacoes-para-a-saude\/#breadcrumb"},"inLanguage":"pt-BR","potentialAction":[{"@type":"ReadAction","target":["https:\/\/condor.fabbricaweb.com.br\/pt\/trabalho-noturno-e-por-turnos-e-implicacoes-para-a-saude\/"]}]},{"@type":"ImageObject","inLanguage":"pt-BR","@id":"https:\/\/condor.fabbricaweb.com.br\/pt\/trabalho-noturno-e-por-turnos-e-implicacoes-para-a-saude\/#primaryimage","url":"https:\/\/condor.fabbricaweb.com.br\/wp-content\/uploads\/2021\/12\/720x600-pt.png","contentUrl":"https:\/\/condor.fabbricaweb.com.br\/wp-content\/uploads\/2021\/12\/720x600-pt.png","width":720,"height":600},{"@type":"BreadcrumbList","@id":"https:\/\/condor.fabbricaweb.com.br\/pt\/trabalho-noturno-e-por-turnos-e-implicacoes-para-a-saude\/#breadcrumb","itemListElement":[{"@type":"ListItem","position":1,"name":"Home","item":"https:\/\/condor.fabbricaweb.com.br\/pt\/"},{"@type":"ListItem","position":2,"name":"Sem categoria","item":"https:\/\/condor.fabbricaweb.com.br\/pt\/category\/sem-categoria\/"},{"@type":"ListItem","position":3,"name":"Night and shift work and health implications"}]},{"@type":"WebSite","@id":"https:\/\/condor.fabbricaweb.com.br\/pt\/#website","url":"https:\/\/condor.fabbricaweb.com.br\/pt\/","name":"Condor Instruments","description":"","publisher":{"@id":"https:\/\/condor.fabbricaweb.com.br\/pt\/#organization"},"potentialAction":[{"@type":"SearchAction","target":{"@type":"EntryPoint","urlTemplate":"https:\/\/condor.fabbricaweb.com.br\/pt\/?s={search_term_string}"},"query-input":{"@type":"PropertyValueSpecification","valueRequired":true,"valueName":"search_term_string"}}],"inLanguage":"pt-BR"},{"@type":"Organization","@id":"https:\/\/condor.fabbricaweb.com.br\/pt\/#organization","name":"Condor Instruments","alternateName":"Condor","url":"https:\/\/condor.fabbricaweb.com.br\/pt\/","logo":{"@type":"ImageObject","inLanguage":"pt-BR","@id":"https:\/\/condor.fabbricaweb.com.br\/pt\/#\/schema\/logo\/image\/","url":"https:\/\/condor.fabbricaweb.com.br\/wp-content\/uploads\/2025\/04\/Condor-Logo-1.png","contentUrl":"https:\/\/condor.fabbricaweb.com.br\/wp-content\/uploads\/2025\/04\/Condor-Logo-1.png","width":780,"height":215,"caption":"Condor Instruments"},"image":{"@id":"https:\/\/condor.fabbricaweb.com.br\/pt\/#\/schema\/logo\/image\/"},"sameAs":["https:\/\/www.youtube.com\/channel\/UC9uxCFtNC_-bNvegdf6ltRQ","https:\/\/www.instagram.com\/instruments_condor\/","https:\/\/www.linkedin.com\/company\/condorinst"]},{"@type":"Person","@id":"https:\/\/condor.fabbricaweb.com.br\/pt\/#\/schema\/person\/86cd767bdd3b9c879fa81c8ceecb2aab","name":"Condor","image":{"@type":"ImageObject","inLanguage":"pt-BR","@id":"https:\/\/condor.fabbricaweb.com.br\/pt\/wp-content\/litespeed\/avatar\/3f0be2e0a7483e4b792e094c853fb6ca.jpg\/?ver=1788209426","url":"https:\/\/condor.fabbricaweb.com.br\/pt\/wp-content\/litespeed\/avatar\/3f0be2e0a7483e4b792e094c853fb6ca.jpg\/?ver=1788209426","contentUrl":"https:\/\/condor.fabbricaweb.com.br\/pt\/wp-content\/litespeed\/avatar\/3f0be2e0a7483e4b792e094c853fb6ca.jpg\/?ver=1788209426","caption":"Condor"},"url":"https:\/\/condor.fabbricaweb.com.br\/pt\/author\/condor\/"}]}},"_links":{"self":[{"href":"https:\/\/condor.fabbricaweb.com.br\/pt\/wp-json\/wp\/v2\/posts\/38379","targetHints":{"allow":["GET"]}}],"collection":[{"href":"https:\/\/condor.fabbricaweb.com.br\/pt\/wp-json\/wp\/v2\/posts"}],"about":[{"href":"https:\/\/condor.fabbricaweb.com.br\/pt\/wp-json\/wp\/v2\/types\/post"}],"author":[{"embeddable":true,"href":"https:\/\/condor.fabbricaweb.com.br\/pt\/wp-json\/wp\/v2\/users\/3"}],"replies":[{"embeddable":true,"href":"https:\/\/condor.fabbricaweb.com.br\/pt\/wp-json\/wp\/v2\/comments?post=38379"}],"version-history":[{"count":1,"href":"https:\/\/condor.fabbricaweb.com.br\/pt\/wp-json\/wp\/v2\/posts\/38379\/revisions"}],"predecessor-version":[{"id":58072,"href":"https:\/\/condor.fabbricaweb.com.br\/pt\/wp-json\/wp\/v2\/posts\/38379\/revisions\/58072"}],"wp:featuredmedia":[{"embeddable":true,"href":"https:\/\/condor.fabbricaweb.com.br\/pt\/wp-json\/wp\/v2\/media\/38381"}],"wp:attachment":[{"href":"https:\/\/condor.fabbricaweb.com.br\/pt\/wp-json\/wp\/v2\/media?parent=38379"}],"wp:term":[{"taxonomy":"category","embeddable":true,"href":"https:\/\/condor.fabbricaweb.com.br\/pt\/wp-json\/wp\/v2\/categories?post=38379"},{"taxonomy":"post_tag","embeddable":true,"href":"https:\/\/condor.fabbricaweb.com.br\/pt\/wp-json\/wp\/v2\/tags?post=38379"}],"curies":[{"name":"wp","href":"https:\/\/api.w.org\/{rel}","templated":true}]}}