{"id":44100,"date":"2022-02-17T12:21:56","date_gmt":"2022-02-17T15:21:56","guid":{"rendered":"http:\/\/condorinst.com.br\/?p=44100"},"modified":"2026-08-24T12:11:30","modified_gmt":"2026-08-24T15:11:30","slug":"melatonina-qual-e-sua-relacao-com-o-sono-e-ritmos-biologicos","status":"publish","type":"post","link":"https:\/\/condor.fabbricaweb.com.br\/pt\/melatonina-qual-e-sua-relacao-com-o-sono-e-ritmos-biologicos\/","title":{"rendered":"Melatonina: qual \u00e9 sua rela\u00e7\u00e3o com o sono e ritmos biol\u00f3gicos?"},"content":{"rendered":"<p class=\"wp-block-paragraph\">A melatonina \u00e9 um horm\u00f4nio presente em praticamente todos os organismos vivos e sua produ\u00e7\u00e3o ocorre na gl\u00e2ndula pineal, sendo ent\u00e3o secretada no sangue, e em seguida atuando como horm\u00f4nio (<a href=\"#_ENREF_1\">AMARAL; CIPOLLA-NETO, 2018<\/a>). O sistema de temporiza\u00e7\u00e3o circadiano exerce controle sobre sua produ\u00e7\u00e3o, de forma que, na presen\u00e7a de luz, sua produ\u00e7\u00e3o \u00e9 inibida e, por outro lado, na aus\u00eancia de luz, sua produ\u00e7\u00e3o \u00e9 estimulada. Assim, sua s\u00edntese \u00e9 alinhada ao ciclo claro-escuro. Seus efeitos no organismo s\u00e3o diversos e podem ser observados mesmo quando n\u00e3o h\u00e1 mais melatonina presente no organismo, fator que dificulta a delimita\u00e7\u00e3o de fun\u00e7\u00f5es como em outros horm\u00f4nios (<a href=\"#_ENREF_5\">CIPOLLA-NETO; AMARAL, 2018<\/a>). Para o prop\u00f3sito deste artigo, ser\u00e3o abordados os efeitos que a melatonina exerce no sono e ritmos biol\u00f3gicos, bem como algumas condi\u00e7\u00f5es que podem interferir em sua s\u00edntese.<\/p>\n\n\n\n<figure class=\"wp-block-image alignleft size-full is-resized\"><img fetchpriority=\"high\" decoding=\"async\" src=\"https:\/\/condor.fabbricaweb.com.br\/wp-content\/uploads\/2022\/02\/GLANDULA-PINEAL.png\" alt=\"\" class=\"wp-image-44103\" width=\"650\" height=\"650\" srcset=\"https:\/\/condor.fabbricaweb.com.br\/wp-content\/uploads\/2022\/02\/GLANDULA-PINEAL.png 1024w, https:\/\/condor.fabbricaweb.com.br\/wp-content\/uploads\/2022\/02\/GLANDULA-PINEAL-300x300.png 300w, https:\/\/condor.fabbricaweb.com.br\/wp-content\/uploads\/2022\/02\/GLANDULA-PINEAL-768x768.png 768w\" sizes=\"(max-width: 650px) 100vw, 650px\" \/><\/figure>\n\n\n\n<p class=\"wp-block-paragraph\">Devido ao seu componente circadiano, a concentra\u00e7\u00e3o de melatonina aumenta durante a noite e decresce durante o dia, e por isso foi constru\u00edda a ideia de que ela \u00e9 um horm\u00f4nio do sono. Contudo, esta afirma\u00e7\u00e3o \u00e9 um erro. Em esp\u00e9cies noturnas, isto \u00e9, em esp\u00e9cies cujo per\u00edodo de atividade se concentra durante a fase escura do dia, \u00e9 poss\u00edvel observar que a curva de melatonina segue o mesmo padr\u00e3o de esp\u00e9cies diurnas (seres humanos, por exemplo). De forma curiosa, a melatonina apresenta efeitos de auxiliar na indu\u00e7\u00e3o de sono somente em esp\u00e9cies predominantemente diurnas (<a href=\"#_ENREF_5\">CIPOLLA-NETO; AMARAL, 2018<\/a>; <a href=\"#_ENREF_8\">LIU; WEAVER; JIN; SHEARMAN<em> et al.<\/em>, 1997<\/a>).<\/p>\n\n\n\n<p class=\"wp-block-paragraph\">Ao dormir durante a fase clara do dia, quando n\u00e3o h\u00e1 muita melatonina no organismo, o sono apresenta arquitetura mais fragmentada e com menor dura\u00e7\u00e3o. Al\u00e9m disso, ao bloquear a secre\u00e7\u00e3o de melatonina durante a noite, seja atrav\u00e9s de interven\u00e7\u00e3o farmacol\u00f3gica ou luminosa, o mesmo padr\u00e3o fragmentado \u00e9 observado (<a href=\"#_ENREF_4\">CAJOCHEN; KR\u00c4UCHI; DANILENKO; WIRZ-JUSTICE, 1998<\/a>; <a href=\"#_ENREF_13\">VAN DEN HEUVEL; REID; DAWSON, 1997<\/a>). Obviamente, ao tentar dormir durante o dia existem outros componentes que influenciar\u00e3o na qualidade e dura\u00e7\u00e3o do sono, como a temperatura central elevada e maior concentra\u00e7\u00e3o de cortisol, mas estes resultados demonstram o potencial da melatonina em induzir e melhorar a qualidade de sono. Estudos realizados com seres humanos pinealectomizados refor\u00e7am estes dados. Estes pacientes, em geral, apresentam ritmos dessincronizados com o ciclo claro-escuro de 24 horas, redu\u00e7\u00e3o do tempo total de sono, alto volume de despertares durante a noite e baixa qualidade do sono. Na maioria dos casos, estes sintomas foram revertidos com administra\u00e7\u00e3o de melatonina ex\u00f3gena (<a href=\"#_ENREF_6\">ETZIONI; LUBOSHITZKY; TIOSANO; BEN-HARUSH<em> et al.<\/em>, 1996<\/a>; <a href=\"#_ENREF_7\">LEHMANN; COCKERELL; RUDGE, 1996<\/a>). Uma revis\u00e3o sistem\u00e1tica conduzida por Brzezinski e colaboradores buscou avaliar os efeitos da administra\u00e7\u00e3o de melatonina ex\u00f3gena em par\u00e2metros do sono. Os resultados demonstram redu\u00e7\u00e3o da lat\u00eancia para in\u00edcio de sono, bem como aumento do tempo total de sono e efici\u00eancia de sono (<a href=\"#_ENREF_3\">BRZEZINSKI; VANGEL; WURTMAN; NORRIE<em> et al.<\/em>, 2005<\/a>). Al\u00e9m disso, como mencionado por Cipolla Neto, a maioria dos estudos padroniza a dosagem de melatonina utilizada, e isto pode reduzir o tamanho do efeito observado (<a href=\"#_ENREF_5\">CIPOLLA-NETO; AMARAL, 2018<\/a>).<\/p>\n\n\n\n<p class=\"wp-block-paragraph\">Outra fun\u00e7\u00e3o importante da melatonina \u00e9 a de regula\u00e7\u00e3o do ciclo vig\u00edlia-sono. Este papel como cronobi\u00f3tico pode ser utilizado para a regula\u00e7\u00e3o de dist\u00farbios de ritmo, como a s\u00edndrome da fase atrasada\/avan\u00e7ada de sono e o ritmo n\u00e3o 24 horas. \u00c9 necess\u00e1rio observar o objetivo pretendido para ent\u00e3o definir o hor\u00e1rio de sua ingest\u00e3o. Ao realizar a ingest\u00e3o no in\u00edcio da noite, ocorre avan\u00e7o da fase do sono. Por outro lado, ao realizar a ingest\u00e3o no final da noite, ocorre atraso da fase de sono. \u00c9 observado tamb\u00e9m uma \u201czona morta\u201d, em que n\u00e3o s\u00e3o observadas adapta\u00e7\u00f5es relacionadas ao ritmo quando se realiza a ingest\u00e3o neste momento. Esta zona est\u00e1 localizada no meio da noite, quando geralmente ocorre a acrofase da melatonina (<a href=\"#_ENREF_5\">CIPOLLA-NETO; AMARAL, 2018<\/a>).<\/p>\n\n\n\n<h2 class=\"wp-block-heading\" id=\"condicoes-que-causam-a-reducao-da-concentracao-de-melatonina-endogena\"><em><strong>Condi\u00e7\u00f5es que causam a redu\u00e7\u00e3o da concentra\u00e7\u00e3o de melatonina end\u00f3gena<\/strong><\/em><\/h2>\n\n\n\n<p class=\"wp-block-paragraph\"><em>&nbsp;&nbsp;&nbsp;&nbsp;&nbsp;&nbsp;&nbsp;&nbsp;&nbsp;&nbsp;&nbsp; <\/em>Algumas condi\u00e7\u00f5es afetam a produ\u00e7\u00e3o de melatonina, tanto para mais quanto para menos. Do ponto de vista cl\u00ednico, a disfun\u00e7\u00e3o na produ\u00e7\u00e3o de melatonina pode ser classificada como:<\/p>\n\n\n\n<ul class=\"wp-block-list\">\n<li>Hipomelatoninemia: quando a produ\u00e7\u00e3o do horm\u00f4nio se encontra reduzida em rela\u00e7\u00e3o \u00e0 idade e pode ser classificada como prim\u00e1ria, quando fatores afetam diretamente a gl\u00e2ndula pineal, ou secund\u00e1ria quando ocorre a partir de eventos prim\u00e1rios, como doen\u00e7as sist\u00eamicas (hiperglicemia, por exemplo) ou fatores ambientais (luz durante a noite).<\/li>\n\n\n\n<li>Hipermelatoninemia. Ocorre quando a produ\u00e7\u00e3o \u00e9 excessiva, e geralmente est\u00e1 associada a outras doen\u00e7as, como anorexia nervosa (<a href=\"#_ENREF_2\">ARENDT; BHANJI; FRANEY; MATTINGLY, 1992<\/a>), s\u00edndrome do ov\u00e1rio polic\u00edstico (<a href=\"#_ENREF_12\">TARQUINI; BRUNI; PERFETTO; BIGOZZI<em> et al.<\/em>, 1996<\/a>), hipogonadismo hipogonadotr\u00f3fico (<a href=\"#_ENREF_10\">LUBOSHITZKY; SHEN-ORR; ISHAI; LAVIE, 2000<\/a>).<\/li>\n<\/ul>\n\n\n\n<p class=\"wp-block-paragraph\">Al\u00e9m disso, outras condi\u00e7\u00f5es podem afetar a produ\u00e7\u00e3o de melatonina, como les\u00e3o medular cervical (<a href=\"#_ENREF_11\">SCHEER; ZEITZER; AYAS; BROWN<em> et al.<\/em>, 2006<\/a>) e defici\u00eancia visual com interrup\u00e7\u00e3o na percep\u00e7\u00e3o de luz (<a href=\"#_ENREF_9\">LOCKLEY; SKENE; JAMES; THAPAN<em> et al.<\/em>, 2000<\/a>).<\/p>\n\n\n\n<h2 class=\"wp-block-heading\" id=\"farmacocinetica-e-dosagem\"><em><strong>Farmacocin\u00e9tica e dosagem<\/strong><\/em><\/h2>\n\n\n\n<p class=\"wp-block-paragraph\"><em>&nbsp;&nbsp;&nbsp;&nbsp;&nbsp;&nbsp;&nbsp;&nbsp;&nbsp;&nbsp;&nbsp; <\/em>A farmacocin\u00e9tica da melatonina depende da forma de ingest\u00e3o (oral, libera\u00e7\u00e3o r\u00e1pida\/lenta, intravenosa, spray nasal, suposit\u00f3rio anal, entre outros) e da absor\u00e7\u00e3o individual, bem como da atividade enzim\u00e1tica no f\u00edgado. A dose deve ser ajustada para cada indiv\u00edduo de forma personalizada, de forma a evitar sonol\u00eancia diurna e pesadelos durante a noite (<a href=\"#_ENREF_1\">AMARAL; CIPOLLA-NETO, 2018<\/a>).<\/p>\n\n\n\n<h2 class=\"wp-block-heading\" id=\"avaliacao-de-ritmos-biologicos\"><em><strong>Avalia\u00e7\u00e3o de ritmos biol\u00f3gicos<\/strong><\/em><\/h2>\n\n\n\n<p class=\"wp-block-paragraph\">When the aim of using melatonin is to regulate the sleep-wake cycle and improve aspects of sleep, actigraphy, the gold standard technique for assessing biological rhythms, can be used. The CONDOR actigraph has light, movement and body temperature sensors and, from these sensors, it is possible to analyze variables related to sleep, such as total sleep time, sleep efficiency, sleep onset latency and awakenings after sleep onset, as well as variables related to biological rhythm, such as cosinor, spectrogram, periodogram and non-parametric analyses (L5, M10, IV and IS). This makes it possible to monitor the patient objectively and non-invasively.<\/p>\n\n\n\n<h2 class=\"wp-block-heading\" id=\"conclusao\"><strong>Conclus\u00e3o<\/strong><\/h2>\n\n\n\n<p class=\"wp-block-paragraph\">A administra\u00e7\u00e3o de melatonina \u00e9 eficaz para melhorar a qualidade de sono, aumentar o tempo total de sono, efici\u00eancia de sono e reduzir a lat\u00eancia para in\u00edcio de sono. Al\u00e9m disso, tamb\u00e9m pode ser utilizada para tratamento de dist\u00farbios de ritmo biol\u00f3gico. Atualmente, h\u00e1 diversas formas de se consumir melatonina ex\u00f3gena, e a op\u00e7\u00e3o a ser utilizada, bem como a dosagem aplicada, deve ser definida pelo m\u00e9dico.<\/p>\n\n\n\n<figure class=\"wp-block-image size-full\"><a href=\"https:\/\/condor.fabbricaweb.com.br\/pt\/contato\/\" target=\"_blank\" rel=\"noreferrer noopener\"><img decoding=\"async\" width=\"1024\" height=\"427\" src=\"https:\/\/condor.fabbricaweb.com.br\/wp-content\/uploads\/2021\/08\/CONDOR-FOOTER-1-1024x427-1.png\" alt=\"\" class=\"wp-image-34124\" srcset=\"https:\/\/condor.fabbricaweb.com.br\/wp-content\/uploads\/2021\/08\/CONDOR-FOOTER-1-1024x427-1.png 1024w, https:\/\/condor.fabbricaweb.com.br\/wp-content\/uploads\/2021\/08\/CONDOR-FOOTER-1-1024x427-1-300x125.png 300w, https:\/\/condor.fabbricaweb.com.br\/wp-content\/uploads\/2021\/08\/CONDOR-FOOTER-1-1024x427-1-768x320.png 768w\" sizes=\"(max-width: 1024px) 100vw, 1024px\" \/><\/a><figcaption class=\"wp-element-caption\"><a href=\"https:\/\/condor.fabbricaweb.com.br\/pt\/\" target=\"_blank\" rel=\"noreferrer noopener\">https:\/\/condor.fabbricaweb.com.br\/<\/a><\/figcaption><\/figure>\n\n\n\n<p class=\"wp-block-paragraph\"><\/p>\n\n\n\n<div class=\"wp-block-buttons is-content-justification-center is-layout-flex wp-container-core-buttons-is-layout-3e41869c wp-block-buttons-is-layout-flex\">\n<div class=\"wp-block-button\"><a class=\"wp-block-button__link wp-element-button\" href=\"https:\/\/condor.fabbricaweb.com.br\/pt\/contato\/\" target=\"_blank\" rel=\"noreferrer noopener\">Fale Conosco<\/a><\/div>\n<\/div>","protected":false},"excerpt":{"rendered":"<p>Melatonin is a hormone found in practically all living organisms and is produced in the pineal gland, secreted into the blood and then acting as a hormone (AMARAL; CIPOLLA-NETO, 2018). The circadian timing system controls its production, so that in the presence of light, its production is inhibited and, conversely, in the absence of light, [&hellip;]<\/p>\n","protected":false},"author":3,"featured_media":44102,"comment_status":"open","ping_status":"open","sticky":false,"template":"","format":"standard","meta":{"footnotes":"","_links_to":"","_links_to_target":""},"categories":[10,12],"tags":[],"class_list":["post-44100","post","type-post","status-publish","format-standard","has-post-thumbnail","hentry","category-circadian-rhythm-and-health","category-sleep-and-health"],"yoast_head":"<!-- This site is optimized with the Yoast SEO plugin v28.3 - https:\/\/yoast.com\/product\/yoast-seo-wordpress\/ -->\n<title>Melatonin: what is its relationship with sleep and biological rhythms? - Condor Instruments<\/title>\n<meta name=\"robots\" content=\"noindex, follow, max-snippet:-1, max-image-preview:large, max-video-preview:-1\" \/>\n<meta property=\"og:locale\" content=\"pt_BR\" \/>\n<meta property=\"og:type\" content=\"article\" \/>\n<meta property=\"og:title\" content=\"Melatonin: what is its relationship with sleep and biological rhythms? - Condor Instruments\" \/>\n<meta property=\"og:description\" content=\"Melatonin is a hormone found in practically all living organisms and is produced in the pineal gland, secreted into the blood and then acting as a hormone (AMARAL; CIPOLLA-NETO, 2018). The circadian timing system controls its production, so that in the presence of light, its production is inhibited and, conversely, in the absence of light, [&hellip;]\" \/>\n<meta property=\"og:url\" content=\"https:\/\/condor.fabbricaweb.com.br\/pt\/melatonina-qual-e-sua-relacao-com-o-sono-e-ritmos-biologicos\/\" \/>\n<meta property=\"og:site_name\" content=\"Condor Instruments\" \/>\n<meta property=\"article:published_time\" content=\"2022-02-17T15:21:56+00:00\" \/>\n<meta property=\"article:modified_time\" content=\"2026-08-24T15:11:30+00:00\" \/>\n<meta property=\"og:image\" content=\"https:\/\/condor.fabbricaweb.com.br\/wp-content\/uploads\/2022\/02\/720x600-pt-1.png\" \/>\n\t<meta property=\"og:image:width\" content=\"720\" \/>\n\t<meta property=\"og:image:height\" content=\"600\" \/>\n\t<meta property=\"og:image:type\" content=\"image\/png\" \/>\n<meta name=\"author\" content=\"Condor\" \/>\n<meta name=\"twitter:card\" content=\"summary_large_image\" \/>\n<meta name=\"twitter:label1\" content=\"Escrito por\" \/>\n\t<meta name=\"twitter:data1\" content=\"Condor\" \/>\n\t<meta name=\"twitter:label2\" content=\"Est. tempo de leitura\" \/>\n\t<meta name=\"twitter:data2\" content=\"7 minutos\" \/>\n<script type=\"application\/ld+json\" class=\"yoast-schema-graph\">{\"@context\":\"https:\\\/\\\/schema.org\",\"@graph\":[{\"@type\":\"Article\",\"@id\":\"https:\\\/\\\/condor.fabbricaweb.com.br\\\/pt\\\/melatonina-qual-e-sua-relacao-com-o-sono-e-ritmos-biologicos\\\/#article\",\"isPartOf\":{\"@id\":\"https:\\\/\\\/condor.fabbricaweb.com.br\\\/pt\\\/melatonina-qual-e-sua-relacao-com-o-sono-e-ritmos-biologicos\\\/\"},\"author\":{\"name\":\"Condor\",\"@id\":\"https:\\\/\\\/condor.fabbricaweb.com.br\\\/pt\\\/#\\\/schema\\\/person\\\/86cd767bdd3b9c879fa81c8ceecb2aab\"},\"headline\":\"Melatonin: what is its relationship with sleep and biological rhythms?\",\"datePublished\":\"2022-02-17T15:21:56+00:00\",\"dateModified\":\"2026-08-24T15:11:30+00:00\",\"mainEntityOfPage\":{\"@id\":\"https:\\\/\\\/condor.fabbricaweb.com.br\\\/pt\\\/melatonina-qual-e-sua-relacao-com-o-sono-e-ritmos-biologicos\\\/\"},\"wordCount\":1002,\"commentCount\":0,\"publisher\":{\"@id\":\"https:\\\/\\\/condor.fabbricaweb.com.br\\\/pt\\\/#organization\"},\"image\":{\"@id\":\"https:\\\/\\\/condor.fabbricaweb.com.br\\\/pt\\\/melatonina-qual-e-sua-relacao-com-o-sono-e-ritmos-biologicos\\\/#primaryimage\"},\"thumbnailUrl\":\"https:\\\/\\\/condor.fabbricaweb.com.br\\\/wp-content\\\/uploads\\\/2022\\\/02\\\/720x600-pt-1.png\",\"articleSection\":[\"Circadian Rhythm and Health\",\"Sleep and Health\"],\"inLanguage\":\"pt-BR\",\"potentialAction\":[{\"@type\":\"CommentAction\",\"name\":\"Comment\",\"target\":[\"https:\\\/\\\/condor.fabbricaweb.com.br\\\/pt\\\/melatonina-qual-e-sua-relacao-com-o-sono-e-ritmos-biologicos\\\/#respond\"]}]},{\"@type\":\"WebPage\",\"@id\":\"https:\\\/\\\/condor.fabbricaweb.com.br\\\/pt\\\/melatonina-qual-e-sua-relacao-com-o-sono-e-ritmos-biologicos\\\/\",\"url\":\"https:\\\/\\\/condor.fabbricaweb.com.br\\\/pt\\\/melatonina-qual-e-sua-relacao-com-o-sono-e-ritmos-biologicos\\\/\",\"name\":\"Melatonin: what is its relationship with sleep and biological rhythms? - Condor Instruments\",\"isPartOf\":{\"@id\":\"https:\\\/\\\/condor.fabbricaweb.com.br\\\/pt\\\/#website\"},\"primaryImageOfPage\":{\"@id\":\"https:\\\/\\\/condor.fabbricaweb.com.br\\\/pt\\\/melatonina-qual-e-sua-relacao-com-o-sono-e-ritmos-biologicos\\\/#primaryimage\"},\"image\":{\"@id\":\"https:\\\/\\\/condor.fabbricaweb.com.br\\\/pt\\\/melatonina-qual-e-sua-relacao-com-o-sono-e-ritmos-biologicos\\\/#primaryimage\"},\"thumbnailUrl\":\"https:\\\/\\\/condor.fabbricaweb.com.br\\\/wp-content\\\/uploads\\\/2022\\\/02\\\/720x600-pt-1.png\",\"datePublished\":\"2022-02-17T15:21:56+00:00\",\"dateModified\":\"2026-08-24T15:11:30+00:00\",\"breadcrumb\":{\"@id\":\"https:\\\/\\\/condor.fabbricaweb.com.br\\\/pt\\\/melatonina-qual-e-sua-relacao-com-o-sono-e-ritmos-biologicos\\\/#breadcrumb\"},\"inLanguage\":\"pt-BR\",\"potentialAction\":[{\"@type\":\"ReadAction\",\"target\":[\"https:\\\/\\\/condor.fabbricaweb.com.br\\\/pt\\\/melatonina-qual-e-sua-relacao-com-o-sono-e-ritmos-biologicos\\\/\"]}]},{\"@type\":\"ImageObject\",\"inLanguage\":\"pt-BR\",\"@id\":\"https:\\\/\\\/condor.fabbricaweb.com.br\\\/pt\\\/melatonina-qual-e-sua-relacao-com-o-sono-e-ritmos-biologicos\\\/#primaryimage\",\"url\":\"https:\\\/\\\/condor.fabbricaweb.com.br\\\/wp-content\\\/uploads\\\/2022\\\/02\\\/720x600-pt-1.png\",\"contentUrl\":\"https:\\\/\\\/condor.fabbricaweb.com.br\\\/wp-content\\\/uploads\\\/2022\\\/02\\\/720x600-pt-1.png\",\"width\":720,\"height\":600},{\"@type\":\"BreadcrumbList\",\"@id\":\"https:\\\/\\\/condor.fabbricaweb.com.br\\\/pt\\\/melatonina-qual-e-sua-relacao-com-o-sono-e-ritmos-biologicos\\\/#breadcrumb\",\"itemListElement\":[{\"@type\":\"ListItem\",\"position\":1,\"name\":\"Home\",\"item\":\"https:\\\/\\\/condor.fabbricaweb.com.br\\\/pt\\\/\"},{\"@type\":\"ListItem\",\"position\":2,\"name\":\"Circadian Rhythm and Health\",\"item\":\"https:\\\/\\\/condor.fabbricaweb.com.br\\\/pt\\\/category\\\/circadian-rhythm-and-health\\\/\"},{\"@type\":\"ListItem\",\"position\":3,\"name\":\"Melatonin: what is its relationship with sleep and biological rhythms?\"}]},{\"@type\":\"WebSite\",\"@id\":\"https:\\\/\\\/condor.fabbricaweb.com.br\\\/pt\\\/#website\",\"url\":\"https:\\\/\\\/condor.fabbricaweb.com.br\\\/pt\\\/\",\"name\":\"Condor Instruments\",\"description\":\"\",\"publisher\":{\"@id\":\"https:\\\/\\\/condor.fabbricaweb.com.br\\\/pt\\\/#organization\"},\"potentialAction\":[{\"@type\":\"SearchAction\",\"target\":{\"@type\":\"EntryPoint\",\"urlTemplate\":\"https:\\\/\\\/condor.fabbricaweb.com.br\\\/pt\\\/?s={search_term_string}\"},\"query-input\":{\"@type\":\"PropertyValueSpecification\",\"valueRequired\":true,\"valueName\":\"search_term_string\"}}],\"inLanguage\":\"pt-BR\"},{\"@type\":\"Organization\",\"@id\":\"https:\\\/\\\/condor.fabbricaweb.com.br\\\/pt\\\/#organization\",\"name\":\"Condor Instruments\",\"alternateName\":\"Condor\",\"url\":\"https:\\\/\\\/condor.fabbricaweb.com.br\\\/pt\\\/\",\"logo\":{\"@type\":\"ImageObject\",\"inLanguage\":\"pt-BR\",\"@id\":\"https:\\\/\\\/condor.fabbricaweb.com.br\\\/pt\\\/#\\\/schema\\\/logo\\\/image\\\/\",\"url\":\"https:\\\/\\\/condor.fabbricaweb.com.br\\\/wp-content\\\/uploads\\\/2025\\\/04\\\/Condor-Logo-1.png\",\"contentUrl\":\"https:\\\/\\\/condor.fabbricaweb.com.br\\\/wp-content\\\/uploads\\\/2025\\\/04\\\/Condor-Logo-1.png\",\"width\":780,\"height\":215,\"caption\":\"Condor Instruments\"},\"image\":{\"@id\":\"https:\\\/\\\/condor.fabbricaweb.com.br\\\/pt\\\/#\\\/schema\\\/logo\\\/image\\\/\"},\"sameAs\":[\"https:\\\/\\\/www.youtube.com\\\/channel\\\/UC9uxCFtNC_-bNvegdf6ltRQ\",\"https:\\\/\\\/www.instagram.com\\\/instruments_condor\\\/\",\"https:\\\/\\\/www.linkedin.com\\\/company\\\/condorinst\"]},{\"@type\":\"Person\",\"@id\":\"https:\\\/\\\/condor.fabbricaweb.com.br\\\/pt\\\/#\\\/schema\\\/person\\\/86cd767bdd3b9c879fa81c8ceecb2aab\",\"name\":\"Condor\",\"image\":{\"@type\":\"ImageObject\",\"inLanguage\":\"pt-BR\",\"@id\":\"https:\\\/\\\/condor.fabbricaweb.com.br\\\/pt\\\/wp-content\\\/litespeed\\\/avatar\\\/3f0be2e0a7483e4b792e094c853fb6ca.jpg\\\/?ver=1788209426\",\"url\":\"https:\\\/\\\/condor.fabbricaweb.com.br\\\/pt\\\/wp-content\\\/litespeed\\\/avatar\\\/3f0be2e0a7483e4b792e094c853fb6ca.jpg\\\/?ver=1788209426\",\"contentUrl\":\"https:\\\/\\\/condor.fabbricaweb.com.br\\\/pt\\\/wp-content\\\/litespeed\\\/avatar\\\/3f0be2e0a7483e4b792e094c853fb6ca.jpg\\\/?ver=1788209426\",\"caption\":\"Condor\"},\"url\":\"https:\\\/\\\/condor.fabbricaweb.com.br\\\/pt\\\/author\\\/condor\\\/\"}]}<\/script>\n<!-- \/ Yoast SEO plugin. -->","yoast_head_json":{"title":"Melatonin: what is its relationship with sleep and biological rhythms? - Condor Instruments","robots":{"index":"noindex","follow":"follow","max-snippet":"max-snippet:-1","max-image-preview":"max-image-preview:large","max-video-preview":"max-video-preview:-1"},"og_locale":"pt_BR","og_type":"article","og_title":"Melatonin: what is its relationship with sleep and biological rhythms? - Condor Instruments","og_description":"Melatonin is a hormone found in practically all living organisms and is produced in the pineal gland, secreted into the blood and then acting as a hormone (AMARAL; CIPOLLA-NETO, 2018). The circadian timing system controls its production, so that in the presence of light, its production is inhibited and, conversely, in the absence of light, [&hellip;]","og_url":"https:\/\/condor.fabbricaweb.com.br\/pt\/melatonina-qual-e-sua-relacao-com-o-sono-e-ritmos-biologicos\/","og_site_name":"Condor Instruments","article_published_time":"2022-02-17T15:21:56+00:00","article_modified_time":"2026-08-24T15:11:30+00:00","og_image":[{"width":720,"height":600,"url":"https:\/\/condor.fabbricaweb.com.br\/wp-content\/uploads\/2022\/02\/720x600-pt-1.png","type":"image\/png"}],"author":"Condor","twitter_card":"summary_large_image","twitter_misc":{"Escrito por":"Condor","Est. tempo de leitura":"7 minutos"},"schema":{"@context":"https:\/\/schema.org","@graph":[{"@type":"Article","@id":"https:\/\/condor.fabbricaweb.com.br\/pt\/melatonina-qual-e-sua-relacao-com-o-sono-e-ritmos-biologicos\/#article","isPartOf":{"@id":"https:\/\/condor.fabbricaweb.com.br\/pt\/melatonina-qual-e-sua-relacao-com-o-sono-e-ritmos-biologicos\/"},"author":{"name":"Condor","@id":"https:\/\/condor.fabbricaweb.com.br\/pt\/#\/schema\/person\/86cd767bdd3b9c879fa81c8ceecb2aab"},"headline":"Melatonin: what is its relationship with sleep and biological rhythms?","datePublished":"2022-02-17T15:21:56+00:00","dateModified":"2026-08-24T15:11:30+00:00","mainEntityOfPage":{"@id":"https:\/\/condor.fabbricaweb.com.br\/pt\/melatonina-qual-e-sua-relacao-com-o-sono-e-ritmos-biologicos\/"},"wordCount":1002,"commentCount":0,"publisher":{"@id":"https:\/\/condor.fabbricaweb.com.br\/pt\/#organization"},"image":{"@id":"https:\/\/condor.fabbricaweb.com.br\/pt\/melatonina-qual-e-sua-relacao-com-o-sono-e-ritmos-biologicos\/#primaryimage"},"thumbnailUrl":"https:\/\/condor.fabbricaweb.com.br\/wp-content\/uploads\/2022\/02\/720x600-pt-1.png","articleSection":["Circadian Rhythm and Health","Sleep and Health"],"inLanguage":"pt-BR","potentialAction":[{"@type":"CommentAction","name":"Comment","target":["https:\/\/condor.fabbricaweb.com.br\/pt\/melatonina-qual-e-sua-relacao-com-o-sono-e-ritmos-biologicos\/#respond"]}]},{"@type":"WebPage","@id":"https:\/\/condor.fabbricaweb.com.br\/pt\/melatonina-qual-e-sua-relacao-com-o-sono-e-ritmos-biologicos\/","url":"https:\/\/condor.fabbricaweb.com.br\/pt\/melatonina-qual-e-sua-relacao-com-o-sono-e-ritmos-biologicos\/","name":"Melatonin: what is its relationship with sleep and biological rhythms? - Condor Instruments","isPartOf":{"@id":"https:\/\/condor.fabbricaweb.com.br\/pt\/#website"},"primaryImageOfPage":{"@id":"https:\/\/condor.fabbricaweb.com.br\/pt\/melatonina-qual-e-sua-relacao-com-o-sono-e-ritmos-biologicos\/#primaryimage"},"image":{"@id":"https:\/\/condor.fabbricaweb.com.br\/pt\/melatonina-qual-e-sua-relacao-com-o-sono-e-ritmos-biologicos\/#primaryimage"},"thumbnailUrl":"https:\/\/condor.fabbricaweb.com.br\/wp-content\/uploads\/2022\/02\/720x600-pt-1.png","datePublished":"2022-02-17T15:21:56+00:00","dateModified":"2026-08-24T15:11:30+00:00","breadcrumb":{"@id":"https:\/\/condor.fabbricaweb.com.br\/pt\/melatonina-qual-e-sua-relacao-com-o-sono-e-ritmos-biologicos\/#breadcrumb"},"inLanguage":"pt-BR","potentialAction":[{"@type":"ReadAction","target":["https:\/\/condor.fabbricaweb.com.br\/pt\/melatonina-qual-e-sua-relacao-com-o-sono-e-ritmos-biologicos\/"]}]},{"@type":"ImageObject","inLanguage":"pt-BR","@id":"https:\/\/condor.fabbricaweb.com.br\/pt\/melatonina-qual-e-sua-relacao-com-o-sono-e-ritmos-biologicos\/#primaryimage","url":"https:\/\/condor.fabbricaweb.com.br\/wp-content\/uploads\/2022\/02\/720x600-pt-1.png","contentUrl":"https:\/\/condor.fabbricaweb.com.br\/wp-content\/uploads\/2022\/02\/720x600-pt-1.png","width":720,"height":600},{"@type":"BreadcrumbList","@id":"https:\/\/condor.fabbricaweb.com.br\/pt\/melatonina-qual-e-sua-relacao-com-o-sono-e-ritmos-biologicos\/#breadcrumb","itemListElement":[{"@type":"ListItem","position":1,"name":"Home","item":"https:\/\/condor.fabbricaweb.com.br\/pt\/"},{"@type":"ListItem","position":2,"name":"Circadian Rhythm and Health","item":"https:\/\/condor.fabbricaweb.com.br\/pt\/category\/circadian-rhythm-and-health\/"},{"@type":"ListItem","position":3,"name":"Melatonin: what is its relationship with sleep and biological rhythms?"}]},{"@type":"WebSite","@id":"https:\/\/condor.fabbricaweb.com.br\/pt\/#website","url":"https:\/\/condor.fabbricaweb.com.br\/pt\/","name":"Condor Instruments","description":"","publisher":{"@id":"https:\/\/condor.fabbricaweb.com.br\/pt\/#organization"},"potentialAction":[{"@type":"SearchAction","target":{"@type":"EntryPoint","urlTemplate":"https:\/\/condor.fabbricaweb.com.br\/pt\/?s={search_term_string}"},"query-input":{"@type":"PropertyValueSpecification","valueRequired":true,"valueName":"search_term_string"}}],"inLanguage":"pt-BR"},{"@type":"Organization","@id":"https:\/\/condor.fabbricaweb.com.br\/pt\/#organization","name":"Condor Instruments","alternateName":"Condor","url":"https:\/\/condor.fabbricaweb.com.br\/pt\/","logo":{"@type":"ImageObject","inLanguage":"pt-BR","@id":"https:\/\/condor.fabbricaweb.com.br\/pt\/#\/schema\/logo\/image\/","url":"https:\/\/condor.fabbricaweb.com.br\/wp-content\/uploads\/2025\/04\/Condor-Logo-1.png","contentUrl":"https:\/\/condor.fabbricaweb.com.br\/wp-content\/uploads\/2025\/04\/Condor-Logo-1.png","width":780,"height":215,"caption":"Condor Instruments"},"image":{"@id":"https:\/\/condor.fabbricaweb.com.br\/pt\/#\/schema\/logo\/image\/"},"sameAs":["https:\/\/www.youtube.com\/channel\/UC9uxCFtNC_-bNvegdf6ltRQ","https:\/\/www.instagram.com\/instruments_condor\/","https:\/\/www.linkedin.com\/company\/condorinst"]},{"@type":"Person","@id":"https:\/\/condor.fabbricaweb.com.br\/pt\/#\/schema\/person\/86cd767bdd3b9c879fa81c8ceecb2aab","name":"Condor","image":{"@type":"ImageObject","inLanguage":"pt-BR","@id":"https:\/\/condor.fabbricaweb.com.br\/pt\/wp-content\/litespeed\/avatar\/3f0be2e0a7483e4b792e094c853fb6ca.jpg\/?ver=1788209426","url":"https:\/\/condor.fabbricaweb.com.br\/pt\/wp-content\/litespeed\/avatar\/3f0be2e0a7483e4b792e094c853fb6ca.jpg\/?ver=1788209426","contentUrl":"https:\/\/condor.fabbricaweb.com.br\/pt\/wp-content\/litespeed\/avatar\/3f0be2e0a7483e4b792e094c853fb6ca.jpg\/?ver=1788209426","caption":"Condor"},"url":"https:\/\/condor.fabbricaweb.com.br\/pt\/author\/condor\/"}]}},"_links":{"self":[{"href":"https:\/\/condor.fabbricaweb.com.br\/pt\/wp-json\/wp\/v2\/posts\/44100","targetHints":{"allow":["GET"]}}],"collection":[{"href":"https:\/\/condor.fabbricaweb.com.br\/pt\/wp-json\/wp\/v2\/posts"}],"about":[{"href":"https:\/\/condor.fabbricaweb.com.br\/pt\/wp-json\/wp\/v2\/types\/post"}],"author":[{"embeddable":true,"href":"https:\/\/condor.fabbricaweb.com.br\/pt\/wp-json\/wp\/v2\/users\/3"}],"replies":[{"embeddable":true,"href":"https:\/\/condor.fabbricaweb.com.br\/pt\/wp-json\/wp\/v2\/comments?post=44100"}],"version-history":[{"count":1,"href":"https:\/\/condor.fabbricaweb.com.br\/pt\/wp-json\/wp\/v2\/posts\/44100\/revisions"}],"predecessor-version":[{"id":58074,"href":"https:\/\/condor.fabbricaweb.com.br\/pt\/wp-json\/wp\/v2\/posts\/44100\/revisions\/58074"}],"wp:featuredmedia":[{"embeddable":true,"href":"https:\/\/condor.fabbricaweb.com.br\/pt\/wp-json\/wp\/v2\/media\/44102"}],"wp:attachment":[{"href":"https:\/\/condor.fabbricaweb.com.br\/pt\/wp-json\/wp\/v2\/media?parent=44100"}],"wp:term":[{"taxonomy":"category","embeddable":true,"href":"https:\/\/condor.fabbricaweb.com.br\/pt\/wp-json\/wp\/v2\/categories?post=44100"},{"taxonomy":"post_tag","embeddable":true,"href":"https:\/\/condor.fabbricaweb.com.br\/pt\/wp-json\/wp\/v2\/tags?post=44100"}],"curies":[{"name":"wp","href":"https:\/\/api.w.org\/{rel}","templated":true}]}}