{"id":51913,"date":"2022-06-27T11:33:54","date_gmt":"2022-06-27T14:33:54","guid":{"rendered":"http:\/\/condorinst.com.br\/?p=51913"},"modified":"2026-08-24T12:11:46","modified_gmt":"2026-08-24T15:11:46","slug":"relacao-entre-dor-e-sono","status":"publish","type":"post","link":"https:\/\/condor.fabbricaweb.com.br\/pt\/relacao-entre-dor-e-sono\/","title":{"rendered":"Rela\u00e7\u00e3o entre dor e sono"},"content":{"rendered":"<p class=\"wp-block-paragraph\">Dormir \u00e9 uma necessidade biol\u00f3gica, e sua import\u00e2ncia na promo\u00e7\u00e3o da qualidade de vida e bem-estar est\u00e1 bem documentado. Assim, a priva\u00e7\u00e3o de sono acarreta fadiga, sonol\u00eancia diurna excessiva e preju\u00edzos cognitivos (como por exemplo flu\u00eancia verbal, mem\u00f3ria, tomada de decis\u00e3o e tempo de rea\u00e7\u00e3o)(<a href=\"\/\/_ENREF_4\" target=\"_blank\" rel=\"noreferrer noopener\">BLOOM; AHMED; ALESSI; ANCOLI-ISRAEL<em> et al.<\/em>, 2009<\/a>). Dentre os fatores que acarretam priva\u00e7\u00e3o e restri\u00e7\u00e3o de sono, a dor persistente \u00e9 uma das raz\u00f5es mais comuns (<a href=\"\/\/_ENREF_5\" target=\"_blank\" rel=\"noreferrer noopener\">BRENNAN; LIEBERMAN, 2009<\/a>). Assim, muitos pacientes acreditam que os problemas de sono experimentados por eles s\u00e3o decorrentes da dor que sentem (<a href=\"\/\/_ENREF_9\" target=\"_blank\" rel=\"noreferrer noopener\">HAWKER; STEWART; FRENCH; CIBERE<em> et al.<\/em>, 2008<\/a>Still, many patients believe that the pain will disappear when the sleep problem is resolved<a href=\"\/\/_ENREF_13\" target=\"_blank\" rel=\"noreferrer noopener\">MORIN; GIBSON; WADE, 1998<\/a>). Portanto, o objetivo deste artigo \u00e9 demonstrar as rela\u00e7\u00f5es existentes entre dor e problemas com o sono.<\/p>\n\n\n\n<h2 class=\"wp-block-heading\"><strong><em>Rela\u00e7\u00f5es entre sono e dor<\/em>&nbsp;<\/strong><\/h2>\n\n\n\n<p class=\"wp-block-paragraph\">A priva\u00e7\u00e3o de sono leva a altera\u00e7\u00f5es no processamento da dor, de forma que restri\u00e7\u00e3o de sono cr\u00f4nica aumenta \u00e0 sensibilidade \u00e0 dor (<a href=\"\/\/_ENREF_12\" target=\"_blank\" rel=\"noreferrer noopener\">KUNDERMANN; KRIEG; SCHREIBER; LAUTENBACHER, 2004<\/a>). Por exemplo, indiv\u00edduos saud\u00e1veis relataram amplifica\u00e7\u00e3o da dor ap\u00f3s 2 noites de restri\u00e7\u00e3o de sono (cujo sono noturno foi restrito em 4h), e a intensidade da dor percebida aumentou com o n\u00famero de noites em restri\u00e7\u00e3o de sono (<a href=\"\/\/_ENREF_8\" target=\"_blank\" rel=\"noreferrer noopener\">HAACK; MULLINGTON, 2005<\/a>). Em sete indiv\u00edduos saud\u00e1veis, a restri\u00e7\u00e3o de sono e restri\u00e7\u00e3o de sono REM causou hiperalgesia no dia seguinte (<a href=\"\/\/_ENREF_14\" target=\"_blank\" rel=\"noreferrer noopener\">ROEHRS; HYDE; BLAISDELL; GREENWALD<em> et al.<\/em>, 2006<\/a>). Estes autores concluem que \u00e9 importante ter cautela com a administra\u00e7\u00e3o de medicamentos que reduzam tanto o tempo total de sono e\/ou a propor\u00e7\u00e3o de sono REM durante a noite, visto que isto pode aumentar a sensibilidade \u00e0 dor dos indiv\u00edduos.<\/p>\n\n\n\n<p class=\"wp-block-paragraph\">Assim, estas evid\u00eancias indicam que atuar com foco em melhorar a qualidade de sono pode ser uma estrat\u00e9gia eficaz para atenuar a dor nestes pacientes. Ainda, o sono de boa qualidade \u00e9 tido como importante na resolu\u00e7\u00e3o da dor persistente (<a href=\"\/\/_ENREF_6\" target=\"_blank\" rel=\"noreferrer noopener\">DAVIES; MACFARLANE; NICHOLL; DICKENS<em> et al.<\/em>, 2008<\/a>) e, al\u00e9m disso, pacientes com dor persistente que s\u00e3o bons dormidores relatam menos dor durante a noite (<a href=\"\/\/_ENREF_1\" target=\"_blank\" rel=\"noreferrer noopener\">ASHWORTH; DAVIDSON; ESPIE, 2010<\/a>). Assim, sono e dor se relacionam diretamente quando um ou outro aumenta ou diminui.<\/p>\n\n\n\n<h2 class=\"wp-block-heading\"><em><strong>Efeitos da dor no sono<\/strong><\/em>&nbsp;<\/h2>\n\n\n\n<p class=\"wp-block-paragraph\">A ins\u00f4nia \u00e9 definida como lat\u00eancia para in\u00edcio de sono maior que 30 minutos e\/ou um despertar noturno maior que 30 minutos com frequ\u00eancia igual ou maior a 3 dias por semana e dura\u00e7\u00e3o igual ou maior que 3 meses (<a href=\"\/\/_ENREF_15\" target=\"_blank\" rel=\"noreferrer noopener\">SATEIA, 2014<\/a>). A ins\u00f4nia \u00e9 altamente prevalente em pacientes com dor cr\u00f4nica, de forma que 53 a 90% apresentam algum grau de ins\u00f4nia cl\u00ednica (<a href=\"\/\/_ENREF_17\" target=\"_blank\" rel=\"noreferrer noopener\">TANG; WRIGHT; SALKOVSKIS, 2007<\/a>) Por exemplo, pacientes com dor cr\u00f4nica nas costas apresentam probabilidade 18 vezes maior de ter ins\u00f4nia do que pessoas sem dor nas costas.<\/p>\n\n\n\n<figure class=\"wp-block-image alignleft size-large is-resized\"><img fetchpriority=\"high\" decoding=\"async\" src=\"https:\/\/condor.fabbricaweb.com.br\/wp-content\/uploads\/2022\/06\/Ciclo-dor.png\" alt=\"\" class=\"wp-image-51479\" width=\"373\" height=\"373\"\/><\/figure>\n\n\n\n<p class=\"wp-block-paragraph\">Ainda, a dor constante gera transtornos e altera\u00e7\u00f5es no estilo da vida da pessoa que, em \u00faltima inst\u00e2ncia, resultam em piora da qualidade de sono. Por exemplo, pacientes com dor cr\u00f4nica frequentemente apresentam redu\u00e7\u00e3o dos n\u00edveis de atividade f\u00edsica no dia a dia, aumento do tempo de cama e de cochilos durante o dia. Este padr\u00e3o de atividade pode promover e perpetuar a ins\u00f4nia atrav\u00e9s do condicionamento (<a href=\"\/\/_ENREF_16\" target=\"_blank\" rel=\"noreferrer noopener\">SPIELMAN; SASKIN; THORPY, 1987<\/a>). Em um estudo transversal conduzido em pacientes com osteoartrite de quadril aguardando artroplastia de quadril, mais de 50% destes pacientes sofriam de ins\u00f4nia. Por outro lado, a redu\u00e7\u00e3o da dor melhorou a qualidade de sono em metade destes pacientes (<a href=\"\/\/_ENREF_2\" target=\"_blank\" rel=\"noreferrer noopener\">BL\u00c5GESTAD; PALLESEN; GR\u00d8NLI; TANG<em> et al.<\/em>, 2016<\/a>). O mesmo fato foi observado em pacientes com artrite reumatoide, suportando o impacto da restri\u00e7\u00e3o de sono na severidade da dor (<a href=\"\/\/_ENREF_11\" target=\"_blank\" rel=\"noreferrer noopener\">IRWIN; OLMSTEAD; CARRILLO; SADEGHI<em> et al.<\/em>, 2012<\/a>). Al\u00e9m disso, a dor cr\u00f4nica se associa a outras condi\u00e7\u00f5es de sa\u00fade, como risco aumentado para desenvolvimento de depress\u00e3o, uso frequente de medicamentos, baixa qualidade de vida e maior utiliza\u00e7\u00e3o do sistema de sa\u00fade (<a href=\"\/\/_ENREF_3\" target=\"_blank\" rel=\"noreferrer noopener\">BLAY; ANDREOLI; GASTAL, 2007<\/a>).&nbsp;&nbsp;<\/p>\n\n\n\n<h2 class=\"wp-block-heading\"><strong><em>Gest\u00e3o da dor cr\u00f4nica e dist\u00farbios de sono<\/em>&nbsp;<\/strong><\/h2>\n\n\n\n<p class=\"wp-block-paragraph\">Apesar do crescente aumento da literatura cient\u00edfica envolvendo o tema do sono em pacientes com dor cr\u00f4nica, muitos programas de tratamento da dor utilizam medicamentos analg\u00e9sicos e\/ou hipn\u00f3ticos para o tratamento de comorbidades como a ins\u00f4nia (<a href=\"\/\/_ENREF_17\" target=\"_blank\" rel=\"noreferrer noopener\">TANG; WRIGHT; SALKOVSKIS, 2007<\/a>). Estes medicamentos incluem anticonvulsivantes, benzodiazep\u00ednicos e n\u00e3o benzodiazep\u00ednicos, e antidepressivos tric\u00edclicos. Contudo, \u00e9 importante ter cautela quanto \u00e0 administra\u00e7\u00e3o destes medicamentos, visto que possuem efeitos colaterais. Por exemplo, a utiliza\u00e7\u00e3o de medicamentos hipn\u00f3ticos est\u00e1 relacionada a efeitos colaterais como seda\u00e7\u00e3o, sonol\u00eancia diurna excessiva, tontura, dor de cabe\u00e7a, e preju\u00edzos cognitivos e psicomotores (<a href=\"\/\/_ENREF_10\" target=\"_blank\" rel=\"noreferrer noopener\">HOLBROOK; CROWTHER; LOTTER; CHENG<em> et al.<\/em>, 2000<\/a>). Al\u00e9m disso, h\u00e1 evid\u00eancias demonstrando que a medica\u00e7\u00e3o em pessoas com dor de cabe\u00e7a ou dor musculoesquel\u00e9tica pode piorar o sono e, desta forma, aumentar a sensa\u00e7\u00e3o de dor (<a href=\"\/\/_ENREF_7\" target=\"_blank\" rel=\"noreferrer noopener\">DOUFAS; PANAGIOTOU; IOANNIDIS, 2012<\/a>). Assim, \u00e9 importante que a condi\u00e7\u00e3o do paciente seja analisada e a raiz da dor seja tratada de forma eficaz e, em paralelo, se necess\u00e1rio, seja administrada uma medica\u00e7\u00e3o que promova o menor malef\u00edcio poss\u00edvel.<\/p>\n\n\n\n<h2 class=\"wp-block-heading\"><strong><em>Conclus\u00e3o<\/em>&nbsp;<\/strong><\/h2>\n\n\n\n<p class=\"wp-block-paragraph\">A grande maioria dos pacientes com dor cr\u00f4nica apresentam algum grau de comprometimento durante o sono. Por outro lado, a restri\u00e7\u00e3o de sono acarreta um agravamento na percep\u00e7\u00e3o da dor. Assim, estes pacientes merecem um tratamento diferenciado que aborde tanto a raiz da dor quanto os dist\u00farbios de sono existentes. Por fim, \u00e9 necess\u00e1rio ter cautela quanto \u00e0 utiliza\u00e7\u00e3o de medicamentos hipn\u00f3ticos, visto que os poss\u00edveis efeitos colaterais podem impactar diretamente no dia a dia destes pacientes.<\/p>\n\n\n\n<h2 class=\"wp-block-heading\"><strong><em>Como avaliar o sono?<\/em>&nbsp;<\/strong><\/h2>\n\n\n\n<p class=\"wp-block-paragraph\">A actigrafia \u00e9 uma t\u00e9cnica que pode ser utilizada para avaliar o padr\u00e3o de sono e do ritmo vig\u00edlia-sono. O act\u00edgrafo \u00e9 um dispositivo semelhante a um rel\u00f3gio de punho que cont\u00e9m sensores de luz, movimento e temperatura. Assim, atrav\u00e9s destas informa\u00e7\u00f5es, \u00e9 poss\u00edvel extrair dados a respeito de vari\u00e1veis como tempo total de sono, lat\u00eancia para in\u00edcio do sono, tempo acordado ap\u00f3s in\u00edcio do sono, efici\u00eancia de sono, tempo em vig\u00edlia e vari\u00e1veis relacionadas ao ritmo, como cosinor, espectograma, periodograma, e vari\u00e1veis n\u00e3o param\u00e9tricas como L5, M10, IS e IV.<\/p>\n\n\n\n<figure class=\"wp-block-image size-large\"><a href=\"https:\/\/condor.fabbricaweb.com.br\/pt\/contato\/\" target=\"_blank\" rel=\"noreferrer noopener\"><img decoding=\"async\" width=\"1024\" height=\"427\" src=\"https:\/\/condor.fabbricaweb.com.br\/wp-content\/uploads\/2021\/08\/CONDOR-FOOTER-1-1024x427-1.png\" alt=\"\" class=\"wp-image-34124\" srcset=\"https:\/\/condor.fabbricaweb.com.br\/wp-content\/uploads\/2021\/08\/CONDOR-FOOTER-1-1024x427-1.png 1024w, https:\/\/condor.fabbricaweb.com.br\/wp-content\/uploads\/2021\/08\/CONDOR-FOOTER-1-1024x427-1-300x125.png 300w, https:\/\/condor.fabbricaweb.com.br\/wp-content\/uploads\/2021\/08\/CONDOR-FOOTER-1-1024x427-1-768x320.png 768w\" sizes=\"(max-width: 1024px) 100vw, 1024px\" \/><\/a><figcaption class=\"wp-element-caption\"><a href=\"https:\/\/condor.fabbricaweb.com.br\/pt\/\" target=\"_blank\" rel=\"noreferrer noopener\">https:\/\/condor.fabbricaweb.com.br\/<\/a><\/figcaption><\/figure>\n\n\n\n<div class=\"wp-block-buttons is-content-justification-center is-layout-flex wp-container-core-buttons-is-layout-3e41869c wp-block-buttons-is-layout-flex\">\n<div class=\"wp-block-button\"><a class=\"wp-block-button__link wp-element-button\" href=\"https:\/\/condor.fabbricaweb.com.br\/pt\/contato\/\" target=\"_blank\" rel=\"noreferrer noopener\">Fale Conosco<\/a><\/div>\n<\/div>","protected":false},"excerpt":{"rendered":"<p>Sleep is a biological necessity, and its importance in promoting quality of life and well-being is well documented. Thus, sleep deprivation leads to fatigue, excessive daytime sleepiness, and cognitive impairments (such as verbal fluency, memory, decision-making, and reaction time).BLOOM; AHMED; ALESSI; ANCOLI-ISRAEL et al., 2009Among the factors that cause sleep deprivation and restriction, persistent pain [&hellip;]<\/p>\n","protected":false},"author":3,"featured_media":51478,"comment_status":"open","ping_status":"open","sticky":false,"template":"","format":"standard","meta":{"footnotes":"","_links_to":"","_links_to_target":""},"categories":[11,12],"tags":[],"class_list":["post-51913","post","type-post","status-publish","format-standard","has-post-thumbnail","hentry","category-actigraphy","category-sleep-and-health"],"yoast_head":"<!-- This site is optimized with the Yoast SEO plugin v28.3 - https:\/\/yoast.com\/product\/yoast-seo-wordpress\/ -->\n<title>The relationship between pain and sleep - Condor Instruments<\/title>\n<meta name=\"robots\" content=\"noindex, follow, max-snippet:-1, max-image-preview:large, max-video-preview:-1\" \/>\n<meta property=\"og:locale\" content=\"pt_BR\" \/>\n<meta property=\"og:type\" content=\"article\" \/>\n<meta property=\"og:title\" content=\"The relationship between pain and sleep - Condor Instruments\" \/>\n<meta property=\"og:description\" content=\"Sleep is a biological necessity, and its importance in promoting quality of life and well-being is well documented. Thus, sleep deprivation leads to fatigue, excessive daytime sleepiness, and cognitive impairments (such as verbal fluency, memory, decision-making, and reaction time).BLOOM; AHMED; ALESSI; ANCOLI-ISRAEL et al., 2009Among the factors that cause sleep deprivation and restriction, persistent pain [&hellip;]\" \/>\n<meta property=\"og:url\" content=\"https:\/\/condor.fabbricaweb.com.br\/pt\/relacao-entre-dor-e-sono\/\" \/>\n<meta property=\"og:site_name\" content=\"Condor Instruments\" \/>\n<meta property=\"article:published_time\" content=\"2022-06-27T14:33:54+00:00\" \/>\n<meta property=\"article:modified_time\" content=\"2026-08-24T15:11:46+00:00\" \/>\n<meta property=\"og:image\" content=\"https:\/\/condor.fabbricaweb.com.br\/wp-content\/uploads\/2022\/06\/720x600-pt.png\" \/>\n\t<meta property=\"og:image:width\" content=\"720\" \/>\n\t<meta property=\"og:image:height\" content=\"600\" \/>\n\t<meta property=\"og:image:type\" content=\"image\/png\" \/>\n<meta name=\"author\" content=\"Condor\" \/>\n<meta name=\"twitter:card\" content=\"summary_large_image\" \/>\n<meta name=\"twitter:label1\" content=\"Escrito por\" \/>\n\t<meta name=\"twitter:data1\" content=\"Condor\" \/>\n\t<meta name=\"twitter:label2\" content=\"Est. tempo de leitura\" \/>\n\t<meta name=\"twitter:data2\" content=\"6 minutos\" \/>\n<script type=\"application\/ld+json\" class=\"yoast-schema-graph\">{\"@context\":\"https:\\\/\\\/schema.org\",\"@graph\":[{\"@type\":\"Article\",\"@id\":\"https:\\\/\\\/condor.fabbricaweb.com.br\\\/pt\\\/relacao-entre-dor-e-sono\\\/#article\",\"isPartOf\":{\"@id\":\"https:\\\/\\\/condor.fabbricaweb.com.br\\\/pt\\\/relacao-entre-dor-e-sono\\\/\"},\"author\":{\"name\":\"Condor\",\"@id\":\"https:\\\/\\\/condor.fabbricaweb.com.br\\\/pt\\\/#\\\/schema\\\/person\\\/86cd767bdd3b9c879fa81c8ceecb2aab\"},\"headline\":\"The relationship between pain and sleep\",\"datePublished\":\"2022-06-27T14:33:54+00:00\",\"dateModified\":\"2026-08-24T15:11:46+00:00\",\"mainEntityOfPage\":{\"@id\":\"https:\\\/\\\/condor.fabbricaweb.com.br\\\/pt\\\/relacao-entre-dor-e-sono\\\/\"},\"wordCount\":873,\"commentCount\":0,\"publisher\":{\"@id\":\"https:\\\/\\\/condor.fabbricaweb.com.br\\\/pt\\\/#organization\"},\"image\":{\"@id\":\"https:\\\/\\\/condor.fabbricaweb.com.br\\\/pt\\\/relacao-entre-dor-e-sono\\\/#primaryimage\"},\"thumbnailUrl\":\"https:\\\/\\\/condor.fabbricaweb.com.br\\\/wp-content\\\/uploads\\\/2022\\\/06\\\/720x600-pt.png\",\"articleSection\":[\"Actigraphy\",\"Sleep and Health\"],\"inLanguage\":\"pt-BR\",\"potentialAction\":[{\"@type\":\"CommentAction\",\"name\":\"Comment\",\"target\":[\"https:\\\/\\\/condor.fabbricaweb.com.br\\\/pt\\\/relacao-entre-dor-e-sono\\\/#respond\"]}]},{\"@type\":\"WebPage\",\"@id\":\"https:\\\/\\\/condor.fabbricaweb.com.br\\\/pt\\\/relacao-entre-dor-e-sono\\\/\",\"url\":\"https:\\\/\\\/condor.fabbricaweb.com.br\\\/pt\\\/relacao-entre-dor-e-sono\\\/\",\"name\":\"The relationship between pain and sleep - Condor Instruments\",\"isPartOf\":{\"@id\":\"https:\\\/\\\/condor.fabbricaweb.com.br\\\/pt\\\/#website\"},\"primaryImageOfPage\":{\"@id\":\"https:\\\/\\\/condor.fabbricaweb.com.br\\\/pt\\\/relacao-entre-dor-e-sono\\\/#primaryimage\"},\"image\":{\"@id\":\"https:\\\/\\\/condor.fabbricaweb.com.br\\\/pt\\\/relacao-entre-dor-e-sono\\\/#primaryimage\"},\"thumbnailUrl\":\"https:\\\/\\\/condor.fabbricaweb.com.br\\\/wp-content\\\/uploads\\\/2022\\\/06\\\/720x600-pt.png\",\"datePublished\":\"2022-06-27T14:33:54+00:00\",\"dateModified\":\"2026-08-24T15:11:46+00:00\",\"breadcrumb\":{\"@id\":\"https:\\\/\\\/condor.fabbricaweb.com.br\\\/pt\\\/relacao-entre-dor-e-sono\\\/#breadcrumb\"},\"inLanguage\":\"pt-BR\",\"potentialAction\":[{\"@type\":\"ReadAction\",\"target\":[\"https:\\\/\\\/condor.fabbricaweb.com.br\\\/pt\\\/relacao-entre-dor-e-sono\\\/\"]}]},{\"@type\":\"ImageObject\",\"inLanguage\":\"pt-BR\",\"@id\":\"https:\\\/\\\/condor.fabbricaweb.com.br\\\/pt\\\/relacao-entre-dor-e-sono\\\/#primaryimage\",\"url\":\"https:\\\/\\\/condor.fabbricaweb.com.br\\\/wp-content\\\/uploads\\\/2022\\\/06\\\/720x600-pt.png\",\"contentUrl\":\"https:\\\/\\\/condor.fabbricaweb.com.br\\\/wp-content\\\/uploads\\\/2022\\\/06\\\/720x600-pt.png\",\"width\":720,\"height\":600},{\"@type\":\"BreadcrumbList\",\"@id\":\"https:\\\/\\\/condor.fabbricaweb.com.br\\\/pt\\\/relacao-entre-dor-e-sono\\\/#breadcrumb\",\"itemListElement\":[{\"@type\":\"ListItem\",\"position\":1,\"name\":\"Home\",\"item\":\"https:\\\/\\\/condor.fabbricaweb.com.br\\\/pt\\\/\"},{\"@type\":\"ListItem\",\"position\":2,\"name\":\"Actigraphy\",\"item\":\"https:\\\/\\\/condor.fabbricaweb.com.br\\\/pt\\\/category\\\/actigraphy\\\/\"},{\"@type\":\"ListItem\",\"position\":3,\"name\":\"The relationship between pain and sleep\"}]},{\"@type\":\"WebSite\",\"@id\":\"https:\\\/\\\/condor.fabbricaweb.com.br\\\/pt\\\/#website\",\"url\":\"https:\\\/\\\/condor.fabbricaweb.com.br\\\/pt\\\/\",\"name\":\"Condor Instruments\",\"description\":\"\",\"publisher\":{\"@id\":\"https:\\\/\\\/condor.fabbricaweb.com.br\\\/pt\\\/#organization\"},\"potentialAction\":[{\"@type\":\"SearchAction\",\"target\":{\"@type\":\"EntryPoint\",\"urlTemplate\":\"https:\\\/\\\/condor.fabbricaweb.com.br\\\/pt\\\/?s={search_term_string}\"},\"query-input\":{\"@type\":\"PropertyValueSpecification\",\"valueRequired\":true,\"valueName\":\"search_term_string\"}}],\"inLanguage\":\"pt-BR\"},{\"@type\":\"Organization\",\"@id\":\"https:\\\/\\\/condor.fabbricaweb.com.br\\\/pt\\\/#organization\",\"name\":\"Condor Instruments\",\"alternateName\":\"Condor\",\"url\":\"https:\\\/\\\/condor.fabbricaweb.com.br\\\/pt\\\/\",\"logo\":{\"@type\":\"ImageObject\",\"inLanguage\":\"pt-BR\",\"@id\":\"https:\\\/\\\/condor.fabbricaweb.com.br\\\/pt\\\/#\\\/schema\\\/logo\\\/image\\\/\",\"url\":\"https:\\\/\\\/condor.fabbricaweb.com.br\\\/wp-content\\\/uploads\\\/2025\\\/04\\\/Condor-Logo-1.png\",\"contentUrl\":\"https:\\\/\\\/condor.fabbricaweb.com.br\\\/wp-content\\\/uploads\\\/2025\\\/04\\\/Condor-Logo-1.png\",\"width\":780,\"height\":215,\"caption\":\"Condor Instruments\"},\"image\":{\"@id\":\"https:\\\/\\\/condor.fabbricaweb.com.br\\\/pt\\\/#\\\/schema\\\/logo\\\/image\\\/\"},\"sameAs\":[\"https:\\\/\\\/www.youtube.com\\\/channel\\\/UC9uxCFtNC_-bNvegdf6ltRQ\",\"https:\\\/\\\/www.instagram.com\\\/instruments_condor\\\/\",\"https:\\\/\\\/www.linkedin.com\\\/company\\\/condorinst\"]},{\"@type\":\"Person\",\"@id\":\"https:\\\/\\\/condor.fabbricaweb.com.br\\\/pt\\\/#\\\/schema\\\/person\\\/86cd767bdd3b9c879fa81c8ceecb2aab\",\"name\":\"Condor\",\"image\":{\"@type\":\"ImageObject\",\"inLanguage\":\"pt-BR\",\"@id\":\"https:\\\/\\\/condor.fabbricaweb.com.br\\\/pt\\\/wp-content\\\/litespeed\\\/avatar\\\/3f0be2e0a7483e4b792e094c853fb6ca.jpg\\\/?ver=1788209426\",\"url\":\"https:\\\/\\\/condor.fabbricaweb.com.br\\\/pt\\\/wp-content\\\/litespeed\\\/avatar\\\/3f0be2e0a7483e4b792e094c853fb6ca.jpg\\\/?ver=1788209426\",\"contentUrl\":\"https:\\\/\\\/condor.fabbricaweb.com.br\\\/pt\\\/wp-content\\\/litespeed\\\/avatar\\\/3f0be2e0a7483e4b792e094c853fb6ca.jpg\\\/?ver=1788209426\",\"caption\":\"Condor\"},\"url\":\"https:\\\/\\\/condor.fabbricaweb.com.br\\\/pt\\\/author\\\/condor\\\/\"}]}<\/script>\n<!-- \/ Yoast SEO plugin. -->","yoast_head_json":{"title":"The relationship between pain and sleep - Condor Instruments","robots":{"index":"noindex","follow":"follow","max-snippet":"max-snippet:-1","max-image-preview":"max-image-preview:large","max-video-preview":"max-video-preview:-1"},"og_locale":"pt_BR","og_type":"article","og_title":"The relationship between pain and sleep - Condor Instruments","og_description":"Sleep is a biological necessity, and its importance in promoting quality of life and well-being is well documented. Thus, sleep deprivation leads to fatigue, excessive daytime sleepiness, and cognitive impairments (such as verbal fluency, memory, decision-making, and reaction time).BLOOM; AHMED; ALESSI; ANCOLI-ISRAEL et al., 2009Among the factors that cause sleep deprivation and restriction, persistent pain [&hellip;]","og_url":"https:\/\/condor.fabbricaweb.com.br\/pt\/relacao-entre-dor-e-sono\/","og_site_name":"Condor Instruments","article_published_time":"2022-06-27T14:33:54+00:00","article_modified_time":"2026-08-24T15:11:46+00:00","og_image":[{"width":720,"height":600,"url":"https:\/\/condor.fabbricaweb.com.br\/wp-content\/uploads\/2022\/06\/720x600-pt.png","type":"image\/png"}],"author":"Condor","twitter_card":"summary_large_image","twitter_misc":{"Escrito por":"Condor","Est. tempo de leitura":"6 minutos"},"schema":{"@context":"https:\/\/schema.org","@graph":[{"@type":"Article","@id":"https:\/\/condor.fabbricaweb.com.br\/pt\/relacao-entre-dor-e-sono\/#article","isPartOf":{"@id":"https:\/\/condor.fabbricaweb.com.br\/pt\/relacao-entre-dor-e-sono\/"},"author":{"name":"Condor","@id":"https:\/\/condor.fabbricaweb.com.br\/pt\/#\/schema\/person\/86cd767bdd3b9c879fa81c8ceecb2aab"},"headline":"The relationship between pain and sleep","datePublished":"2022-06-27T14:33:54+00:00","dateModified":"2026-08-24T15:11:46+00:00","mainEntityOfPage":{"@id":"https:\/\/condor.fabbricaweb.com.br\/pt\/relacao-entre-dor-e-sono\/"},"wordCount":873,"commentCount":0,"publisher":{"@id":"https:\/\/condor.fabbricaweb.com.br\/pt\/#organization"},"image":{"@id":"https:\/\/condor.fabbricaweb.com.br\/pt\/relacao-entre-dor-e-sono\/#primaryimage"},"thumbnailUrl":"https:\/\/condor.fabbricaweb.com.br\/wp-content\/uploads\/2022\/06\/720x600-pt.png","articleSection":["Actigraphy","Sleep and Health"],"inLanguage":"pt-BR","potentialAction":[{"@type":"CommentAction","name":"Comment","target":["https:\/\/condor.fabbricaweb.com.br\/pt\/relacao-entre-dor-e-sono\/#respond"]}]},{"@type":"WebPage","@id":"https:\/\/condor.fabbricaweb.com.br\/pt\/relacao-entre-dor-e-sono\/","url":"https:\/\/condor.fabbricaweb.com.br\/pt\/relacao-entre-dor-e-sono\/","name":"The relationship between pain and sleep - Condor Instruments","isPartOf":{"@id":"https:\/\/condor.fabbricaweb.com.br\/pt\/#website"},"primaryImageOfPage":{"@id":"https:\/\/condor.fabbricaweb.com.br\/pt\/relacao-entre-dor-e-sono\/#primaryimage"},"image":{"@id":"https:\/\/condor.fabbricaweb.com.br\/pt\/relacao-entre-dor-e-sono\/#primaryimage"},"thumbnailUrl":"https:\/\/condor.fabbricaweb.com.br\/wp-content\/uploads\/2022\/06\/720x600-pt.png","datePublished":"2022-06-27T14:33:54+00:00","dateModified":"2026-08-24T15:11:46+00:00","breadcrumb":{"@id":"https:\/\/condor.fabbricaweb.com.br\/pt\/relacao-entre-dor-e-sono\/#breadcrumb"},"inLanguage":"pt-BR","potentialAction":[{"@type":"ReadAction","target":["https:\/\/condor.fabbricaweb.com.br\/pt\/relacao-entre-dor-e-sono\/"]}]},{"@type":"ImageObject","inLanguage":"pt-BR","@id":"https:\/\/condor.fabbricaweb.com.br\/pt\/relacao-entre-dor-e-sono\/#primaryimage","url":"https:\/\/condor.fabbricaweb.com.br\/wp-content\/uploads\/2022\/06\/720x600-pt.png","contentUrl":"https:\/\/condor.fabbricaweb.com.br\/wp-content\/uploads\/2022\/06\/720x600-pt.png","width":720,"height":600},{"@type":"BreadcrumbList","@id":"https:\/\/condor.fabbricaweb.com.br\/pt\/relacao-entre-dor-e-sono\/#breadcrumb","itemListElement":[{"@type":"ListItem","position":1,"name":"Home","item":"https:\/\/condor.fabbricaweb.com.br\/pt\/"},{"@type":"ListItem","position":2,"name":"Actigraphy","item":"https:\/\/condor.fabbricaweb.com.br\/pt\/category\/actigraphy\/"},{"@type":"ListItem","position":3,"name":"The relationship between pain and sleep"}]},{"@type":"WebSite","@id":"https:\/\/condor.fabbricaweb.com.br\/pt\/#website","url":"https:\/\/condor.fabbricaweb.com.br\/pt\/","name":"Condor Instruments","description":"","publisher":{"@id":"https:\/\/condor.fabbricaweb.com.br\/pt\/#organization"},"potentialAction":[{"@type":"SearchAction","target":{"@type":"EntryPoint","urlTemplate":"https:\/\/condor.fabbricaweb.com.br\/pt\/?s={search_term_string}"},"query-input":{"@type":"PropertyValueSpecification","valueRequired":true,"valueName":"search_term_string"}}],"inLanguage":"pt-BR"},{"@type":"Organization","@id":"https:\/\/condor.fabbricaweb.com.br\/pt\/#organization","name":"Condor Instruments","alternateName":"Condor","url":"https:\/\/condor.fabbricaweb.com.br\/pt\/","logo":{"@type":"ImageObject","inLanguage":"pt-BR","@id":"https:\/\/condor.fabbricaweb.com.br\/pt\/#\/schema\/logo\/image\/","url":"https:\/\/condor.fabbricaweb.com.br\/wp-content\/uploads\/2025\/04\/Condor-Logo-1.png","contentUrl":"https:\/\/condor.fabbricaweb.com.br\/wp-content\/uploads\/2025\/04\/Condor-Logo-1.png","width":780,"height":215,"caption":"Condor Instruments"},"image":{"@id":"https:\/\/condor.fabbricaweb.com.br\/pt\/#\/schema\/logo\/image\/"},"sameAs":["https:\/\/www.youtube.com\/channel\/UC9uxCFtNC_-bNvegdf6ltRQ","https:\/\/www.instagram.com\/instruments_condor\/","https:\/\/www.linkedin.com\/company\/condorinst"]},{"@type":"Person","@id":"https:\/\/condor.fabbricaweb.com.br\/pt\/#\/schema\/person\/86cd767bdd3b9c879fa81c8ceecb2aab","name":"Condor","image":{"@type":"ImageObject","inLanguage":"pt-BR","@id":"https:\/\/condor.fabbricaweb.com.br\/pt\/wp-content\/litespeed\/avatar\/3f0be2e0a7483e4b792e094c853fb6ca.jpg\/?ver=1788209426","url":"https:\/\/condor.fabbricaweb.com.br\/pt\/wp-content\/litespeed\/avatar\/3f0be2e0a7483e4b792e094c853fb6ca.jpg\/?ver=1788209426","contentUrl":"https:\/\/condor.fabbricaweb.com.br\/pt\/wp-content\/litespeed\/avatar\/3f0be2e0a7483e4b792e094c853fb6ca.jpg\/?ver=1788209426","caption":"Condor"},"url":"https:\/\/condor.fabbricaweb.com.br\/pt\/author\/condor\/"}]}},"_links":{"self":[{"href":"https:\/\/condor.fabbricaweb.com.br\/pt\/wp-json\/wp\/v2\/posts\/51913","targetHints":{"allow":["GET"]}}],"collection":[{"href":"https:\/\/condor.fabbricaweb.com.br\/pt\/wp-json\/wp\/v2\/posts"}],"about":[{"href":"https:\/\/condor.fabbricaweb.com.br\/pt\/wp-json\/wp\/v2\/types\/post"}],"author":[{"embeddable":true,"href":"https:\/\/condor.fabbricaweb.com.br\/pt\/wp-json\/wp\/v2\/users\/3"}],"replies":[{"embeddable":true,"href":"https:\/\/condor.fabbricaweb.com.br\/pt\/wp-json\/wp\/v2\/comments?post=51913"}],"version-history":[{"count":1,"href":"https:\/\/condor.fabbricaweb.com.br\/pt\/wp-json\/wp\/v2\/posts\/51913\/revisions"}],"predecessor-version":[{"id":58081,"href":"https:\/\/condor.fabbricaweb.com.br\/pt\/wp-json\/wp\/v2\/posts\/51913\/revisions\/58081"}],"wp:featuredmedia":[{"embeddable":true,"href":"https:\/\/condor.fabbricaweb.com.br\/pt\/wp-json\/wp\/v2\/media\/51478"}],"wp:attachment":[{"href":"https:\/\/condor.fabbricaweb.com.br\/pt\/wp-json\/wp\/v2\/media?parent=51913"}],"wp:term":[{"taxonomy":"category","embeddable":true,"href":"https:\/\/condor.fabbricaweb.com.br\/pt\/wp-json\/wp\/v2\/categories?post=51913"},{"taxonomy":"post_tag","embeddable":true,"href":"https:\/\/condor.fabbricaweb.com.br\/pt\/wp-json\/wp\/v2\/tags?post=51913"}],"curies":[{"name":"wp","href":"https:\/\/api.w.org\/{rel}","templated":true}]}}