{"id":53393,"date":"2022-09-15T17:06:34","date_gmt":"2022-09-15T20:06:34","guid":{"rendered":"https:\/\/condor.fabbricaweb.com.br\/?p=53393"},"modified":"2026-08-24T12:11:51","modified_gmt":"2026-08-24T15:11:51","slug":"o-que-e-apneia-do-sono","status":"publish","type":"post","link":"https:\/\/condor.fabbricaweb.com.br\/pt\/o-que-e-apneia-do-sono\/","title":{"rendered":"O Que \u00e9 Apneia do Sono?"},"content":{"rendered":"<h2 class=\"wp-block-heading\"><strong>Saiba tudo sobre apneia do sono<\/strong>&nbsp;<\/h2>\n\n\n\n<p class=\"wp-block-paragraph\">Dist\u00farbio do sono que acomete algo em torno de 30% a 35% da popula\u00e7\u00e3o, a <strong>Apneia do sono<\/strong> afeta diretamente a respira\u00e7\u00e3o da pessoa. Muita gente acha que este dist\u00farbio \u00e9 caracterizado principalmente pelo ronco alto e cont\u00ednuo, mas isso n\u00e3o \u00e9 verdade. O principal sintoma est\u00e1 na respira\u00e7\u00e3o: s\u00e3o interrup\u00e7\u00f5es que se repetem ao menos cinco vezes em um per\u00edodo de 60 minutos.<\/p>\n\n\n\n<p class=\"wp-block-paragraph\">Trata-se de um dist\u00farbio do sono s\u00e9rio, complexo, que pode afetar a sa\u00fade e a qualidade de vida de uma forma bem rigorosa. A <strong>Apneia do sono<\/strong> tem sintomas variados, fatores de risco diversos e consequ\u00eancias que podem ser bem s\u00e9rias, mas a boa not\u00edcia \u00e9 que tem tratamento e cura. \u00c9 o que voc\u00ea vai saber agora, ao ler este conte\u00fado at\u00e9 o fim.<\/p>\n\n\n\n<h2 class=\"wp-block-heading\"><strong>Apneia do sono X concentra\u00e7\u00e3o de oxig\u00eanio no sangue<\/strong>&nbsp;<\/h2>\n\n\n\n<p class=\"wp-block-paragraph\">\u00c9 bem verdade que uma pessoa acometida pela<strong> Apneia do sono<\/strong> pode apresentar roncos sucessivos e bem barulhentos, mas os ru\u00eddos s\u00e3o apenas o pano de fundo para engasgos, ou pequenas pausas na entrada de ar, que podem at\u00e9 diminuir a concentra\u00e7\u00e3o de oxig\u00eanio no sangue.<\/p>\n\n\n\n<p class=\"wp-block-paragraph\">\u00c9 exatamente por isso que este dist\u00farbio do sono pode ser bem s\u00e9rio. Uma redu\u00e7\u00e3o do oxig\u00eanio no sangue pode superativas o sistema nervoso, elevando o ritmo dos batimentos card\u00edacos e estimulando a concentra\u00e7\u00e3o dos vasos sangu\u00edneos. Resultado: a <strong>Apneia do sono<\/strong> pode se transformar em um determinante fator de risco para press\u00e3o alta e arritmia card\u00edaca.<\/p>\n\n\n\n<p class=\"wp-block-paragraph\">E tem mais: este <a href=\"https:\/\/condor.fabbricaweb.com.br\/pt\/disturbios-do-sono\/\" target=\"_blank\" rel=\"noreferrer noopener\">dist\u00farbio do sono<\/a> pode favorecer o ac\u00famulo de gordura abdominal e a resist\u00eancia \u00e0 insulina, que \u00e9 o horm\u00f4nio que conduz a glicose a entrar nas c\u00e9lulas, gerando energia, condi\u00e7\u00f5es b\u00e1sicas para o surgimento da diabete tipo 2.<\/p>\n\n\n\n<h2 class=\"wp-block-heading\"><strong>Apneia obstrutiva, a mais comum<\/strong>&nbsp;<\/h2>\n\n\n\n<p class=\"wp-block-paragraph\">O tipo mais comum da doen\u00e7a \u00e9 a apneia obstrutiva do sono, quando o ar para de fluir para as vias a\u00e9reas por conta de um bloqueio tempor\u00e1rio provocado pelo relaxamento dos m\u00fasculos da gargante do paciente.<\/p>\n\n\n\n<p class=\"wp-block-paragraph\">Outro tipo conhecido, por\u00e9m mais raro, \u00e9 a apneia central do sono. A principal caracter\u00edstica deste tipo de<strong> Apneia do sono<\/strong> \u00e9 provocada por uma altera\u00e7\u00e3o na regi\u00e3o do c\u00e9rebro que faz o controle da respira\u00e7\u00e3o.<\/p>\n\n\n\n<figure class=\"wp-block-image alignleft size-full is-resized\"><img fetchpriority=\"high\" decoding=\"async\" src=\"https:\/\/condor.fabbricaweb.com.br\/wp-content\/uploads\/2022\/09\/apneia.png\" alt=\"\" class=\"wp-image-53398\" width=\"495\" height=\"495\" srcset=\"https:\/\/condor.fabbricaweb.com.br\/wp-content\/uploads\/2022\/09\/apneia.png 1024w, https:\/\/condor.fabbricaweb.com.br\/wp-content\/uploads\/2022\/09\/apneia-300x300.png 300w, https:\/\/condor.fabbricaweb.com.br\/wp-content\/uploads\/2022\/09\/apneia-768x768.png 768w\" sizes=\"(max-width: 495px) 100vw, 495px\" \/><\/figure>\n\n\n\n<h2 class=\"wp-block-heading\"><strong>Sinais e sintomas da apneia do sono<\/strong>&nbsp;<\/h2>\n\n\n\n<p class=\"wp-block-paragraph\">S\u00e3o os seguintes os principais sinais e sintomas da <strong>Apneia do sono<\/strong>:&nbsp;<\/p>\n\n\n\n<p class=\"wp-block-paragraph\">\u2022 Sensa\u00e7\u00e3o de sufocamento ao dormir;<\/p>\n\n\n\n<p class=\"wp-block-paragraph\">\u2022 Respira\u00e7\u00e3o ofegante;<\/p>\n\n\n\n<p class=\"wp-block-paragraph\">\u2022 Ronco;<\/p>\n\n\n\n<p class=\"wp-block-paragraph\">\u2022 Dor de cabe\u00e7a matinal;<\/p>\n\n\n\n<p class=\"wp-block-paragraph\">\u2022 Sonol\u00eancia ao longo do dia;<\/p>\n\n\n\n<p class=\"wp-block-paragraph\">\u2022 Dificuldade de concentra\u00e7\u00e3o;<\/p>\n\n\n\n<p class=\"wp-block-paragraph\">\u2022 Sono agitado.<\/p>\n\n\n\n<h2 class=\"wp-block-heading\"><strong>Quais s\u00e3o os fatores de risco?<\/strong>&nbsp;<\/h2>\n\n\n\n<p class=\"wp-block-paragraph\">uma <strong>Apneia do sono<\/strong> tem v\u00e1rios fatores de risco, mas os principais s\u00e3o: obesidade, consumo em excesso de \u00e1lcool, tabagismo, maxilar inferior encurtado (a l\u00edngua, neste caso, \u00e9 empurrada para tr\u00e1s, tapando a garganta), uso exagerado de sedativos, aumento das am\u00edgdalas e adenoides, tumores e, ainda, o h\u00e1bito de dormir de barriga para cima.<\/p>\n\n\n\n<h2 class=\"wp-block-heading\"><strong>Como diagnosticar a apneia do sono?<\/strong>&nbsp;<\/h2>\n\n\n\n<p class=\"wp-block-paragraph\">Se o acometido por este dist\u00farbio do <a href=\"https:\/\/condor.fabbricaweb.com.br\/pt\/relacao-entre-dor-e-sono\/\" target=\"_blank\" rel=\"noreferrer noopener\">Sono<\/a> dorme com algu\u00e9m, seu relato ser\u00e1 determinante para o diagn\u00f3stico. Mas a confirma\u00e7\u00e3o deve ser feita por meio de um exame chamado <a href=\"https:\/\/www.meditron.com.br\/_files\/ugd\/51f115_3bfe62540b38450a95cbf578b4caf194.pdf\" target=\"_blank\" rel=\"noreferrer noopener\">polissonografia<\/a>, que ser\u00e1 solicitado por um m\u00e9dico do sono.<\/p>\n\n\n\n<p class=\"wp-block-paragraph\">Uma forma muito eficaz de diagnosticar a <strong>Apneia do sono <\/strong>\u00e9 por meio da <a href=\"https:\/\/condor.fabbricaweb.com.br\/pt\/o-que-actigrafia\/\" target=\"_blank\" rel=\"noreferrer noopener\">Actigrafia<\/a>, um exame realizado por um act\u00edmetro, uma esp\u00e9cie de rel\u00f3gio que \u00e9 colocado no bra\u00e7o n\u00e3o dominante do paciente, que registra minuto a minuto a movimenta\u00e7\u00e3o do paciente durante o <a href=\"https:\/\/condor.fabbricaweb.com.br\/pt\/sono-e-imunidade\/\" target=\"_blank\" rel=\"noreferrer noopener\">Sono<\/a>. Act\u00edmetros modernos, como os comercializados pela <a href=\"https:\/\/condor.fabbricaweb.com.br\/pt\/\" target=\"_blank\" rel=\"noreferrer noopener\"><strong>Condor Instruments<\/strong><\/a>, possuem sensores de temperatura e luminosidade, entre outros, que ajudam para uma an\u00e1lise mais completa e assertiva do sono e do<a href=\"https:\/\/condor.fabbricaweb.com.br\/pt\/as-consequencias-dos-disturbios-de-ritmo-circadiano\/\" target=\"_blank\" rel=\"noreferrer noopener\"> ritmo circadiano<\/a> da pessoa.<\/p>\n\n\n\n<h2 class=\"wp-block-heading\"><strong>A apneia do sono tem tratamento?<\/strong>&nbsp;<\/h2>\n\n\n\n<p class=\"wp-block-paragraph\">Sim! <strong>Apneia do sono<\/strong> mais leves podem ser tratadas com dilatadores de narinas. Aqueles que t\u00eam uma mand\u00edbula curta poder\u00e3o utilizar aparelhos ortod\u00f4nticos feitos sob medida que projetam a ossatura e abaixam a l\u00edngua, facilitando a passagem do ar.<\/p>\n\n\n\n<p class=\"wp-block-paragraph\">Outra possibilidade \u00e9 o uso de um mecanismo chamado CPAP (press\u00e3o positiva cont\u00ednua nas vias a\u00e9reas, em ingl\u00eas), uma esp\u00e9cie de m\u00e1scara que cobre o nariz e a boca, jogando o ar para as vias respirat\u00f3rias. Em casos severos, a cirurgia poder\u00e1 ser indicada.<\/p>\n\n\n\n<p class=\"wp-block-paragraph\">O uso do <a href=\"https:\/\/condor.fabbricaweb.com.br\/pt\/diario-do-sono-5\/\" target=\"_blank\" rel=\"noreferrer noopener\">Di\u00e1rio do sono<\/a> tamb\u00e9m poder\u00e1 ajudar o acometido pela <strong>Apneia do sono<\/strong>. O ideal \u00e9 que o paciente procure um <a href=\"https:\/\/condor.fabbricaweb.com.br\/pt\/profissionais-medicina-do-sono\/\" target=\"_blank\" rel=\"noreferrer noopener\">m\u00e9dico do sono<\/a> o quanto antes, pois ele \u00e9 o profissional indicado para trat\u00e1-lo.<\/p>\n\n\n\n<figure class=\"wp-block-image size-full\"><a href=\"https:\/\/condor.fabbricaweb.com.br\/pt\/contato\/\" target=\"_blank\" rel=\"noreferrer noopener\"><img decoding=\"async\" width=\"1024\" height=\"427\" src=\"https:\/\/condor.fabbricaweb.com.br\/wp-content\/uploads\/2021\/08\/CONDOR-FOOTER-1-1024x427-1.png\" alt=\"\" class=\"wp-image-34124\" srcset=\"https:\/\/condor.fabbricaweb.com.br\/wp-content\/uploads\/2021\/08\/CONDOR-FOOTER-1-1024x427-1.png 1024w, https:\/\/condor.fabbricaweb.com.br\/wp-content\/uploads\/2021\/08\/CONDOR-FOOTER-1-1024x427-1-300x125.png 300w, https:\/\/condor.fabbricaweb.com.br\/wp-content\/uploads\/2021\/08\/CONDOR-FOOTER-1-1024x427-1-768x320.png 768w\" sizes=\"(max-width: 1024px) 100vw, 1024px\" \/><\/a><\/figure>\n\n\n\n<div class=\"wp-block-buttons is-content-justification-center is-layout-flex wp-container-core-buttons-is-layout-3e41869c wp-block-buttons-is-layout-flex\">\n<div class=\"wp-block-button\"><a class=\"wp-block-button__link wp-element-button\" href=\"https:\/\/condor.fabbricaweb.com.br\/pt\/contato\/\" target=\"_blank\" rel=\"noreferrer noopener\">Fale Conosco<\/a><\/div>\n<\/div>","protected":false},"excerpt":{"rendered":"<p>Learn all about sleep apnea&nbsp; A sleep disorder that affects approximately 30% to 35% of the population, the sleep apnea directly affects a person&#8217;s breathing. Many people believe that this disorder is primarily characterized by loud and continuous snoring, but this is not true. The main symptom is in breathing: there are interruptions that repeat [&hellip;]<\/p>\n","protected":false},"author":3,"featured_media":53397,"comment_status":"open","ping_status":"open","sticky":false,"template":"","format":"standard","meta":{"footnotes":"","_links_to":"","_links_to_target":""},"categories":[11,12],"tags":[],"class_list":["post-53393","post","type-post","status-publish","format-standard","has-post-thumbnail","hentry","category-actigraphy","category-sleep-and-health"],"yoast_head":"<!-- This site is optimized with the Yoast SEO plugin v28.3 - https:\/\/yoast.com\/product\/yoast-seo-wordpress\/ -->\n<title>What is Sleep Apnea? - Condor Instruments<\/title>\n<meta name=\"robots\" content=\"noindex, follow, max-snippet:-1, max-image-preview:large, max-video-preview:-1\" \/>\n<meta property=\"og:locale\" content=\"pt_BR\" \/>\n<meta property=\"og:type\" content=\"article\" \/>\n<meta property=\"og:title\" content=\"What is Sleep Apnea? - Condor Instruments\" \/>\n<meta property=\"og:description\" content=\"Learn all about sleep apnea&nbsp; A sleep disorder that affects approximately 30% to 35% of the population, the sleep apnea directly affects a person&#8217;s breathing. Many people believe that this disorder is primarily characterized by loud and continuous snoring, but this is not true. The main symptom is in breathing: there are interruptions that repeat [&hellip;]\" \/>\n<meta property=\"og:url\" content=\"https:\/\/condor.fabbricaweb.com.br\/pt\/o-que-e-apneia-do-sono\/\" \/>\n<meta property=\"og:site_name\" content=\"Condor Instruments\" \/>\n<meta property=\"article:published_time\" content=\"2022-09-15T20:06:34+00:00\" \/>\n<meta property=\"article:modified_time\" content=\"2026-08-24T15:11:51+00:00\" \/>\n<meta property=\"og:image\" content=\"https:\/\/condor.fabbricaweb.com.br\/wp-content\/uploads\/2022\/09\/720x600-pt-1.png\" \/>\n\t<meta property=\"og:image:width\" content=\"720\" \/>\n\t<meta property=\"og:image:height\" content=\"600\" \/>\n\t<meta property=\"og:image:type\" content=\"image\/png\" \/>\n<meta name=\"author\" content=\"Condor\" \/>\n<meta name=\"twitter:card\" content=\"summary_large_image\" \/>\n<meta name=\"twitter:label1\" content=\"Escrito por\" \/>\n\t<meta name=\"twitter:data1\" content=\"Condor\" \/>\n\t<meta name=\"twitter:label2\" content=\"Est. tempo de leitura\" \/>\n\t<meta name=\"twitter:data2\" content=\"5 minutos\" \/>\n<script type=\"application\/ld+json\" class=\"yoast-schema-graph\">{\"@context\":\"https:\\\/\\\/schema.org\",\"@graph\":[{\"@type\":\"Article\",\"@id\":\"https:\\\/\\\/condor.fabbricaweb.com.br\\\/pt\\\/o-que-e-apneia-do-sono\\\/#article\",\"isPartOf\":{\"@id\":\"https:\\\/\\\/condor.fabbricaweb.com.br\\\/pt\\\/o-que-e-apneia-do-sono\\\/\"},\"author\":{\"name\":\"Condor\",\"@id\":\"https:\\\/\\\/condor.fabbricaweb.com.br\\\/pt\\\/#\\\/schema\\\/person\\\/86cd767bdd3b9c879fa81c8ceecb2aab\"},\"headline\":\"What is Sleep Apnea?\",\"datePublished\":\"2022-09-15T20:06:34+00:00\",\"dateModified\":\"2026-08-24T15:11:51+00:00\",\"mainEntityOfPage\":{\"@id\":\"https:\\\/\\\/condor.fabbricaweb.com.br\\\/pt\\\/o-que-e-apneia-do-sono\\\/\"},\"wordCount\":649,\"commentCount\":0,\"publisher\":{\"@id\":\"https:\\\/\\\/condor.fabbricaweb.com.br\\\/pt\\\/#organization\"},\"image\":{\"@id\":\"https:\\\/\\\/condor.fabbricaweb.com.br\\\/pt\\\/o-que-e-apneia-do-sono\\\/#primaryimage\"},\"thumbnailUrl\":\"https:\\\/\\\/condor.fabbricaweb.com.br\\\/wp-content\\\/uploads\\\/2022\\\/09\\\/720x600-pt-1.png\",\"articleSection\":[\"Actigraphy\",\"Sleep and Health\"],\"inLanguage\":\"pt-BR\",\"potentialAction\":[{\"@type\":\"CommentAction\",\"name\":\"Comment\",\"target\":[\"https:\\\/\\\/condor.fabbricaweb.com.br\\\/pt\\\/o-que-e-apneia-do-sono\\\/#respond\"]}]},{\"@type\":\"WebPage\",\"@id\":\"https:\\\/\\\/condor.fabbricaweb.com.br\\\/pt\\\/o-que-e-apneia-do-sono\\\/\",\"url\":\"https:\\\/\\\/condor.fabbricaweb.com.br\\\/pt\\\/o-que-e-apneia-do-sono\\\/\",\"name\":\"What is Sleep Apnea? - Condor Instruments\",\"isPartOf\":{\"@id\":\"https:\\\/\\\/condor.fabbricaweb.com.br\\\/pt\\\/#website\"},\"primaryImageOfPage\":{\"@id\":\"https:\\\/\\\/condor.fabbricaweb.com.br\\\/pt\\\/o-que-e-apneia-do-sono\\\/#primaryimage\"},\"image\":{\"@id\":\"https:\\\/\\\/condor.fabbricaweb.com.br\\\/pt\\\/o-que-e-apneia-do-sono\\\/#primaryimage\"},\"thumbnailUrl\":\"https:\\\/\\\/condor.fabbricaweb.com.br\\\/wp-content\\\/uploads\\\/2022\\\/09\\\/720x600-pt-1.png\",\"datePublished\":\"2022-09-15T20:06:34+00:00\",\"dateModified\":\"2026-08-24T15:11:51+00:00\",\"breadcrumb\":{\"@id\":\"https:\\\/\\\/condor.fabbricaweb.com.br\\\/pt\\\/o-que-e-apneia-do-sono\\\/#breadcrumb\"},\"inLanguage\":\"pt-BR\",\"potentialAction\":[{\"@type\":\"ReadAction\",\"target\":[\"https:\\\/\\\/condor.fabbricaweb.com.br\\\/pt\\\/o-que-e-apneia-do-sono\\\/\"]}]},{\"@type\":\"ImageObject\",\"inLanguage\":\"pt-BR\",\"@id\":\"https:\\\/\\\/condor.fabbricaweb.com.br\\\/pt\\\/o-que-e-apneia-do-sono\\\/#primaryimage\",\"url\":\"https:\\\/\\\/condor.fabbricaweb.com.br\\\/wp-content\\\/uploads\\\/2022\\\/09\\\/720x600-pt-1.png\",\"contentUrl\":\"https:\\\/\\\/condor.fabbricaweb.com.br\\\/wp-content\\\/uploads\\\/2022\\\/09\\\/720x600-pt-1.png\",\"width\":720,\"height\":600},{\"@type\":\"BreadcrumbList\",\"@id\":\"https:\\\/\\\/condor.fabbricaweb.com.br\\\/pt\\\/o-que-e-apneia-do-sono\\\/#breadcrumb\",\"itemListElement\":[{\"@type\":\"ListItem\",\"position\":1,\"name\":\"Home\",\"item\":\"https:\\\/\\\/condor.fabbricaweb.com.br\\\/pt\\\/\"},{\"@type\":\"ListItem\",\"position\":2,\"name\":\"Actigraphy\",\"item\":\"https:\\\/\\\/condor.fabbricaweb.com.br\\\/pt\\\/category\\\/actigraphy\\\/\"},{\"@type\":\"ListItem\",\"position\":3,\"name\":\"What is Sleep Apnea?\"}]},{\"@type\":\"WebSite\",\"@id\":\"https:\\\/\\\/condor.fabbricaweb.com.br\\\/pt\\\/#website\",\"url\":\"https:\\\/\\\/condor.fabbricaweb.com.br\\\/pt\\\/\",\"name\":\"Condor Instruments\",\"description\":\"\",\"publisher\":{\"@id\":\"https:\\\/\\\/condor.fabbricaweb.com.br\\\/pt\\\/#organization\"},\"potentialAction\":[{\"@type\":\"SearchAction\",\"target\":{\"@type\":\"EntryPoint\",\"urlTemplate\":\"https:\\\/\\\/condor.fabbricaweb.com.br\\\/pt\\\/?s={search_term_string}\"},\"query-input\":{\"@type\":\"PropertyValueSpecification\",\"valueRequired\":true,\"valueName\":\"search_term_string\"}}],\"inLanguage\":\"pt-BR\"},{\"@type\":\"Organization\",\"@id\":\"https:\\\/\\\/condor.fabbricaweb.com.br\\\/pt\\\/#organization\",\"name\":\"Condor Instruments\",\"alternateName\":\"Condor\",\"url\":\"https:\\\/\\\/condor.fabbricaweb.com.br\\\/pt\\\/\",\"logo\":{\"@type\":\"ImageObject\",\"inLanguage\":\"pt-BR\",\"@id\":\"https:\\\/\\\/condor.fabbricaweb.com.br\\\/pt\\\/#\\\/schema\\\/logo\\\/image\\\/\",\"url\":\"https:\\\/\\\/condor.fabbricaweb.com.br\\\/wp-content\\\/uploads\\\/2025\\\/04\\\/Condor-Logo-1.png\",\"contentUrl\":\"https:\\\/\\\/condor.fabbricaweb.com.br\\\/wp-content\\\/uploads\\\/2025\\\/04\\\/Condor-Logo-1.png\",\"width\":780,\"height\":215,\"caption\":\"Condor Instruments\"},\"image\":{\"@id\":\"https:\\\/\\\/condor.fabbricaweb.com.br\\\/pt\\\/#\\\/schema\\\/logo\\\/image\\\/\"},\"sameAs\":[\"https:\\\/\\\/www.youtube.com\\\/channel\\\/UC9uxCFtNC_-bNvegdf6ltRQ\",\"https:\\\/\\\/www.instagram.com\\\/instruments_condor\\\/\",\"https:\\\/\\\/www.linkedin.com\\\/company\\\/condorinst\"]},{\"@type\":\"Person\",\"@id\":\"https:\\\/\\\/condor.fabbricaweb.com.br\\\/pt\\\/#\\\/schema\\\/person\\\/86cd767bdd3b9c879fa81c8ceecb2aab\",\"name\":\"Condor\",\"image\":{\"@type\":\"ImageObject\",\"inLanguage\":\"pt-BR\",\"@id\":\"https:\\\/\\\/condor.fabbricaweb.com.br\\\/pt\\\/wp-content\\\/litespeed\\\/avatar\\\/3f0be2e0a7483e4b792e094c853fb6ca.jpg\\\/?ver=1788209426\",\"url\":\"https:\\\/\\\/condor.fabbricaweb.com.br\\\/pt\\\/wp-content\\\/litespeed\\\/avatar\\\/3f0be2e0a7483e4b792e094c853fb6ca.jpg\\\/?ver=1788209426\",\"contentUrl\":\"https:\\\/\\\/condor.fabbricaweb.com.br\\\/pt\\\/wp-content\\\/litespeed\\\/avatar\\\/3f0be2e0a7483e4b792e094c853fb6ca.jpg\\\/?ver=1788209426\",\"caption\":\"Condor\"},\"url\":\"https:\\\/\\\/condor.fabbricaweb.com.br\\\/pt\\\/author\\\/condor\\\/\"}]}<\/script>\n<!-- \/ Yoast SEO plugin. -->","yoast_head_json":{"title":"What is Sleep Apnea? - Condor Instruments","robots":{"index":"noindex","follow":"follow","max-snippet":"max-snippet:-1","max-image-preview":"max-image-preview:large","max-video-preview":"max-video-preview:-1"},"og_locale":"pt_BR","og_type":"article","og_title":"What is Sleep Apnea? - Condor Instruments","og_description":"Learn all about sleep apnea&nbsp; A sleep disorder that affects approximately 30% to 35% of the population, the sleep apnea directly affects a person&#8217;s breathing. Many people believe that this disorder is primarily characterized by loud and continuous snoring, but this is not true. The main symptom is in breathing: there are interruptions that repeat [&hellip;]","og_url":"https:\/\/condor.fabbricaweb.com.br\/pt\/o-que-e-apneia-do-sono\/","og_site_name":"Condor Instruments","article_published_time":"2022-09-15T20:06:34+00:00","article_modified_time":"2026-08-24T15:11:51+00:00","og_image":[{"width":720,"height":600,"url":"https:\/\/condor.fabbricaweb.com.br\/wp-content\/uploads\/2022\/09\/720x600-pt-1.png","type":"image\/png"}],"author":"Condor","twitter_card":"summary_large_image","twitter_misc":{"Escrito por":"Condor","Est. tempo de leitura":"5 minutos"},"schema":{"@context":"https:\/\/schema.org","@graph":[{"@type":"Article","@id":"https:\/\/condor.fabbricaweb.com.br\/pt\/o-que-e-apneia-do-sono\/#article","isPartOf":{"@id":"https:\/\/condor.fabbricaweb.com.br\/pt\/o-que-e-apneia-do-sono\/"},"author":{"name":"Condor","@id":"https:\/\/condor.fabbricaweb.com.br\/pt\/#\/schema\/person\/86cd767bdd3b9c879fa81c8ceecb2aab"},"headline":"What is Sleep Apnea?","datePublished":"2022-09-15T20:06:34+00:00","dateModified":"2026-08-24T15:11:51+00:00","mainEntityOfPage":{"@id":"https:\/\/condor.fabbricaweb.com.br\/pt\/o-que-e-apneia-do-sono\/"},"wordCount":649,"commentCount":0,"publisher":{"@id":"https:\/\/condor.fabbricaweb.com.br\/pt\/#organization"},"image":{"@id":"https:\/\/condor.fabbricaweb.com.br\/pt\/o-que-e-apneia-do-sono\/#primaryimage"},"thumbnailUrl":"https:\/\/condor.fabbricaweb.com.br\/wp-content\/uploads\/2022\/09\/720x600-pt-1.png","articleSection":["Actigraphy","Sleep and Health"],"inLanguage":"pt-BR","potentialAction":[{"@type":"CommentAction","name":"Comment","target":["https:\/\/condor.fabbricaweb.com.br\/pt\/o-que-e-apneia-do-sono\/#respond"]}]},{"@type":"WebPage","@id":"https:\/\/condor.fabbricaweb.com.br\/pt\/o-que-e-apneia-do-sono\/","url":"https:\/\/condor.fabbricaweb.com.br\/pt\/o-que-e-apneia-do-sono\/","name":"What is Sleep Apnea? - Condor Instruments","isPartOf":{"@id":"https:\/\/condor.fabbricaweb.com.br\/pt\/#website"},"primaryImageOfPage":{"@id":"https:\/\/condor.fabbricaweb.com.br\/pt\/o-que-e-apneia-do-sono\/#primaryimage"},"image":{"@id":"https:\/\/condor.fabbricaweb.com.br\/pt\/o-que-e-apneia-do-sono\/#primaryimage"},"thumbnailUrl":"https:\/\/condor.fabbricaweb.com.br\/wp-content\/uploads\/2022\/09\/720x600-pt-1.png","datePublished":"2022-09-15T20:06:34+00:00","dateModified":"2026-08-24T15:11:51+00:00","breadcrumb":{"@id":"https:\/\/condor.fabbricaweb.com.br\/pt\/o-que-e-apneia-do-sono\/#breadcrumb"},"inLanguage":"pt-BR","potentialAction":[{"@type":"ReadAction","target":["https:\/\/condor.fabbricaweb.com.br\/pt\/o-que-e-apneia-do-sono\/"]}]},{"@type":"ImageObject","inLanguage":"pt-BR","@id":"https:\/\/condor.fabbricaweb.com.br\/pt\/o-que-e-apneia-do-sono\/#primaryimage","url":"https:\/\/condor.fabbricaweb.com.br\/wp-content\/uploads\/2022\/09\/720x600-pt-1.png","contentUrl":"https:\/\/condor.fabbricaweb.com.br\/wp-content\/uploads\/2022\/09\/720x600-pt-1.png","width":720,"height":600},{"@type":"BreadcrumbList","@id":"https:\/\/condor.fabbricaweb.com.br\/pt\/o-que-e-apneia-do-sono\/#breadcrumb","itemListElement":[{"@type":"ListItem","position":1,"name":"Home","item":"https:\/\/condor.fabbricaweb.com.br\/pt\/"},{"@type":"ListItem","position":2,"name":"Actigraphy","item":"https:\/\/condor.fabbricaweb.com.br\/pt\/category\/actigraphy\/"},{"@type":"ListItem","position":3,"name":"What is Sleep Apnea?"}]},{"@type":"WebSite","@id":"https:\/\/condor.fabbricaweb.com.br\/pt\/#website","url":"https:\/\/condor.fabbricaweb.com.br\/pt\/","name":"Condor Instruments","description":"","publisher":{"@id":"https:\/\/condor.fabbricaweb.com.br\/pt\/#organization"},"potentialAction":[{"@type":"SearchAction","target":{"@type":"EntryPoint","urlTemplate":"https:\/\/condor.fabbricaweb.com.br\/pt\/?s={search_term_string}"},"query-input":{"@type":"PropertyValueSpecification","valueRequired":true,"valueName":"search_term_string"}}],"inLanguage":"pt-BR"},{"@type":"Organization","@id":"https:\/\/condor.fabbricaweb.com.br\/pt\/#organization","name":"Condor Instruments","alternateName":"Condor","url":"https:\/\/condor.fabbricaweb.com.br\/pt\/","logo":{"@type":"ImageObject","inLanguage":"pt-BR","@id":"https:\/\/condor.fabbricaweb.com.br\/pt\/#\/schema\/logo\/image\/","url":"https:\/\/condor.fabbricaweb.com.br\/wp-content\/uploads\/2025\/04\/Condor-Logo-1.png","contentUrl":"https:\/\/condor.fabbricaweb.com.br\/wp-content\/uploads\/2025\/04\/Condor-Logo-1.png","width":780,"height":215,"caption":"Condor Instruments"},"image":{"@id":"https:\/\/condor.fabbricaweb.com.br\/pt\/#\/schema\/logo\/image\/"},"sameAs":["https:\/\/www.youtube.com\/channel\/UC9uxCFtNC_-bNvegdf6ltRQ","https:\/\/www.instagram.com\/instruments_condor\/","https:\/\/www.linkedin.com\/company\/condorinst"]},{"@type":"Person","@id":"https:\/\/condor.fabbricaweb.com.br\/pt\/#\/schema\/person\/86cd767bdd3b9c879fa81c8ceecb2aab","name":"Condor","image":{"@type":"ImageObject","inLanguage":"pt-BR","@id":"https:\/\/condor.fabbricaweb.com.br\/pt\/wp-content\/litespeed\/avatar\/3f0be2e0a7483e4b792e094c853fb6ca.jpg\/?ver=1788209426","url":"https:\/\/condor.fabbricaweb.com.br\/pt\/wp-content\/litespeed\/avatar\/3f0be2e0a7483e4b792e094c853fb6ca.jpg\/?ver=1788209426","contentUrl":"https:\/\/condor.fabbricaweb.com.br\/pt\/wp-content\/litespeed\/avatar\/3f0be2e0a7483e4b792e094c853fb6ca.jpg\/?ver=1788209426","caption":"Condor"},"url":"https:\/\/condor.fabbricaweb.com.br\/pt\/author\/condor\/"}]}},"_links":{"self":[{"href":"https:\/\/condor.fabbricaweb.com.br\/pt\/wp-json\/wp\/v2\/posts\/53393","targetHints":{"allow":["GET"]}}],"collection":[{"href":"https:\/\/condor.fabbricaweb.com.br\/pt\/wp-json\/wp\/v2\/posts"}],"about":[{"href":"https:\/\/condor.fabbricaweb.com.br\/pt\/wp-json\/wp\/v2\/types\/post"}],"author":[{"embeddable":true,"href":"https:\/\/condor.fabbricaweb.com.br\/pt\/wp-json\/wp\/v2\/users\/3"}],"replies":[{"embeddable":true,"href":"https:\/\/condor.fabbricaweb.com.br\/pt\/wp-json\/wp\/v2\/comments?post=53393"}],"version-history":[{"count":1,"href":"https:\/\/condor.fabbricaweb.com.br\/pt\/wp-json\/wp\/v2\/posts\/53393\/revisions"}],"predecessor-version":[{"id":58083,"href":"https:\/\/condor.fabbricaweb.com.br\/pt\/wp-json\/wp\/v2\/posts\/53393\/revisions\/58083"}],"wp:featuredmedia":[{"embeddable":true,"href":"https:\/\/condor.fabbricaweb.com.br\/pt\/wp-json\/wp\/v2\/media\/53397"}],"wp:attachment":[{"href":"https:\/\/condor.fabbricaweb.com.br\/pt\/wp-json\/wp\/v2\/media?parent=53393"}],"wp:term":[{"taxonomy":"category","embeddable":true,"href":"https:\/\/condor.fabbricaweb.com.br\/pt\/wp-json\/wp\/v2\/categories?post=53393"},{"taxonomy":"post_tag","embeddable":true,"href":"https:\/\/condor.fabbricaweb.com.br\/pt\/wp-json\/wp\/v2\/tags?post=53393"}],"curies":[{"name":"wp","href":"https:\/\/api.w.org\/{rel}","templated":true}]}}