{"id":53456,"date":"2022-10-07T12:36:00","date_gmt":"2022-10-07T15:36:00","guid":{"rendered":"https:\/\/condor.fabbricaweb.com.br\/?p=53456"},"modified":"2026-08-24T12:11:53","modified_gmt":"2026-08-24T15:11:53","slug":"qual-e-a-relacao-entre-ansiedade-e-sono","status":"publish","type":"post","link":"https:\/\/condor.fabbricaweb.com.br\/pt\/qual-e-a-relacao-entre-ansiedade-e-sono\/","title":{"rendered":"Qual \u00e9 a rela\u00e7\u00e3o entre ansiedade e sono?\u00a0"},"content":{"rendered":"<p class=\"wp-block-paragraph\">Resultado dos mais diversos efeitos neurocomportamentais, a priva\u00e7\u00e3o do <strong>Sono<\/strong> \u00e9 a porta de entrada para um enorme rol de doen\u00e7as e afeta de forma bem direta a nossa qualidade de vida. A ins\u00f4nia e tantos outros <a href=\"https:\/\/condor.fabbricaweb.com.br\/pt\/disturbios-do-sono\/\" target=\"_blank\" rel=\"noreferrer noopener\">dist\u00farbios do sono<\/a> podem ter causas espec\u00edficas, que desembocam na priva\u00e7\u00e3o do sono, mas h\u00e1 uma interse\u00e7\u00e3o entre eles: a ansiedade. Mas, afinal,<strong> qual \u00e9 a rela\u00e7\u00e3o entre ansiedade e sono?<\/strong>&nbsp;<\/p>\n\n\n\n<p class=\"wp-block-paragraph\">A hiperexcita\u00e7\u00e3o mental, uma das principais e mais marcantes caracter\u00edsticas da <strong>ansiedade<\/strong>, pode ter um efeito devastador sobre o sono. A verdade \u00e9 que <strong>a rela\u00e7\u00e3o entre ansiedade e sono<\/strong> pode se transformar em um jogo de causa e efeito, ou seja, um pode provocar ou turbinar o outro. A <strong>ansiedade<\/strong> atrapalha o <strong>Sono<\/strong>, bem como a priva\u00e7\u00e3o do <strong>Sono<\/strong>, pelo motivo que for, pode provocar <strong>ansiedade<\/strong>.&nbsp;&nbsp;<\/p>\n\n\n\n<h2 class=\"wp-block-heading\"><strong>Ansiedade X dist\u00farbios de ansiedade<\/strong>&nbsp;<\/h2>\n\n\n\n<p class=\"wp-block-paragraph\">Antes de tudo, \u00e9 preciso entender a diferen\u00e7a entre <strong>ansiedade<\/strong> e dist\u00farbios de <strong>ansiedade<\/strong>. Nada mais natural na vida de todos n\u00f3s do que a <strong>ansiedade<\/strong>. Seja por conta de uma boa ou m\u00e1 not\u00edcia que esperamos receber, v\u00e9spera de uma prova ou de um trabalho, um evento especial, n\u00e3o importa, a <strong>ansiedade<\/strong> \u00e9 uma esp\u00e9cie de mecanismo de defesa do nosso corpo, que se prepara para enfrentar algo inusitado, n\u00e3o esperado.<\/p>\n\n\n\n<p class=\"wp-block-paragraph\">Dist\u00farbios de <strong>ansiedade<\/strong>, no entanto, significam uma continuidade desta sensa\u00e7\u00e3o. N\u00e3o passam depois do dia da prova final, do primeiro dia no emprego novo ou algum evento inesperado. E os sintomas persistem, entre os quais, a priva\u00e7\u00e3o de <a href=\"https:\/\/condor.fabbricaweb.com.br\/pt\/fadiga-e-sono\/\" target=\"_blank\" rel=\"noreferrer noopener\">Sono <\/a>e dist\u00farbios do <strong>Sono<\/strong>, como a ins\u00f4nia e outros.<\/p>\n\n\n\n<p class=\"wp-block-paragraph\">S\u00e3o exemplos de <a href=\"https:\/\/condor.fabbricaweb.com.br\/pt\/manifestacoes-do-sono-em-doencas-psiquiatricas\/\" target=\"_blank\" rel=\"noreferrer noopener\">dist\u00farbios de ansiedade<\/a>: s\u00edndrome do p\u00e2nico, estresse p\u00f3s-traum\u00e1tico, transtorno obsessivo compulsivo, fobias espec\u00edficas e dist\u00farbios de ansiedade generalizada ou de ansiedade social, entre outros.<\/p>\n\n\n\n<h2 class=\"wp-block-heading\"><strong>O que vem primeiro, a ansiedade ou a ins\u00f4nia?<\/strong>&nbsp;<\/h2>\n\n\n\n<figure class=\"wp-block-image alignleft size-large is-resized\"><img fetchpriority=\"high\" decoding=\"async\" src=\"https:\/\/condor.fabbricaweb.com.br\/wp-content\/uploads\/2022\/10\/1-1024x1024.png\" alt=\"\" class=\"wp-image-53458\" width=\"626\" height=\"626\" srcset=\"https:\/\/condor.fabbricaweb.com.br\/wp-content\/uploads\/2022\/10\/1-1024x1024.png 1024w, https:\/\/condor.fabbricaweb.com.br\/wp-content\/uploads\/2022\/10\/1-300x300.png 300w, https:\/\/condor.fabbricaweb.com.br\/wp-content\/uploads\/2022\/10\/1-768x768.png 768w, https:\/\/condor.fabbricaweb.com.br\/wp-content\/uploads\/2022\/10\/1.png 1080w\" sizes=\"(max-width: 626px) 100vw, 626px\" \/><\/figure>\n\n\n\n<p class=\"wp-block-paragraph\">\u00c9 importante ressaltar que a <strong>ansiedade<\/strong> \u00e9 o dist\u00farbio mental mais comum do mundo. A Organiza\u00e7\u00e3o Mundial da Sa\u00fade (OMS) calcula que 3,6% da popula\u00e7\u00e3o mundial sofre de <strong>ansiedade<\/strong>, sendo que no Brasil esse n\u00famero d\u00e1 um salto para 9,6% dos brasileiros. O Brasil \u00e9 considerado o pa\u00eds mais ansioso do mundo proporcionalmente, garante a OMS.<\/p>\n\n\n\n<p class=\"wp-block-paragraph\">Mas na <strong>rela\u00e7\u00e3o entre ansiedade e sono<\/strong>, o que vem primeiro? De acordo com a Associa\u00e7\u00e3o Americana de Ansiedade e Depress\u00e3o, \u201cdisrup\u00e7\u00f5es do sono est\u00e3o presentes em quase todos os dist\u00farbios psiqui\u00e1tricos, assim como pessoas com ins\u00f4nia cr\u00f4nica t\u00eam mais chances de desenvolverem dist\u00farbios de ansiedade\u201d. Ou seja, tanto a<strong> ansiedade<\/strong> pode provocar <a href=\"https:\/\/condor.fabbricaweb.com.br\/pt\/insonia\/\" target=\"_blank\" rel=\"noreferrer noopener\">Ins\u00f4nia<\/a>, como a ins\u00f4nia pode provocar <strong>ansiedade<\/strong>.&nbsp;<\/p>\n\n\n\n<h2 class=\"wp-block-heading\"><strong>Combatendo a ansiedade para n\u00e3o se privar de uma boa noite de sono<\/strong>&nbsp;<\/h2>\n\n\n\n<p class=\"wp-block-paragraph\">Algumas dicas podem ajudar \u2013 e muito \u2013 a controlar a <strong>ansiedade<\/strong>, amenizando a <strong>rela\u00e7\u00e3o entre ansiedade e sono<\/strong>. S\u00e3o eles:<\/p>\n\n\n\n<p class=\"wp-block-paragraph\">\u2022 Crie e respeite uma rotina de hor\u00e1rio para o <strong>Sono<\/strong>;&nbsp;<\/p>\n\n\n\n<p class=\"wp-block-paragraph\">\u2022 Se voc\u00ea toma medicamentos, converse com seu m\u00e9dico sobre eles e se certifique que n\u00e3o atrapalhem seu <a href=\"https:\/\/condor.fabbricaweb.com.br\/pt\/covid-e-sono\/\" target=\"_blank\" rel=\"noreferrer noopener\">Sono<\/a>;&nbsp;<\/p>\n\n\n\n<p class=\"wp-block-paragraph\">\u2022 Organize o seu dia seguinte antes de se deitar, deixando tudo arrumado e tranquilo;<\/p>\n\n\n\n<p class=\"wp-block-paragraph\">\u2022 <a href=\"https:\/\/condor.fabbricaweb.com.br\/pt\/meditacao-e-sono\/\" target=\"_blank\" rel=\"noreferrer noopener\">Medite<\/a> ou busque ter pensamentos bons e leves na hora de deitar;<\/p>\n\n\n\n<p class=\"wp-block-paragraph\">\u2022 Nada de celular antes de dormir;<\/p>\n\n\n\n<p class=\"wp-block-paragraph\">\u2022 Mantenha seu quarto escuro e o mais silencioso poss\u00edvel;<\/p>\n\n\n\n<p class=\"wp-block-paragraph\">\u2022 Adote h\u00e1bitos e uma alimenta\u00e7\u00e3o saud\u00e1veis. Exerc\u00edcio f\u00edsico regular \u00e9 fundamental;<\/p>\n\n\n\n<p class=\"wp-block-paragraph\">\u2022 Evite ficar na cama sem <strong>Sono<\/strong>. N\u00e3o lute com ele.<\/p>\n\n\n\n<h2 class=\"wp-block-heading\"><strong>a rela\u00e7\u00e3o entre ansiedade e sono<\/strong>&nbsp;<\/h2>\n\n\n\n<p class=\"wp-block-paragraph\">Mas, afinal, <strong>qual \u00e9 a rela\u00e7\u00e3o entre ansiedade e sono?<\/strong> Um estudo realizado com 42 mil brasileiros de todo o pa\u00eds chegou a conclus\u00e3o de que pessoas com dist\u00farbios de <a href=\"https:\/\/condor.fabbricaweb.com.br\/pt\/sono-e-imunidade\/\" target=\"_blank\" rel=\"noreferrer noopener\">Sono<\/a> t\u00eam180% maior probabilidade de ter <strong>ansiedade<\/strong>, e melhorias na qualidade do <strong>Sono<\/strong> diminu\u00edram em mais de 50% os \u00edndices de <strong>ansiedade <\/strong>e depress\u00e3o.<\/p>\n\n\n\n<p class=\"wp-block-paragraph\">Trata-se, no entanto, de uma rela\u00e7\u00e3o bidirecional, e \u00e9 preciso entender cada situa\u00e7\u00e3o \u2013 a ansiedade e o <a href=\"https:\/\/condor.fabbricaweb.com.br\/pt\/disturbios-do-sono\/\" target=\"_blank\" rel=\"noreferrer noopener\">dist\u00farbio do sono<\/a> &#8211; para combat\u00ea-la.<\/p>\n\n\n\n<h2 class=\"wp-block-heading\"><strong>Como tratar a rela\u00e7\u00e3o entre ansiedade e sono?<\/strong>&nbsp;<\/h2>\n\n\n\n<p class=\"wp-block-paragraph\">Como a <strong>rela\u00e7\u00e3o entre ansiedade e sono<\/strong> \u00e9 muito forte, o mais recomendado \u00e9 tratar a <strong>ansiedade<\/strong> e o dist\u00farbio do <strong>Sono <\/strong>ao mesmo tempo. A <a href=\"https:\/\/condor.fabbricaweb.com.br\/pt\/profissionais-medicina-do-sono\/\" target=\"_blank\" rel=\"noreferrer noopener\">medicina do sono<\/a> \u00e9 recomendada para isso, e pode se valer de <a href=\"https:\/\/condor.fabbricaweb.com.br\/pt\/instrumentos-medicina-do-sono\/\" target=\"_blank\" rel=\"noreferrer noopener\">instrumentos<\/a> como <a href=\"https:\/\/condor.fabbricaweb.com.br\/pt\/o-que-e-diario-do-sono\/\" target=\"_blank\" rel=\"noreferrer noopener\">Di\u00e1rio do sono<\/a>, <a href=\"https:\/\/condor.fabbricaweb.com.br\/pt\/o-que-actigrafia\/\" target=\"_blank\" rel=\"noreferrer noopener\">Act\u00edgrafo<\/a> e outros.<\/p>\n\n\n\n<figure class=\"wp-block-image size-full\"><a href=\"https:\/\/condor.fabbricaweb.com.br\/pt\/contato\/\"><img decoding=\"async\" width=\"1024\" height=\"427\" src=\"https:\/\/condor.fabbricaweb.com.br\/wp-content\/uploads\/2021\/08\/CONDOR-FOOTER-1-1024x427-1.png\" alt=\"\" class=\"wp-image-34124\" srcset=\"https:\/\/condor.fabbricaweb.com.br\/wp-content\/uploads\/2021\/08\/CONDOR-FOOTER-1-1024x427-1.png 1024w, https:\/\/condor.fabbricaweb.com.br\/wp-content\/uploads\/2021\/08\/CONDOR-FOOTER-1-1024x427-1-300x125.png 300w, https:\/\/condor.fabbricaweb.com.br\/wp-content\/uploads\/2021\/08\/CONDOR-FOOTER-1-1024x427-1-768x320.png 768w\" sizes=\"(max-width: 1024px) 100vw, 1024px\" \/><\/a><\/figure>\n\n\n\n<div class=\"wp-block-buttons is-content-justification-center is-layout-flex wp-container-core-buttons-is-layout-3e41869c wp-block-buttons-is-layout-flex\">\n<div class=\"wp-block-button aligncenter\"><a class=\"wp-block-button__link wp-element-button\" href=\"https:\/\/condor.fabbricaweb.com.br\/pt\/contato\/\" target=\"_blank\" rel=\"noreferrer noopener\">Fale Conosco<\/a><\/div>\n<\/div>","protected":false},"excerpt":{"rendered":"<p>Result of the most diverse neurobehavioral effects, deprivation of sleep it&#8217;s the gateway to an enormous range of diseases and directly affects our quality of life. Insomnia and so many other sleep disorders may have specific causes that lead to sleep deprivation, but there is an intersection between them: anxiety. But, after all, Anxiety and [&hellip;]<\/p>\n","protected":false},"author":3,"featured_media":53457,"comment_status":"open","ping_status":"open","sticky":false,"template":"","format":"standard","meta":{"footnotes":"","_links_to":"","_links_to_target":""},"categories":[10,12],"tags":[],"class_list":["post-53456","post","type-post","status-publish","format-standard","has-post-thumbnail","hentry","category-circadian-rhythm-and-health","category-sleep-and-health"],"yoast_head":"<!-- This site is optimized with the Yoast SEO plugin v28.3 - https:\/\/yoast.com\/product\/yoast-seo-wordpress\/ -->\n<title>What is the relationship between anxiety and sleep?\u00a0 - Condor Instruments<\/title>\n<meta name=\"robots\" content=\"noindex, follow, max-snippet:-1, max-image-preview:large, max-video-preview:-1\" \/>\n<meta property=\"og:locale\" content=\"pt_BR\" \/>\n<meta property=\"og:type\" content=\"article\" \/>\n<meta property=\"og:title\" content=\"What is the relationship between anxiety and sleep?\u00a0 - Condor Instruments\" \/>\n<meta property=\"og:description\" content=\"Result of the most diverse neurobehavioral effects, deprivation of sleep it&#8217;s the gateway to an enormous range of diseases and directly affects our quality of life. Insomnia and so many other sleep disorders may have specific causes that lead to sleep deprivation, but there is an intersection between them: anxiety. But, after all, Anxiety and [&hellip;]\" \/>\n<meta property=\"og:url\" content=\"https:\/\/condor.fabbricaweb.com.br\/pt\/qual-e-a-relacao-entre-ansiedade-e-sono\/\" \/>\n<meta property=\"og:site_name\" content=\"Condor Instruments\" \/>\n<meta property=\"article:published_time\" content=\"2022-10-07T15:36:00+00:00\" \/>\n<meta property=\"article:modified_time\" content=\"2026-08-24T15:11:53+00:00\" \/>\n<meta property=\"og:image\" content=\"https:\/\/condor.fabbricaweb.com.br\/wp-content\/uploads\/2022\/10\/720x600-pt.png\" \/>\n\t<meta property=\"og:image:width\" content=\"720\" \/>\n\t<meta property=\"og:image:height\" content=\"600\" \/>\n\t<meta property=\"og:image:type\" content=\"image\/png\" \/>\n<meta name=\"author\" content=\"Condor\" \/>\n<meta name=\"twitter:card\" content=\"summary_large_image\" \/>\n<meta name=\"twitter:label1\" content=\"Escrito por\" \/>\n\t<meta name=\"twitter:data1\" content=\"Condor\" \/>\n\t<meta name=\"twitter:label2\" content=\"Est. tempo de leitura\" \/>\n\t<meta name=\"twitter:data2\" content=\"5 minutos\" \/>\n<script type=\"application\/ld+json\" class=\"yoast-schema-graph\">{\"@context\":\"https:\\\/\\\/schema.org\",\"@graph\":[{\"@type\":\"Article\",\"@id\":\"https:\\\/\\\/condor.fabbricaweb.com.br\\\/pt\\\/qual-e-a-relacao-entre-ansiedade-e-sono\\\/#article\",\"isPartOf\":{\"@id\":\"https:\\\/\\\/condor.fabbricaweb.com.br\\\/pt\\\/qual-e-a-relacao-entre-ansiedade-e-sono\\\/\"},\"author\":{\"name\":\"Condor\",\"@id\":\"https:\\\/\\\/condor.fabbricaweb.com.br\\\/pt\\\/#\\\/schema\\\/person\\\/86cd767bdd3b9c879fa81c8ceecb2aab\"},\"headline\":\"What is the relationship between anxiety and sleep?\u00a0\",\"datePublished\":\"2022-10-07T15:36:00+00:00\",\"dateModified\":\"2026-08-24T15:11:53+00:00\",\"mainEntityOfPage\":{\"@id\":\"https:\\\/\\\/condor.fabbricaweb.com.br\\\/pt\\\/qual-e-a-relacao-entre-ansiedade-e-sono\\\/\"},\"wordCount\":1650,\"commentCount\":0,\"publisher\":{\"@id\":\"https:\\\/\\\/condor.fabbricaweb.com.br\\\/pt\\\/#organization\"},\"image\":{\"@id\":\"https:\\\/\\\/condor.fabbricaweb.com.br\\\/pt\\\/qual-e-a-relacao-entre-ansiedade-e-sono\\\/#primaryimage\"},\"thumbnailUrl\":\"https:\\\/\\\/condor.fabbricaweb.com.br\\\/wp-content\\\/uploads\\\/2022\\\/10\\\/720x600-pt.png\",\"articleSection\":[\"Circadian Rhythm and Health\",\"Sleep and Health\"],\"inLanguage\":\"pt-BR\",\"potentialAction\":[{\"@type\":\"CommentAction\",\"name\":\"Comment\",\"target\":[\"https:\\\/\\\/condor.fabbricaweb.com.br\\\/pt\\\/qual-e-a-relacao-entre-ansiedade-e-sono\\\/#respond\"]}]},{\"@type\":\"WebPage\",\"@id\":\"https:\\\/\\\/condor.fabbricaweb.com.br\\\/pt\\\/qual-e-a-relacao-entre-ansiedade-e-sono\\\/\",\"url\":\"https:\\\/\\\/condor.fabbricaweb.com.br\\\/pt\\\/qual-e-a-relacao-entre-ansiedade-e-sono\\\/\",\"name\":\"What is the relationship between anxiety and sleep?\u00a0 - Condor Instruments\",\"isPartOf\":{\"@id\":\"https:\\\/\\\/condor.fabbricaweb.com.br\\\/pt\\\/#website\"},\"primaryImageOfPage\":{\"@id\":\"https:\\\/\\\/condor.fabbricaweb.com.br\\\/pt\\\/qual-e-a-relacao-entre-ansiedade-e-sono\\\/#primaryimage\"},\"image\":{\"@id\":\"https:\\\/\\\/condor.fabbricaweb.com.br\\\/pt\\\/qual-e-a-relacao-entre-ansiedade-e-sono\\\/#primaryimage\"},\"thumbnailUrl\":\"https:\\\/\\\/condor.fabbricaweb.com.br\\\/wp-content\\\/uploads\\\/2022\\\/10\\\/720x600-pt.png\",\"datePublished\":\"2022-10-07T15:36:00+00:00\",\"dateModified\":\"2026-08-24T15:11:53+00:00\",\"breadcrumb\":{\"@id\":\"https:\\\/\\\/condor.fabbricaweb.com.br\\\/pt\\\/qual-e-a-relacao-entre-ansiedade-e-sono\\\/#breadcrumb\"},\"inLanguage\":\"pt-BR\",\"potentialAction\":[{\"@type\":\"ReadAction\",\"target\":[\"https:\\\/\\\/condor.fabbricaweb.com.br\\\/pt\\\/qual-e-a-relacao-entre-ansiedade-e-sono\\\/\"]}]},{\"@type\":\"ImageObject\",\"inLanguage\":\"pt-BR\",\"@id\":\"https:\\\/\\\/condor.fabbricaweb.com.br\\\/pt\\\/qual-e-a-relacao-entre-ansiedade-e-sono\\\/#primaryimage\",\"url\":\"https:\\\/\\\/condor.fabbricaweb.com.br\\\/wp-content\\\/uploads\\\/2022\\\/10\\\/720x600-pt.png\",\"contentUrl\":\"https:\\\/\\\/condor.fabbricaweb.com.br\\\/wp-content\\\/uploads\\\/2022\\\/10\\\/720x600-pt.png\",\"width\":720,\"height\":600},{\"@type\":\"BreadcrumbList\",\"@id\":\"https:\\\/\\\/condor.fabbricaweb.com.br\\\/pt\\\/qual-e-a-relacao-entre-ansiedade-e-sono\\\/#breadcrumb\",\"itemListElement\":[{\"@type\":\"ListItem\",\"position\":1,\"name\":\"Home\",\"item\":\"https:\\\/\\\/condor.fabbricaweb.com.br\\\/pt\\\/\"},{\"@type\":\"ListItem\",\"position\":2,\"name\":\"Circadian Rhythm and Health\",\"item\":\"https:\\\/\\\/condor.fabbricaweb.com.br\\\/pt\\\/category\\\/circadian-rhythm-and-health\\\/\"},{\"@type\":\"ListItem\",\"position\":3,\"name\":\"What is the relationship between anxiety and sleep?\u00a0\"}]},{\"@type\":\"WebSite\",\"@id\":\"https:\\\/\\\/condor.fabbricaweb.com.br\\\/pt\\\/#website\",\"url\":\"https:\\\/\\\/condor.fabbricaweb.com.br\\\/pt\\\/\",\"name\":\"Condor Instruments\",\"description\":\"\",\"publisher\":{\"@id\":\"https:\\\/\\\/condor.fabbricaweb.com.br\\\/pt\\\/#organization\"},\"potentialAction\":[{\"@type\":\"SearchAction\",\"target\":{\"@type\":\"EntryPoint\",\"urlTemplate\":\"https:\\\/\\\/condor.fabbricaweb.com.br\\\/pt\\\/?s={search_term_string}\"},\"query-input\":{\"@type\":\"PropertyValueSpecification\",\"valueRequired\":true,\"valueName\":\"search_term_string\"}}],\"inLanguage\":\"pt-BR\"},{\"@type\":\"Organization\",\"@id\":\"https:\\\/\\\/condor.fabbricaweb.com.br\\\/pt\\\/#organization\",\"name\":\"Condor Instruments\",\"alternateName\":\"Condor\",\"url\":\"https:\\\/\\\/condor.fabbricaweb.com.br\\\/pt\\\/\",\"logo\":{\"@type\":\"ImageObject\",\"inLanguage\":\"pt-BR\",\"@id\":\"https:\\\/\\\/condor.fabbricaweb.com.br\\\/pt\\\/#\\\/schema\\\/logo\\\/image\\\/\",\"url\":\"https:\\\/\\\/condor.fabbricaweb.com.br\\\/wp-content\\\/uploads\\\/2025\\\/04\\\/Condor-Logo-1.png\",\"contentUrl\":\"https:\\\/\\\/condor.fabbricaweb.com.br\\\/wp-content\\\/uploads\\\/2025\\\/04\\\/Condor-Logo-1.png\",\"width\":780,\"height\":215,\"caption\":\"Condor Instruments\"},\"image\":{\"@id\":\"https:\\\/\\\/condor.fabbricaweb.com.br\\\/pt\\\/#\\\/schema\\\/logo\\\/image\\\/\"},\"sameAs\":[\"https:\\\/\\\/www.youtube.com\\\/channel\\\/UC9uxCFtNC_-bNvegdf6ltRQ\",\"https:\\\/\\\/www.instagram.com\\\/instruments_condor\\\/\",\"https:\\\/\\\/www.linkedin.com\\\/company\\\/condorinst\"]},{\"@type\":\"Person\",\"@id\":\"https:\\\/\\\/condor.fabbricaweb.com.br\\\/pt\\\/#\\\/schema\\\/person\\\/86cd767bdd3b9c879fa81c8ceecb2aab\",\"name\":\"Condor\",\"image\":{\"@type\":\"ImageObject\",\"inLanguage\":\"pt-BR\",\"@id\":\"https:\\\/\\\/condor.fabbricaweb.com.br\\\/pt\\\/wp-content\\\/litespeed\\\/avatar\\\/3f0be2e0a7483e4b792e094c853fb6ca.jpg\\\/?ver=1788209426\",\"url\":\"https:\\\/\\\/condor.fabbricaweb.com.br\\\/pt\\\/wp-content\\\/litespeed\\\/avatar\\\/3f0be2e0a7483e4b792e094c853fb6ca.jpg\\\/?ver=1788209426\",\"contentUrl\":\"https:\\\/\\\/condor.fabbricaweb.com.br\\\/pt\\\/wp-content\\\/litespeed\\\/avatar\\\/3f0be2e0a7483e4b792e094c853fb6ca.jpg\\\/?ver=1788209426\",\"caption\":\"Condor\"},\"url\":\"https:\\\/\\\/condor.fabbricaweb.com.br\\\/pt\\\/author\\\/condor\\\/\"}]}<\/script>\n<!-- \/ Yoast SEO plugin. -->","yoast_head_json":{"title":"What is the relationship between anxiety and sleep?\u00a0 - Condor Instruments","robots":{"index":"noindex","follow":"follow","max-snippet":"max-snippet:-1","max-image-preview":"max-image-preview:large","max-video-preview":"max-video-preview:-1"},"og_locale":"pt_BR","og_type":"article","og_title":"What is the relationship between anxiety and sleep?\u00a0 - Condor Instruments","og_description":"Result of the most diverse neurobehavioral effects, deprivation of sleep it&#8217;s the gateway to an enormous range of diseases and directly affects our quality of life. Insomnia and so many other sleep disorders may have specific causes that lead to sleep deprivation, but there is an intersection between them: anxiety. But, after all, Anxiety and [&hellip;]","og_url":"https:\/\/condor.fabbricaweb.com.br\/pt\/qual-e-a-relacao-entre-ansiedade-e-sono\/","og_site_name":"Condor Instruments","article_published_time":"2022-10-07T15:36:00+00:00","article_modified_time":"2026-08-24T15:11:53+00:00","og_image":[{"width":720,"height":600,"url":"https:\/\/condor.fabbricaweb.com.br\/wp-content\/uploads\/2022\/10\/720x600-pt.png","type":"image\/png"}],"author":"Condor","twitter_card":"summary_large_image","twitter_misc":{"Escrito por":"Condor","Est. tempo de leitura":"5 minutos"},"schema":{"@context":"https:\/\/schema.org","@graph":[{"@type":"Article","@id":"https:\/\/condor.fabbricaweb.com.br\/pt\/qual-e-a-relacao-entre-ansiedade-e-sono\/#article","isPartOf":{"@id":"https:\/\/condor.fabbricaweb.com.br\/pt\/qual-e-a-relacao-entre-ansiedade-e-sono\/"},"author":{"name":"Condor","@id":"https:\/\/condor.fabbricaweb.com.br\/pt\/#\/schema\/person\/86cd767bdd3b9c879fa81c8ceecb2aab"},"headline":"What is the relationship between anxiety and sleep?\u00a0","datePublished":"2022-10-07T15:36:00+00:00","dateModified":"2026-08-24T15:11:53+00:00","mainEntityOfPage":{"@id":"https:\/\/condor.fabbricaweb.com.br\/pt\/qual-e-a-relacao-entre-ansiedade-e-sono\/"},"wordCount":1650,"commentCount":0,"publisher":{"@id":"https:\/\/condor.fabbricaweb.com.br\/pt\/#organization"},"image":{"@id":"https:\/\/condor.fabbricaweb.com.br\/pt\/qual-e-a-relacao-entre-ansiedade-e-sono\/#primaryimage"},"thumbnailUrl":"https:\/\/condor.fabbricaweb.com.br\/wp-content\/uploads\/2022\/10\/720x600-pt.png","articleSection":["Circadian Rhythm and Health","Sleep and Health"],"inLanguage":"pt-BR","potentialAction":[{"@type":"CommentAction","name":"Comment","target":["https:\/\/condor.fabbricaweb.com.br\/pt\/qual-e-a-relacao-entre-ansiedade-e-sono\/#respond"]}]},{"@type":"WebPage","@id":"https:\/\/condor.fabbricaweb.com.br\/pt\/qual-e-a-relacao-entre-ansiedade-e-sono\/","url":"https:\/\/condor.fabbricaweb.com.br\/pt\/qual-e-a-relacao-entre-ansiedade-e-sono\/","name":"What is the relationship between anxiety and sleep?\u00a0 - Condor Instruments","isPartOf":{"@id":"https:\/\/condor.fabbricaweb.com.br\/pt\/#website"},"primaryImageOfPage":{"@id":"https:\/\/condor.fabbricaweb.com.br\/pt\/qual-e-a-relacao-entre-ansiedade-e-sono\/#primaryimage"},"image":{"@id":"https:\/\/condor.fabbricaweb.com.br\/pt\/qual-e-a-relacao-entre-ansiedade-e-sono\/#primaryimage"},"thumbnailUrl":"https:\/\/condor.fabbricaweb.com.br\/wp-content\/uploads\/2022\/10\/720x600-pt.png","datePublished":"2022-10-07T15:36:00+00:00","dateModified":"2026-08-24T15:11:53+00:00","breadcrumb":{"@id":"https:\/\/condor.fabbricaweb.com.br\/pt\/qual-e-a-relacao-entre-ansiedade-e-sono\/#breadcrumb"},"inLanguage":"pt-BR","potentialAction":[{"@type":"ReadAction","target":["https:\/\/condor.fabbricaweb.com.br\/pt\/qual-e-a-relacao-entre-ansiedade-e-sono\/"]}]},{"@type":"ImageObject","inLanguage":"pt-BR","@id":"https:\/\/condor.fabbricaweb.com.br\/pt\/qual-e-a-relacao-entre-ansiedade-e-sono\/#primaryimage","url":"https:\/\/condor.fabbricaweb.com.br\/wp-content\/uploads\/2022\/10\/720x600-pt.png","contentUrl":"https:\/\/condor.fabbricaweb.com.br\/wp-content\/uploads\/2022\/10\/720x600-pt.png","width":720,"height":600},{"@type":"BreadcrumbList","@id":"https:\/\/condor.fabbricaweb.com.br\/pt\/qual-e-a-relacao-entre-ansiedade-e-sono\/#breadcrumb","itemListElement":[{"@type":"ListItem","position":1,"name":"Home","item":"https:\/\/condor.fabbricaweb.com.br\/pt\/"},{"@type":"ListItem","position":2,"name":"Circadian Rhythm and Health","item":"https:\/\/condor.fabbricaweb.com.br\/pt\/category\/circadian-rhythm-and-health\/"},{"@type":"ListItem","position":3,"name":"What is the relationship between anxiety and sleep?\u00a0"}]},{"@type":"WebSite","@id":"https:\/\/condor.fabbricaweb.com.br\/pt\/#website","url":"https:\/\/condor.fabbricaweb.com.br\/pt\/","name":"Condor Instruments","description":"","publisher":{"@id":"https:\/\/condor.fabbricaweb.com.br\/pt\/#organization"},"potentialAction":[{"@type":"SearchAction","target":{"@type":"EntryPoint","urlTemplate":"https:\/\/condor.fabbricaweb.com.br\/pt\/?s={search_term_string}"},"query-input":{"@type":"PropertyValueSpecification","valueRequired":true,"valueName":"search_term_string"}}],"inLanguage":"pt-BR"},{"@type":"Organization","@id":"https:\/\/condor.fabbricaweb.com.br\/pt\/#organization","name":"Condor Instruments","alternateName":"Condor","url":"https:\/\/condor.fabbricaweb.com.br\/pt\/","logo":{"@type":"ImageObject","inLanguage":"pt-BR","@id":"https:\/\/condor.fabbricaweb.com.br\/pt\/#\/schema\/logo\/image\/","url":"https:\/\/condor.fabbricaweb.com.br\/wp-content\/uploads\/2025\/04\/Condor-Logo-1.png","contentUrl":"https:\/\/condor.fabbricaweb.com.br\/wp-content\/uploads\/2025\/04\/Condor-Logo-1.png","width":780,"height":215,"caption":"Condor Instruments"},"image":{"@id":"https:\/\/condor.fabbricaweb.com.br\/pt\/#\/schema\/logo\/image\/"},"sameAs":["https:\/\/www.youtube.com\/channel\/UC9uxCFtNC_-bNvegdf6ltRQ","https:\/\/www.instagram.com\/instruments_condor\/","https:\/\/www.linkedin.com\/company\/condorinst"]},{"@type":"Person","@id":"https:\/\/condor.fabbricaweb.com.br\/pt\/#\/schema\/person\/86cd767bdd3b9c879fa81c8ceecb2aab","name":"Condor","image":{"@type":"ImageObject","inLanguage":"pt-BR","@id":"https:\/\/condor.fabbricaweb.com.br\/pt\/wp-content\/litespeed\/avatar\/3f0be2e0a7483e4b792e094c853fb6ca.jpg\/?ver=1788209426","url":"https:\/\/condor.fabbricaweb.com.br\/pt\/wp-content\/litespeed\/avatar\/3f0be2e0a7483e4b792e094c853fb6ca.jpg\/?ver=1788209426","contentUrl":"https:\/\/condor.fabbricaweb.com.br\/pt\/wp-content\/litespeed\/avatar\/3f0be2e0a7483e4b792e094c853fb6ca.jpg\/?ver=1788209426","caption":"Condor"},"url":"https:\/\/condor.fabbricaweb.com.br\/pt\/author\/condor\/"}]}},"_links":{"self":[{"href":"https:\/\/condor.fabbricaweb.com.br\/pt\/wp-json\/wp\/v2\/posts\/53456","targetHints":{"allow":["GET"]}}],"collection":[{"href":"https:\/\/condor.fabbricaweb.com.br\/pt\/wp-json\/wp\/v2\/posts"}],"about":[{"href":"https:\/\/condor.fabbricaweb.com.br\/pt\/wp-json\/wp\/v2\/types\/post"}],"author":[{"embeddable":true,"href":"https:\/\/condor.fabbricaweb.com.br\/pt\/wp-json\/wp\/v2\/users\/3"}],"replies":[{"embeddable":true,"href":"https:\/\/condor.fabbricaweb.com.br\/pt\/wp-json\/wp\/v2\/comments?post=53456"}],"version-history":[{"count":1,"href":"https:\/\/condor.fabbricaweb.com.br\/pt\/wp-json\/wp\/v2\/posts\/53456\/revisions"}],"predecessor-version":[{"id":58084,"href":"https:\/\/condor.fabbricaweb.com.br\/pt\/wp-json\/wp\/v2\/posts\/53456\/revisions\/58084"}],"wp:featuredmedia":[{"embeddable":true,"href":"https:\/\/condor.fabbricaweb.com.br\/pt\/wp-json\/wp\/v2\/media\/53457"}],"wp:attachment":[{"href":"https:\/\/condor.fabbricaweb.com.br\/pt\/wp-json\/wp\/v2\/media?parent=53456"}],"wp:term":[{"taxonomy":"category","embeddable":true,"href":"https:\/\/condor.fabbricaweb.com.br\/pt\/wp-json\/wp\/v2\/categories?post=53456"},{"taxonomy":"post_tag","embeddable":true,"href":"https:\/\/condor.fabbricaweb.com.br\/pt\/wp-json\/wp\/v2\/tags?post=53456"}],"curies":[{"name":"wp","href":"https:\/\/api.w.org\/{rel}","templated":true}]}}