{"id":54593,"date":"2021-05-21T20:45:55","date_gmt":"2021-05-21T23:45:55","guid":{"rendered":"https:\/\/condor.fabbricaweb.com.br\/blog\/?p=127"},"modified":"2026-08-24T12:12:05","modified_gmt":"2026-08-24T15:12:05","slug":"profissionais-medicina-do-sono","status":"publish","type":"post","link":"https:\/\/condor.fabbricaweb.com.br\/pt\/profissionais-medicina-do-sono\/","title":{"rendered":"Profissionais &#8211; Medicina do Sono"},"content":{"rendered":"<h2 class=\"wp-block-heading\">Quem s\u00e3o os profissionais da Medicina do Sono?<\/h2>\n\n\n\n<p class=\"wp-block-paragraph\">A ci\u00eancia do sono conta com profissionais de diversas \u00e1reas, unidos pelo intuito de aumentar a qualidade de vida dos pacientes que sofrem com dist\u00farbios do sono. Para tal, eles se baseiam nas habilidades espec\u00edficas de seus objetos de estudo. Neste artigo abordamos quais s\u00e3o as especialidades, dentro e fora da Medicina, que contribuem para essa ci\u00eancia t\u00e3o relevante para a sa\u00fade humana \u2013 a Medicina do Sono. Saiba mais a seguir.<\/p>\n\n\n\n<h3 class=\"wp-block-heading\"><strong>Breve hist\u00f3ria da Medicina do Sono<\/strong><\/h3>\n\n\n\n<p class=\"wp-block-paragraph\">O sono \u00e9 descrito na literatura desde Hip\u00f3crates (460 a.C.). No entanto, a Medicina do Sono \u00e9 uma ci\u00eancia relativamente recente. A abordagem cient\u00edfica do sono come\u00e7a em 1830, com as primeiras descri\u00e7\u00f5es de casos de narcolepsia.<\/p>\n\n\n\n<p class=\"wp-block-paragraph\">O primeiro centro focado no estudo do sono foi criado em 1970, em Stanford, nos EUA, para tratar pacientes narcol\u00e9pticos. A partir de ent\u00e3o surgiram milhares de centros de estudo dedicados ao sono em todo o mundo.<\/p>\n\n\n\n<p class=\"wp-block-paragraph\">Em 1990, a especialidade se globalizou devido \u00e0 elabora\u00e7\u00e3o da Classifica\u00e7\u00e3o Internacional dos Dist\u00farbios do Sono (ICSD \u2013 <em>International Classification of Sleep Disorders<\/em>), que conta com a contribui\u00e7\u00e3o de m\u00e9dicos do mundo inteiro para a discuss\u00e3o de estudos e descobertas relacionadas a mais de 80 dist\u00farbios do sono descritos na literatura m\u00e9dica.<\/p>\n\n\n\n<p class=\"wp-block-paragraph\">Assim, em pouco mais de duas d\u00e9cadas, surge uma especialidade interdisciplinar cujo objetivo \u00e9 o aumento da qualidade de vida por meio da promo\u00e7\u00e3o da qualidade do sono.<\/p>\n\n\n\n<p class=\"wp-block-paragraph\">Necessidade biol\u00f3gica b\u00e1sica e essencial, o sono \u00e9 um dos pilares do desenvolvimento f\u00edsico e das fun\u00e7\u00f5es mentais humanas. Sua priva\u00e7\u00e3o provoca altera\u00e7\u00f5es no ritmo biol\u00f3gico e ocasiona incont\u00e1veis problemas, como perda da mem\u00f3ria, irritabilidade, fadiga, altera\u00e7\u00e3o do humor, manifesta\u00e7\u00f5es psicopatol\u00f3gicas, entre outros. Por isso, quando h\u00e1 altera\u00e7\u00e3o no sono, as causas devem ser imediatamente investigadas. Esse \u00e9 o prop\u00f3sito da Medicina do Sono.<\/p>\n\n\n\n<p class=\"wp-block-paragraph\">Os dist\u00farbios do sono requerem an\u00e1lises de profissionais de diversas \u00e1reas, dando enfoque interdisciplinar ao buscar a escolha de tratamento que melhor se adapta a cada paciente. Em raz\u00e3o disso, a Medicina do Sono j\u00e1 nasceu multidisciplinar, visto que seu objeto s\u00f3 pode ser entendido a partir de m\u00faltiplas perspectivas.<\/p>\n\n\n\n<p class=\"wp-block-paragraph\">A \u00e1rea envolve pneumologistas, neurologistas, otorrinolaringologistas, cirurgi\u00f5es, fisioterapeutas, dentistas, entre outras v\u00e1rias especialidades que veremos abaixo.<\/p>\n\n\n\n<h3 class=\"wp-block-heading\"><strong>dist\u00farbios do sono<\/strong><\/h3>\n\n\n\n<p class=\"wp-block-paragraph\">Os dist\u00farbios do sono&nbsp;consistem em altera\u00e7\u00f5es no ritmo e qualidade do sono, seja por altera\u00e7\u00f5es cerebrais, respirat\u00f3rias, anat\u00f4micas ou por transtornos do movimento.<\/p>\n\n\n\n<p class=\"wp-block-paragraph\">Atualmente, para agrupar os dist\u00farbios do sono, utiliza-se a 3.\u00aa edi\u00e7\u00e3o da Classifica\u00e7\u00e3o Internacional dos Dist\u00farbios do Sono (ICSD-3), que os re\u00fane nas seguintes categorias:<\/p>\n\n\n\n<ul class=\"wp-block-list\">\n<li>transtornos de ins\u00f4nia;<\/li>\n\n\n\n<li>transtornos respirat\u00f3rios relacionados ao sono (apneia obstrutiva do sono, roncos);<\/li>\n\n\n\n<li>transtornos de hipersonol\u00eancia central (narcolepsia, hipersonia);<\/li>\n\n\n\n<li>transtorno do ritmo circadiano de sono-vig\u00edlia (atraso e avan\u00e7o das fases do sono, sono-vig\u00edlia irregular);<\/li>\n\n\n\n<li>parassonias (sonambulismo, parassonias do sono NREM, terror noturno, pesadelos);<\/li>\n\n\n\n<li>transtornos do movimento relacionado ao sono (s\u00edndrome das pernas inquietas, bruxismo); e<\/li>\n\n\n\n<li>outros transtornos e condi\u00e7\u00f5es m\u00e9dicas e neurol\u00f3gicas relacionadas ao sono.<\/li>\n<\/ul>\n\n\n\n<h3 class=\"wp-block-heading\"><strong>Quem s\u00e3o os profissionais da Medicina do Sono?<\/strong><\/h3>\n\n\n\n<p class=\"wp-block-paragraph\">Cada uma das patologias relacionadas ao sono se deve a uma conjun\u00e7\u00e3o de fatores relativos \u00e0 respira\u00e7\u00e3o, formato facial, estado psicol\u00f3gico, entre outros. Por esse motivo, trata-se de uma \u00e1rea interdisciplinar e conta com diversos profissionais que atuam no manejo desses pacientes.<\/p>\n\n\n\n<p class=\"wp-block-paragraph\">No Brasil, a Medicina do Sono est\u00e1 muito bem estruturada. Na \u00e1rea m\u00e9dica, ap\u00f3s a forma\u00e7\u00e3o prim\u00e1ria e a resid\u00eancia, o profissional que optar pela \u00e1rea passa por uma especializa\u00e7\u00e3o em Medicina do Sono, cujo acesso \u00e9 possibilitado por meio da Pneumologia, Neurologia, Psiquiatria, Cardiologia, Pediatria e Otorrinolaringologia.<\/p>\n\n\n\n<p class=\"wp-block-paragraph\">Profissionais de outras forma\u00e7\u00f5es, como psic\u00f3logos, fisioterapeutas, odontologistas e fonoaudi\u00f3logos, tamb\u00e9m contribuem para a Medicina do Sono e atuam com os m\u00e9dicos no tratamento dos dist\u00farbios do sono. A seguir, veremos como cada uma dessas especialidades e forma\u00e7\u00f5es contribuem para a Medicina do Sono.<\/p>\n\n\n\n<h4 class=\"wp-block-heading\"><strong>Pneumologia<\/strong><\/h4>\n\n\n\n<p class=\"wp-block-paragraph\">A maioria dos dist\u00farbios do sono se classifica como dist\u00farbio respirat\u00f3rio do sono. A s\u00edndrome da apneia obstrutiva do sono (SAOS) \u00e9 uma das queixas mais comuns entre esses transtornos e se caracteriza por eventos recorrentes de obstru\u00e7\u00e3o das vias a\u00e9reas superiores, que pode ser parcial (hipopneia) ou completa (apneia).<\/p>\n\n\n\n<p class=\"wp-block-paragraph\">A interrup\u00e7\u00e3o do ar nos pulm\u00f5es resulta em queda do oxig\u00eanio e aumento do g\u00e1s carb\u00f4nico no sangue. Por se relacionarem diretamente com o funcionamento pulmonar e respirat\u00f3rio, os pneumologistas s\u00e3o essenciais no manejo de pacientes com esses sintomas.<\/p>\n\n\n\n<p class=\"wp-block-paragraph\">Esses profissionais avaliam a capacidade pulmonar e as vias a\u00e9reas, solicitam exames complementares (como a polissonografia) e encaminham o paciente para o tratamento adequado, tendo em vista a situa\u00e7\u00e3o respirat\u00f3ria do paciente.<\/p>\n\n\n\n<h4 class=\"wp-block-heading\"><strong>Neurologia<\/strong><\/h4>\n\n\n\n<p class=\"wp-block-paragraph\">Todos os transtornos do sono podem provocar, a longo prazo, uma diminui\u00e7\u00e3o da concentra\u00e7\u00e3o e da mem\u00f3ria. As consequ\u00eancias degenerativas da m\u00e1 qualidade do sono s\u00e3o objeto de estudo da Neurologia, que avalia de que maneira a falta ou o excesso de sono podem interferir no funcionamento adequado das capacidades cerebrais.<\/p>\n\n\n\n<p class=\"wp-block-paragraph\">Al\u00e9m disso, nos \u00faltimos anos se estuda uma curiosa correspond\u00eancia entre os dist\u00farbios do sono e doen\u00e7as degenerativas. As evid\u00eancias de estudos preliminares sugerem que dist\u00farbios do ritmo circadiano, al\u00e9m de serem um sintoma de neurodegenera\u00e7\u00e3o, tamb\u00e9m podem ser um fator de risco potencial para o desenvolvimento da doen\u00e7a de Parkinson, da doen\u00e7a de Alzheimer e de dem\u00eancias relacionadas.<\/p>\n\n\n\n<p class=\"wp-block-paragraph\">Por essa associa\u00e7\u00e3o, a Neurologia \u00e9 de central import\u00e2ncia na condu\u00e7\u00e3o de pacientes com essas comorbidades, j\u00e1 que o m\u00e9dico especialista em Neurologia ser\u00e1 capaz de avaliar, a partir de exames espec\u00edficos, a rela\u00e7\u00e3o do funcionamento do c\u00e9rebro do paciente com a qualidade do sono.<\/p>\n\n\n\n<p class=\"wp-block-paragraph\">Assim, o tratamento especializado pode abranger n\u00e3o somente sintomas relacionados ao sono, mas tamb\u00e9m causas e consequ\u00eancias neurol\u00f3gicas do paciente.<\/p>\n\n\n\n<figure class=\"wp-block-image size-large is-resized\"><img fetchpriority=\"high\" decoding=\"async\" src=\"https:\/\/condor.fabbricaweb.com.br\/wp-content\/uploads\/2021\/05\/WhatsApp-Image-2021-05-21-at-16.03.50.jpeg\" alt=\"\" class=\"wp-image-34534\" width=\"582\" height=\"582\" srcset=\"https:\/\/condor.fabbricaweb.com.br\/wp-content\/uploads\/2021\/05\/WhatsApp-Image-2021-05-21-at-16.03.50.jpeg 1024w, https:\/\/condor.fabbricaweb.com.br\/wp-content\/uploads\/2021\/05\/WhatsApp-Image-2021-05-21-at-16.03.50-300x300.jpeg 300w, https:\/\/condor.fabbricaweb.com.br\/wp-content\/uploads\/2021\/05\/WhatsApp-Image-2021-05-21-at-16.03.50-768x768.jpeg 768w\" sizes=\"(max-width: 582px) 100vw, 582px\" \/><\/figure>\n\n\n\n<h4 class=\"wp-block-heading\">Psiquiatria<\/h4>\n\n\n\n<p class=\"wp-block-paragraph\">A identifica\u00e7\u00e3o de padr\u00f5es alterados de sono \u00e9 not\u00e1vel na maioria dos transtornos psiqui\u00e1tricos. Entre os pacientes psiqui\u00e1tricos, 40% relatam ins\u00f4nia, e 46% dos pacientes com hipers\u00f4nia preenchem os crit\u00e9rios para o diagn\u00f3stico de transtornos psiqui\u00e1tricos.<\/p>\n\n\n\n<p class=\"wp-block-paragraph\">Cerca de 80% dos pacientes com depress\u00e3o se queixam de mudan\u00e7as nos padr\u00f5es de sono. A ins\u00f4nia inicial \u00e9 frequente nos casos de sintomas ansiosos e man\u00edacos associados. Al\u00e9m disso, muitos medicamentos psiqui\u00e1tricos tamb\u00e9m s\u00e3o respons\u00e1veis por altera\u00e7\u00f5es no ritmo circadiano.<\/p>\n\n\n\n<p class=\"wp-block-paragraph\">Por essa raz\u00e3o,o psiquiatra \u00e9 um dos profissionais respons\u00e1veis por tratar dist\u00farbios de ins\u00f4nia, hipersonia e terror noturno, examinando o hist\u00f3rico m\u00e9dico do paciente e condi\u00e7\u00f5es pr\u00e9vias que s\u00e3o fatores de risco para esses desajustes, al\u00e9m de avaliar o uso de medicamentos psiqui\u00e1tricos que podem interferir nos padr\u00f5es do sono do paciente.<\/p>\n\n\n\n<h4 class=\"wp-block-heading\">Cardiologia<\/h4>\n\n\n\n<p class=\"wp-block-paragraph\">Pacientes com doen\u00e7as cardiovasculares t\u00eam alta preval\u00eancia de transtornos do sono. Em sentido oposto, a ins\u00f4nia e a apneia obstrutiva do sono, al\u00e9m de causarem sintomas como cansa\u00e7o e sonol\u00eancia excessiva diurna, tamb\u00e9m s\u00e3o fatores de risco, principalmente se associados \u00e0 hipertens\u00e3o arterial sist\u00eamica ou diabetes mellitus, para problemas como press\u00e3o alta, colesterol elevado e arritmias.<\/p>\n\n\n\n<p class=\"wp-block-paragraph\">Assim, na Medicina do Sono a Cardiologia \u00e9 a especialidade que avalia as consequ\u00eancias cardiovasculares da baixa qualidade do sono. Se o paciente apresenta fatores de risco relacionados \u00e0 sa\u00fade card\u00edaca, deve passar por uma avalia\u00e7\u00e3o com o cardiologista de modo a analisar as op\u00e7\u00f5es de tratamento considerando as especificidades do paciente.<\/p>\n\n\n\n<h4 class=\"wp-block-heading\">Pediatria<\/h4>\n\n\n\n<p class=\"wp-block-paragraph\">Os dist\u00farbios do sono s\u00e3o muito prevalentes na faixa et\u00e1ria pedi\u00e1trica. H\u00e1 uma alta incid\u00eancia de transtornos como o sonambulismo, o terror noturno e pesadelos nos pacientes pedi\u00e1tricos. Estima-se que 30% das crian\u00e7as apresentam alguma altera\u00e7\u00e3o do sono, sendo essa preval\u00eancia ainda mais elevada entre crian\u00e7as com comorbidades neuropsiqui\u00e1tricas.<\/p>\n\n\n\n<p class=\"wp-block-paragraph\">Al\u00e9m disso, dist\u00farbios do sono tamb\u00e9m elevam o risco do surgimento de uma s\u00e9rie de altera\u00e7\u00f5es metab\u00f3licas e comportamentais nessa faixa et\u00e1ria, podendo levar a d\u00e9ficits de aten\u00e7\u00e3o, dist\u00farbios do humor, aumento de peso e at\u00e9 altera\u00e7\u00f5es do neurodesenvolvimento.<\/p>\n\n\n\n<p class=\"wp-block-paragraph\">Assim, o m\u00e9dico pediatra tem papel fundamental na orienta\u00e7\u00e3o sobre h\u00e1bitos de sono, assim como no reconhecimento, suspei\u00e7\u00e3o e manejo dos poss\u00edveis dist\u00farbios, pois \u00e9 preciso ser capaz de analisar a rotina e os detalhes do ambiente familiar relacionados ao sono da crian\u00e7a, al\u00e9m de realizar um exame cl\u00ednico que considere as especificidades do ritmo circadiano infantil e os aspectos do desenvolvimento infantil no sono.<\/p>\n\n\n\n<h4 class=\"wp-block-heading\">Otorrinolaringologia<\/h4>\n\n\n\n<p class=\"wp-block-paragraph\">Essa especialidade tem um papel fundamental no tratamento de dist\u00farbios do sono ligados \u00e0 respira\u00e7\u00e3o. Os transtornos respirat\u00f3rios relacionados ao sono, como o ronco e a apneia obstrutiva do sono, s\u00e3o causados pela obstru\u00e7\u00e3o das vias a\u00e9reas, justamente o objeto de estudo da otorrinolaringologia.<\/p>\n\n\n\n<p class=\"wp-block-paragraph\">Por isso, o m\u00e9dico especialista em otorrinolaringologia \u00e9 o profissional respons\u00e1vel pelo diagn\u00f3stico e acompanhamento de muitos pacientes com queixas de transtornos obstrutivos das vias respirat\u00f3rias, sabendo avaliar se os problemas em quest\u00e3o possuem indica\u00e7\u00e3o cir\u00fargica ou se respondem melhor a tratamentos conservadores, como o uso de press\u00e3o positiva cont\u00ednua nas vias a\u00e9reas (CPAP \u2013 <em>continuous positive airway pressure<\/em>) ou aparelhos intraorais.<\/p>\n\n\n\n<p class=\"wp-block-paragraph\">Cirurgias nasais e far\u00edngeas, bem como a de avan\u00e7o mandibular e na base da l\u00edngua, podem resolver essa categoria de problema. No caso de haver a necessidade de cirurgia, o otorrinolaringologista \u00e9 quem executa esse tipo de interven\u00e7\u00e3o.<\/p>\n\n\n\n<p class=\"wp-block-paragraph\">Al\u00e9m da investiga\u00e7\u00e3o m\u00e9dica, os transtornos do sono exigem tratamentos diversos que envolvem desde a estrutura maxilar at\u00e9 fatores como a posi\u00e7\u00e3o da l\u00edngua e comorbidades relacionadas, por exemplo, transtornos do humor. Veremos, a seguir, quais s\u00e3o as outras \u00e1reas do conhecimento que trabalham no manejo de pacientes com dist\u00farbios do sono.<\/p>\n\n\n\n<h4 class=\"wp-block-heading\"><strong>Psicologia<\/strong><\/h4>\n\n\n\n<figure class=\"wp-block-image alignright size-large is-resized\"><img decoding=\"async\" src=\"https:\/\/condor.fabbricaweb.com.br\/wp-content\/uploads\/2021\/07\/diario-do-sono.jpg\" alt=\"\" class=\"wp-image-34485\" width=\"470\" height=\"470\" srcset=\"https:\/\/condor.fabbricaweb.com.br\/wp-content\/uploads\/2021\/07\/diario-do-sono.jpg 1024w, https:\/\/condor.fabbricaweb.com.br\/wp-content\/uploads\/2021\/07\/diario-do-sono-300x300.jpg 300w, https:\/\/condor.fabbricaweb.com.br\/wp-content\/uploads\/2021\/07\/diario-do-sono-768x768.jpg 768w\" sizes=\"(max-width: 470px) 100vw, 470px\" \/><\/figure>\n\n\n\n<p class=\"wp-block-paragraph\">Os psic\u00f3logos s\u00e3o grandes aliados no tratamento da ins\u00f4nia, terror noturno e pesadelos. Aliada \u00e0s interven\u00e7\u00f5es m\u00e9dicas, a psicologia tem papel fundamental no manejo de pacientes que sofrem sintomas do ritmo circadiano, pois por meio da terapia cognitivo-comportamental (TCC), t\u00e9cnicas de relaxamento e higiene do sono, muitas vezes pode reverter as manifesta\u00e7\u00f5es psicol\u00f3gicas relacionadas a ansiedade e transtornos psiqui\u00e1tricos.<\/p>\n\n\n\n<p class=\"wp-block-paragraph\">Para a ins\u00f4nia, por exemplo, a terapia cognitivo-comportamental \u00e9 atualmente o tratamento mais indicado em associa\u00e7\u00e3o com a terapia farmacol\u00f3gica. A TCC consiste em ajudar o paciente a reestruturar seus pensamentos e modificar h\u00e1bitos inadequados em rela\u00e7\u00e3o ao sono. Muitas vezes, a t\u00e9cnica pode reduzir ou suprimir a necessidade de interven\u00e7\u00f5es medicamentosas no paciente.<\/p>\n\n\n\n<h4 class=\"wp-block-heading\"><strong>Fisioterapia<\/strong><\/h4>\n\n\n\n<p class=\"wp-block-paragraph\">O fisioterapeuta atua de diversas maneiras na \u00e1rea do sono, tanto na pr\u00e1tica cl\u00ednica quanto na pesquisa. Ele se encarrega da identifica\u00e7\u00e3o e do tratamento dos dist\u00farbios n\u00e3o respirat\u00f3rios (ins\u00f4nia e pernas inquietas) e respirat\u00f3rios. A mais conhecida abordagem da fisioterapia na Medicina do Sono diz respeito ao tratamento da apneia obstrutiva do sono.<\/p>\n\n\n\n<p class=\"wp-block-paragraph\">A partir do conhecimento das fisiopatologias do sistema respirat\u00f3rio, o fisioterapeuta \u00e9 o profissional mais indicado para acompanhar o tratamento com equipamentos de ventila\u00e7\u00e3o por CPAP, orientando e adaptando o paciente ao longo dessa terapia.<\/p>\n\n\n\n<p class=\"wp-block-paragraph\">Al\u00e9m disso, o fisioterapeuta com especializa\u00e7\u00e3o em Medicina do Sono est\u00e1 apto para executar e ler exames como a polissonografia e a poligrafia.<\/p>\n\n\n\n<h4 class=\"wp-block-heading\">Odontologia<\/h4>\n\n\n\n<p class=\"wp-block-paragraph\">Entre as fisiopatologias mais comuns em dist\u00farbios do sono, est\u00e3o os transtornos respirat\u00f3rios, como o ronco e a apneia.<\/p>\n\n\n\n<p class=\"wp-block-paragraph\">A avalia\u00e7\u00e3o cr\u00e2nio-maxilo-facial do paciente \u00e9 fundamental para o encaminhamento ao tratamento mais adequado para esses dist\u00farbios, pois proporciona a identifica\u00e7\u00e3o de altera\u00e7\u00f5es dentofaciais, muito prevalentes em pacientes com apneia obstrutiva do sono.<\/p>\n\n\n\n<p class=\"wp-block-paragraph\">Os odontologistas podem optar por tratamentos de ortodontia, ortopedia facial, cirurgias esquel\u00e9ticas ou confeccionar dispositivos intraorais que visam melhorar as condi\u00e7\u00f5es respirat\u00f3rias do paciente durante o sono.<\/p>\n\n\n\n<p class=\"wp-block-paragraph\">Al\u00e9m disso, o odontologista \u00e9 o profissional indicado para o tratamento do bruxismo, avaliando a necessidade de confec\u00e7\u00e3o de placas oclusais tempor\u00e1rias, aplica\u00e7\u00e3o de medica\u00e7\u00f5es espec\u00edficas para o tratamento do bruxismo e outros tratamentos.<\/p>\n\n\n\n<h4 class=\"wp-block-heading\">Fonoaudiologia<\/h4>\n\n\n\n<p class=\"wp-block-paragraph\">A rela\u00e7\u00e3o entre as altera\u00e7\u00f5es das estruturas e as fun\u00e7\u00f5es do sistema estomatogn\u00e1tico nos indiv\u00edduos com transtornos respirat\u00f3rios do sono \u00e9 muito conhecida pelos fonoaudi\u00f3logos.<\/p>\n\n\n\n<p class=\"wp-block-paragraph\">Estes profissionais s\u00e3o respons\u00e1veis por identificar altera\u00e7\u00f5es de motricidade facial, frequentes em crian\u00e7as respiradoras orais e adultos com apneia obstrutiva do sono, e realizar um trabalho de adequa\u00e7\u00e3o muscular e funcional da respira\u00e7\u00e3o com a finalidade de aumentar o espa\u00e7o na faringe e diminuir a obstru\u00e7\u00e3o da passagem do ar.<\/p>\n\n\n\n<p class=\"wp-block-paragraph\">Os exerc\u00edcios fonoaudiol\u00f3gicos s\u00e3o capazes de diminuir a frequ\u00eancia do ronco em 36% e a sua intensidade em at\u00e9 59%, reduzir o \u00edndice de despertares e promover o aumento da for\u00e7a da l\u00edngua.<\/p>\n\n\n\n<h3 class=\"wp-block-heading\">Medicina do Sono: uma ci\u00eancia integrativa<\/h3>\n\n\n\n<p class=\"wp-block-paragraph\">Como vimos, a integra\u00e7\u00e3o de diversas especialidades \u00e9 fundamental para a Medicina do Sono, j\u00e1 que os dist\u00farbios ligados a ela n\u00e3o raro s\u00e3o causa ou consequ\u00eancia de outras patologias estudadas por essas \u00e1reas espec\u00edficas.<\/p>\n\n\n\n<p class=\"wp-block-paragraph\">Em conjunto, profissionais de diferentes \u00e1reas atuam na preven\u00e7\u00e3o, diagn\u00f3stico e tratamento dos pacientes e fazem a diferen\u00e7a na promo\u00e7\u00e3o da melhoria da qualidade de vida de pessoas de todo o mundo que sofrem com a m\u00e1 qualidade do sono.<\/p>\n\n\n\n<p class=\"wp-block-paragraph\">A cada dia, a ci\u00eancia avan\u00e7a na elabora\u00e7\u00e3o de novos tratamentos para esses dist\u00farbios, e isso se d\u00e1 gra\u00e7as \u00e0 conjun\u00e7\u00e3o de perspectivas nos estudos do sono. Os equipamentos tecnol\u00f3gicos dos quais dispomos hoje existem devido \u00e0 uni\u00e3o dessas \u00e1reas. Assim, hoje \u00e9 poss\u00edvel entender cada vez mais profundamente esse mist\u00e9rio da natureza \u2013 o sono.<\/p>\n\n\n\n<figure class=\"wp-block-image size-large\"><a href=\"https:\/\/condor.fabbricaweb.com.br\/pt\/contato\/\" target=\"_blank\" rel=\"noreferrer noopener\"><img decoding=\"async\" width=\"1024\" height=\"427\" src=\"https:\/\/condor.fabbricaweb.com.br\/wp-content\/uploads\/2021\/08\/CONDOR-FOOTER-1-1024x427-1.png\" alt=\"\" class=\"wp-image-34124\" srcset=\"https:\/\/condor.fabbricaweb.com.br\/wp-content\/uploads\/2021\/08\/CONDOR-FOOTER-1-1024x427-1.png 1024w, https:\/\/condor.fabbricaweb.com.br\/wp-content\/uploads\/2021\/08\/CONDOR-FOOTER-1-1024x427-1-300x125.png 300w, https:\/\/condor.fabbricaweb.com.br\/wp-content\/uploads\/2021\/08\/CONDOR-FOOTER-1-1024x427-1-768x320.png 768w\" sizes=\"(max-width: 1024px) 100vw, 1024px\" \/><\/a><figcaption class=\"wp-element-caption\"><a href=\"https:\/\/condor.fabbricaweb.com.br\/pt\/\">https:\/\/condor.fabbricaweb.com.br\/<\/a><\/figcaption><\/figure>\n\n\n\n<div class=\"wp-block-buttons is-content-justification-center is-layout-flex wp-container-core-buttons-is-layout-3e41869c wp-block-buttons-is-layout-flex\">\n<div class=\"wp-block-button\"><a class=\"wp-block-button__link wp-element-button\" href=\"https:\/\/condor.fabbricaweb.com.br\/pt\/contato\/\" target=\"_blank\" rel=\"noreferrer noopener\">Fale Conosco<\/a><\/div>\n<\/div>","protected":false},"excerpt":{"rendered":"<p>Who are the professionals in Sleep Medicine? Sleep science is made up of professionals from different fields, united by the aim of improving the quality of life of patients suffering from sleep disorders. To do this, they draw on the specific skills of their fields of study. In this article we look at the specialties, [&hellip;]<\/p>\n","protected":false},"author":3,"featured_media":34142,"comment_status":"open","ping_status":"open","sticky":false,"template":"","format":"standard","meta":{"footnotes":"","_links_to":"","_links_to_target":""},"categories":[11,10,12],"tags":[],"class_list":["post-54593","post","type-post","status-publish","format-standard","has-post-thumbnail","hentry","category-actigraphy","category-circadian-rhythm-and-health","category-sleep-and-health"],"yoast_head":"<!-- This site is optimized with the Yoast SEO plugin v28.3 - https:\/\/yoast.com\/product\/yoast-seo-wordpress\/ -->\n<title>Professionals - Sleep Medicine - Condor Instruments<\/title>\n<meta name=\"robots\" content=\"noindex, follow, max-snippet:-1, max-image-preview:large, max-video-preview:-1\" \/>\n<meta property=\"og:locale\" content=\"pt_BR\" \/>\n<meta property=\"og:type\" content=\"article\" \/>\n<meta property=\"og:title\" content=\"Professionals - Sleep Medicine - Condor Instruments\" \/>\n<meta property=\"og:description\" content=\"Who are the professionals in Sleep Medicine? Sleep science is made up of professionals from different fields, united by the aim of improving the quality of life of patients suffering from sleep disorders. To do this, they draw on the specific skills of their fields of study. In this article we look at the specialties, [&hellip;]\" \/>\n<meta property=\"og:url\" content=\"https:\/\/condor.fabbricaweb.com.br\/pt\/profissionais-medicina-do-sono\/\" \/>\n<meta property=\"og:site_name\" content=\"Condor Instruments\" \/>\n<meta property=\"article:published_time\" content=\"2021-05-21T23:45:55+00:00\" \/>\n<meta property=\"article:modified_time\" content=\"2026-08-24T15:12:05+00:00\" \/>\n<meta property=\"og:image\" content=\"https:\/\/condor.fabbricaweb.com.br\/wp-content\/uploads\/2021\/05\/Profissionais-da-Medicina-do-Sono-blog-1024x614-1.jpg\" \/>\n\t<meta property=\"og:image:width\" content=\"1024\" \/>\n\t<meta property=\"og:image:height\" content=\"614\" \/>\n\t<meta property=\"og:image:type\" content=\"image\/jpeg\" \/>\n<meta name=\"author\" content=\"Condor\" \/>\n<meta name=\"twitter:card\" content=\"summary_large_image\" \/>\n<meta name=\"twitter:label1\" content=\"Escrito por\" \/>\n\t<meta name=\"twitter:data1\" content=\"Condor\" \/>\n\t<meta name=\"twitter:label2\" content=\"Est. tempo de leitura\" \/>\n\t<meta name=\"twitter:data2\" content=\"13 minutos\" \/>\n<script type=\"application\/ld+json\" class=\"yoast-schema-graph\">{\"@context\":\"https:\\\/\\\/schema.org\",\"@graph\":[{\"@type\":\"Article\",\"@id\":\"https:\\\/\\\/condor.fabbricaweb.com.br\\\/pt\\\/profissionais-medicina-do-sono\\\/#article\",\"isPartOf\":{\"@id\":\"https:\\\/\\\/condor.fabbricaweb.com.br\\\/pt\\\/profissionais-medicina-do-sono\\\/\"},\"author\":{\"name\":\"Condor\",\"@id\":\"https:\\\/\\\/condor.fabbricaweb.com.br\\\/pt\\\/#\\\/schema\\\/person\\\/86cd767bdd3b9c879fa81c8ceecb2aab\"},\"headline\":\"Professionals &#8211; Sleep Medicine\",\"datePublished\":\"2021-05-21T23:45:55+00:00\",\"dateModified\":\"2026-08-24T15:12:05+00:00\",\"mainEntityOfPage\":{\"@id\":\"https:\\\/\\\/condor.fabbricaweb.com.br\\\/pt\\\/profissionais-medicina-do-sono\\\/\"},\"wordCount\":1962,\"commentCount\":0,\"publisher\":{\"@id\":\"https:\\\/\\\/condor.fabbricaweb.com.br\\\/pt\\\/#organization\"},\"image\":{\"@id\":\"https:\\\/\\\/condor.fabbricaweb.com.br\\\/pt\\\/profissionais-medicina-do-sono\\\/#primaryimage\"},\"thumbnailUrl\":\"https:\\\/\\\/condor.fabbricaweb.com.br\\\/wp-content\\\/uploads\\\/2021\\\/05\\\/Profissionais-da-Medicina-do-Sono-blog-1024x614-1.jpg\",\"articleSection\":[\"Actigraphy\",\"Circadian Rhythm and Health\",\"Sleep and Health\"],\"inLanguage\":\"pt-BR\",\"potentialAction\":[{\"@type\":\"CommentAction\",\"name\":\"Comment\",\"target\":[\"https:\\\/\\\/condor.fabbricaweb.com.br\\\/pt\\\/profissionais-medicina-do-sono\\\/#respond\"]}]},{\"@type\":\"WebPage\",\"@id\":\"https:\\\/\\\/condor.fabbricaweb.com.br\\\/pt\\\/profissionais-medicina-do-sono\\\/\",\"url\":\"https:\\\/\\\/condor.fabbricaweb.com.br\\\/pt\\\/profissionais-medicina-do-sono\\\/\",\"name\":\"Professionals - Sleep Medicine - Condor Instruments\",\"isPartOf\":{\"@id\":\"https:\\\/\\\/condor.fabbricaweb.com.br\\\/pt\\\/#website\"},\"primaryImageOfPage\":{\"@id\":\"https:\\\/\\\/condor.fabbricaweb.com.br\\\/pt\\\/profissionais-medicina-do-sono\\\/#primaryimage\"},\"image\":{\"@id\":\"https:\\\/\\\/condor.fabbricaweb.com.br\\\/pt\\\/profissionais-medicina-do-sono\\\/#primaryimage\"},\"thumbnailUrl\":\"https:\\\/\\\/condor.fabbricaweb.com.br\\\/wp-content\\\/uploads\\\/2021\\\/05\\\/Profissionais-da-Medicina-do-Sono-blog-1024x614-1.jpg\",\"datePublished\":\"2021-05-21T23:45:55+00:00\",\"dateModified\":\"2026-08-24T15:12:05+00:00\",\"breadcrumb\":{\"@id\":\"https:\\\/\\\/condor.fabbricaweb.com.br\\\/pt\\\/profissionais-medicina-do-sono\\\/#breadcrumb\"},\"inLanguage\":\"pt-BR\",\"potentialAction\":[{\"@type\":\"ReadAction\",\"target\":[\"https:\\\/\\\/condor.fabbricaweb.com.br\\\/pt\\\/profissionais-medicina-do-sono\\\/\"]}]},{\"@type\":\"ImageObject\",\"inLanguage\":\"pt-BR\",\"@id\":\"https:\\\/\\\/condor.fabbricaweb.com.br\\\/pt\\\/profissionais-medicina-do-sono\\\/#primaryimage\",\"url\":\"https:\\\/\\\/condor.fabbricaweb.com.br\\\/wp-content\\\/uploads\\\/2021\\\/05\\\/Profissionais-da-Medicina-do-Sono-blog-1024x614-1.jpg\",\"contentUrl\":\"https:\\\/\\\/condor.fabbricaweb.com.br\\\/wp-content\\\/uploads\\\/2021\\\/05\\\/Profissionais-da-Medicina-do-Sono-blog-1024x614-1.jpg\",\"width\":1024,\"height\":614},{\"@type\":\"BreadcrumbList\",\"@id\":\"https:\\\/\\\/condor.fabbricaweb.com.br\\\/pt\\\/profissionais-medicina-do-sono\\\/#breadcrumb\",\"itemListElement\":[{\"@type\":\"ListItem\",\"position\":1,\"name\":\"Home\",\"item\":\"https:\\\/\\\/condor.fabbricaweb.com.br\\\/pt\\\/\"},{\"@type\":\"ListItem\",\"position\":2,\"name\":\"Actigraphy\",\"item\":\"https:\\\/\\\/condor.fabbricaweb.com.br\\\/pt\\\/category\\\/actigraphy\\\/\"},{\"@type\":\"ListItem\",\"position\":3,\"name\":\"Professionals &#8211; Sleep Medicine\"}]},{\"@type\":\"WebSite\",\"@id\":\"https:\\\/\\\/condor.fabbricaweb.com.br\\\/pt\\\/#website\",\"url\":\"https:\\\/\\\/condor.fabbricaweb.com.br\\\/pt\\\/\",\"name\":\"Condor Instruments\",\"description\":\"\",\"publisher\":{\"@id\":\"https:\\\/\\\/condor.fabbricaweb.com.br\\\/pt\\\/#organization\"},\"potentialAction\":[{\"@type\":\"SearchAction\",\"target\":{\"@type\":\"EntryPoint\",\"urlTemplate\":\"https:\\\/\\\/condor.fabbricaweb.com.br\\\/pt\\\/?s={search_term_string}\"},\"query-input\":{\"@type\":\"PropertyValueSpecification\",\"valueRequired\":true,\"valueName\":\"search_term_string\"}}],\"inLanguage\":\"pt-BR\"},{\"@type\":\"Organization\",\"@id\":\"https:\\\/\\\/condor.fabbricaweb.com.br\\\/pt\\\/#organization\",\"name\":\"Condor Instruments\",\"alternateName\":\"Condor\",\"url\":\"https:\\\/\\\/condor.fabbricaweb.com.br\\\/pt\\\/\",\"logo\":{\"@type\":\"ImageObject\",\"inLanguage\":\"pt-BR\",\"@id\":\"https:\\\/\\\/condor.fabbricaweb.com.br\\\/pt\\\/#\\\/schema\\\/logo\\\/image\\\/\",\"url\":\"https:\\\/\\\/condor.fabbricaweb.com.br\\\/wp-content\\\/uploads\\\/2025\\\/04\\\/Condor-Logo-1.png\",\"contentUrl\":\"https:\\\/\\\/condor.fabbricaweb.com.br\\\/wp-content\\\/uploads\\\/2025\\\/04\\\/Condor-Logo-1.png\",\"width\":780,\"height\":215,\"caption\":\"Condor Instruments\"},\"image\":{\"@id\":\"https:\\\/\\\/condor.fabbricaweb.com.br\\\/pt\\\/#\\\/schema\\\/logo\\\/image\\\/\"},\"sameAs\":[\"https:\\\/\\\/www.youtube.com\\\/channel\\\/UC9uxCFtNC_-bNvegdf6ltRQ\",\"https:\\\/\\\/www.instagram.com\\\/instruments_condor\\\/\",\"https:\\\/\\\/www.linkedin.com\\\/company\\\/condorinst\"]},{\"@type\":\"Person\",\"@id\":\"https:\\\/\\\/condor.fabbricaweb.com.br\\\/pt\\\/#\\\/schema\\\/person\\\/86cd767bdd3b9c879fa81c8ceecb2aab\",\"name\":\"Condor\",\"image\":{\"@type\":\"ImageObject\",\"inLanguage\":\"pt-BR\",\"@id\":\"https:\\\/\\\/condor.fabbricaweb.com.br\\\/pt\\\/wp-content\\\/litespeed\\\/avatar\\\/3f0be2e0a7483e4b792e094c853fb6ca.jpg\\\/?ver=1788209426\",\"url\":\"https:\\\/\\\/condor.fabbricaweb.com.br\\\/pt\\\/wp-content\\\/litespeed\\\/avatar\\\/3f0be2e0a7483e4b792e094c853fb6ca.jpg\\\/?ver=1788209426\",\"contentUrl\":\"https:\\\/\\\/condor.fabbricaweb.com.br\\\/pt\\\/wp-content\\\/litespeed\\\/avatar\\\/3f0be2e0a7483e4b792e094c853fb6ca.jpg\\\/?ver=1788209426\",\"caption\":\"Condor\"},\"url\":\"https:\\\/\\\/condor.fabbricaweb.com.br\\\/pt\\\/author\\\/condor\\\/\"}]}<\/script>\n<!-- \/ Yoast SEO plugin. -->","yoast_head_json":{"title":"Professionals - Sleep Medicine - Condor Instruments","robots":{"index":"noindex","follow":"follow","max-snippet":"max-snippet:-1","max-image-preview":"max-image-preview:large","max-video-preview":"max-video-preview:-1"},"og_locale":"pt_BR","og_type":"article","og_title":"Professionals - Sleep Medicine - Condor Instruments","og_description":"Who are the professionals in Sleep Medicine? Sleep science is made up of professionals from different fields, united by the aim of improving the quality of life of patients suffering from sleep disorders. To do this, they draw on the specific skills of their fields of study. In this article we look at the specialties, [&hellip;]","og_url":"https:\/\/condor.fabbricaweb.com.br\/pt\/profissionais-medicina-do-sono\/","og_site_name":"Condor Instruments","article_published_time":"2021-05-21T23:45:55+00:00","article_modified_time":"2026-08-24T15:12:05+00:00","og_image":[{"width":1024,"height":614,"url":"https:\/\/condor.fabbricaweb.com.br\/wp-content\/uploads\/2021\/05\/Profissionais-da-Medicina-do-Sono-blog-1024x614-1.jpg","type":"image\/jpeg"}],"author":"Condor","twitter_card":"summary_large_image","twitter_misc":{"Escrito por":"Condor","Est. tempo de leitura":"13 minutos"},"schema":{"@context":"https:\/\/schema.org","@graph":[{"@type":"Article","@id":"https:\/\/condor.fabbricaweb.com.br\/pt\/profissionais-medicina-do-sono\/#article","isPartOf":{"@id":"https:\/\/condor.fabbricaweb.com.br\/pt\/profissionais-medicina-do-sono\/"},"author":{"name":"Condor","@id":"https:\/\/condor.fabbricaweb.com.br\/pt\/#\/schema\/person\/86cd767bdd3b9c879fa81c8ceecb2aab"},"headline":"Professionals &#8211; Sleep Medicine","datePublished":"2021-05-21T23:45:55+00:00","dateModified":"2026-08-24T15:12:05+00:00","mainEntityOfPage":{"@id":"https:\/\/condor.fabbricaweb.com.br\/pt\/profissionais-medicina-do-sono\/"},"wordCount":1962,"commentCount":0,"publisher":{"@id":"https:\/\/condor.fabbricaweb.com.br\/pt\/#organization"},"image":{"@id":"https:\/\/condor.fabbricaweb.com.br\/pt\/profissionais-medicina-do-sono\/#primaryimage"},"thumbnailUrl":"https:\/\/condor.fabbricaweb.com.br\/wp-content\/uploads\/2021\/05\/Profissionais-da-Medicina-do-Sono-blog-1024x614-1.jpg","articleSection":["Actigraphy","Circadian Rhythm and Health","Sleep and Health"],"inLanguage":"pt-BR","potentialAction":[{"@type":"CommentAction","name":"Comment","target":["https:\/\/condor.fabbricaweb.com.br\/pt\/profissionais-medicina-do-sono\/#respond"]}]},{"@type":"WebPage","@id":"https:\/\/condor.fabbricaweb.com.br\/pt\/profissionais-medicina-do-sono\/","url":"https:\/\/condor.fabbricaweb.com.br\/pt\/profissionais-medicina-do-sono\/","name":"Professionals - Sleep Medicine - Condor Instruments","isPartOf":{"@id":"https:\/\/condor.fabbricaweb.com.br\/pt\/#website"},"primaryImageOfPage":{"@id":"https:\/\/condor.fabbricaweb.com.br\/pt\/profissionais-medicina-do-sono\/#primaryimage"},"image":{"@id":"https:\/\/condor.fabbricaweb.com.br\/pt\/profissionais-medicina-do-sono\/#primaryimage"},"thumbnailUrl":"https:\/\/condor.fabbricaweb.com.br\/wp-content\/uploads\/2021\/05\/Profissionais-da-Medicina-do-Sono-blog-1024x614-1.jpg","datePublished":"2021-05-21T23:45:55+00:00","dateModified":"2026-08-24T15:12:05+00:00","breadcrumb":{"@id":"https:\/\/condor.fabbricaweb.com.br\/pt\/profissionais-medicina-do-sono\/#breadcrumb"},"inLanguage":"pt-BR","potentialAction":[{"@type":"ReadAction","target":["https:\/\/condor.fabbricaweb.com.br\/pt\/profissionais-medicina-do-sono\/"]}]},{"@type":"ImageObject","inLanguage":"pt-BR","@id":"https:\/\/condor.fabbricaweb.com.br\/pt\/profissionais-medicina-do-sono\/#primaryimage","url":"https:\/\/condor.fabbricaweb.com.br\/wp-content\/uploads\/2021\/05\/Profissionais-da-Medicina-do-Sono-blog-1024x614-1.jpg","contentUrl":"https:\/\/condor.fabbricaweb.com.br\/wp-content\/uploads\/2021\/05\/Profissionais-da-Medicina-do-Sono-blog-1024x614-1.jpg","width":1024,"height":614},{"@type":"BreadcrumbList","@id":"https:\/\/condor.fabbricaweb.com.br\/pt\/profissionais-medicina-do-sono\/#breadcrumb","itemListElement":[{"@type":"ListItem","position":1,"name":"Home","item":"https:\/\/condor.fabbricaweb.com.br\/pt\/"},{"@type":"ListItem","position":2,"name":"Actigraphy","item":"https:\/\/condor.fabbricaweb.com.br\/pt\/category\/actigraphy\/"},{"@type":"ListItem","position":3,"name":"Professionals &#8211; Sleep Medicine"}]},{"@type":"WebSite","@id":"https:\/\/condor.fabbricaweb.com.br\/pt\/#website","url":"https:\/\/condor.fabbricaweb.com.br\/pt\/","name":"Condor Instruments","description":"","publisher":{"@id":"https:\/\/condor.fabbricaweb.com.br\/pt\/#organization"},"potentialAction":[{"@type":"SearchAction","target":{"@type":"EntryPoint","urlTemplate":"https:\/\/condor.fabbricaweb.com.br\/pt\/?s={search_term_string}"},"query-input":{"@type":"PropertyValueSpecification","valueRequired":true,"valueName":"search_term_string"}}],"inLanguage":"pt-BR"},{"@type":"Organization","@id":"https:\/\/condor.fabbricaweb.com.br\/pt\/#organization","name":"Condor Instruments","alternateName":"Condor","url":"https:\/\/condor.fabbricaweb.com.br\/pt\/","logo":{"@type":"ImageObject","inLanguage":"pt-BR","@id":"https:\/\/condor.fabbricaweb.com.br\/pt\/#\/schema\/logo\/image\/","url":"https:\/\/condor.fabbricaweb.com.br\/wp-content\/uploads\/2025\/04\/Condor-Logo-1.png","contentUrl":"https:\/\/condor.fabbricaweb.com.br\/wp-content\/uploads\/2025\/04\/Condor-Logo-1.png","width":780,"height":215,"caption":"Condor Instruments"},"image":{"@id":"https:\/\/condor.fabbricaweb.com.br\/pt\/#\/schema\/logo\/image\/"},"sameAs":["https:\/\/www.youtube.com\/channel\/UC9uxCFtNC_-bNvegdf6ltRQ","https:\/\/www.instagram.com\/instruments_condor\/","https:\/\/www.linkedin.com\/company\/condorinst"]},{"@type":"Person","@id":"https:\/\/condor.fabbricaweb.com.br\/pt\/#\/schema\/person\/86cd767bdd3b9c879fa81c8ceecb2aab","name":"Condor","image":{"@type":"ImageObject","inLanguage":"pt-BR","@id":"https:\/\/condor.fabbricaweb.com.br\/pt\/wp-content\/litespeed\/avatar\/3f0be2e0a7483e4b792e094c853fb6ca.jpg\/?ver=1788209426","url":"https:\/\/condor.fabbricaweb.com.br\/pt\/wp-content\/litespeed\/avatar\/3f0be2e0a7483e4b792e094c853fb6ca.jpg\/?ver=1788209426","contentUrl":"https:\/\/condor.fabbricaweb.com.br\/pt\/wp-content\/litespeed\/avatar\/3f0be2e0a7483e4b792e094c853fb6ca.jpg\/?ver=1788209426","caption":"Condor"},"url":"https:\/\/condor.fabbricaweb.com.br\/pt\/author\/condor\/"}]}},"_links":{"self":[{"href":"https:\/\/condor.fabbricaweb.com.br\/pt\/wp-json\/wp\/v2\/posts\/54593","targetHints":{"allow":["GET"]}}],"collection":[{"href":"https:\/\/condor.fabbricaweb.com.br\/pt\/wp-json\/wp\/v2\/posts"}],"about":[{"href":"https:\/\/condor.fabbricaweb.com.br\/pt\/wp-json\/wp\/v2\/types\/post"}],"author":[{"embeddable":true,"href":"https:\/\/condor.fabbricaweb.com.br\/pt\/wp-json\/wp\/v2\/users\/3"}],"replies":[{"embeddable":true,"href":"https:\/\/condor.fabbricaweb.com.br\/pt\/wp-json\/wp\/v2\/comments?post=54593"}],"version-history":[{"count":1,"href":"https:\/\/condor.fabbricaweb.com.br\/pt\/wp-json\/wp\/v2\/posts\/54593\/revisions"}],"predecessor-version":[{"id":58091,"href":"https:\/\/condor.fabbricaweb.com.br\/pt\/wp-json\/wp\/v2\/posts\/54593\/revisions\/58091"}],"wp:featuredmedia":[{"embeddable":true,"href":"https:\/\/condor.fabbricaweb.com.br\/pt\/wp-json\/wp\/v2\/media\/34142"}],"wp:attachment":[{"href":"https:\/\/condor.fabbricaweb.com.br\/pt\/wp-json\/wp\/v2\/media?parent=54593"}],"wp:term":[{"taxonomy":"category","embeddable":true,"href":"https:\/\/condor.fabbricaweb.com.br\/pt\/wp-json\/wp\/v2\/categories?post=54593"},{"taxonomy":"post_tag","embeddable":true,"href":"https:\/\/condor.fabbricaweb.com.br\/pt\/wp-json\/wp\/v2\/tags?post=54593"}],"curies":[{"name":"wp","href":"https:\/\/api.w.org\/{rel}","templated":true}]}}