{"id":54596,"date":"2021-06-18T17:47:22","date_gmt":"2021-06-18T20:47:22","guid":{"rendered":"https:\/\/condor.fabbricaweb.com.br\/blog\/?p=149"},"modified":"2026-08-24T12:12:10","modified_gmt":"2026-08-24T15:12:10","slug":"as-consequencias-dos-disturbios-de-ritmo-circadiano","status":"publish","type":"post","link":"https:\/\/condor.fabbricaweb.com.br\/pt\/as-consequencias-dos-disturbios-de-ritmo-circadiano\/","title":{"rendered":"As consequ\u00eancias dos dist\u00farbios de ritmo circadiano"},"content":{"rendered":"<p class=\"wp-block-paragraph\">A restri\u00e7\u00e3o ou a priva\u00e7\u00e3o do sono, a troca regular do dia pela noite, a ins\u00f4nia severa, hor\u00e1rios irregulares para as refei\u00e7\u00f5es e mudan\u00e7as no fuso hor\u00e1rio s\u00e3o eventos, entre outros, que mexem com o nosso chamado rel\u00f3gio biol\u00f3gico, promovendo consequ\u00eancias diretas no nosso comportamento ao longo de todo o dia.<\/p>\n\n\n\n<p class=\"wp-block-paragraph\">Esta desregula\u00e7\u00e3o pode provocar sintomas como cansa\u00e7o excessivo, perda da concentra\u00e7\u00e3o, dor de cabe\u00e7a, irritabilidade, estresse e ins\u00f4nia \u2013 apenas para citar alguns deles \u2013 e podem culminar at\u00e9 mesmo em doen\u00e7as muito s\u00e9rias, como as doen\u00e7as card\u00edacas e c\u00e2ncer. Tratam-se dos <strong>dist\u00farbios de ritmo circadiano<\/strong>, que podem ser severos e fazer muito mal \u00e0 nossa sa\u00fade.<\/p>\n\n\n\n<p class=\"wp-block-paragraph\">Neste artigo, vamos citar algumas das <strong>consequ\u00eancias dos dist\u00farbios de ritmo circadiano<\/strong>. Este \u00e9 um assunto s\u00e9rio e relevante, que merece toda a sua aten\u00e7\u00e3o, e a busca por ajuda m\u00e9dica, caso estes dist\u00farbios estejam lhe roubando qualidade de vida.<\/p>\n\n\n\n<h3 class=\"wp-block-heading\"><strong>O que \u00e9 ritmo circadiano?<\/strong><\/h3>\n\n\n\n<p class=\"wp-block-paragraph\">Tamb\u00e9m conhecido como <strong>ciclo circadiano<\/strong>, o <strong>ritmo circadiano<\/strong> nada mais \u00e9 do que o per\u00edodo de cerca de 24 horas no qual se baseia um ciclo biol\u00f3gico. Uma s\u00e9rie de eventos do nosso organismo se ligam a esse per\u00edodo, recebendo influ\u00eancias externas e suas respectivas consequ\u00eancias. Um bom exemplo disso &#8211; o mais cl\u00e1ssico deles &#8211; \u00e9 a nossa necessidade de dormir \u00e0 noite, quando escurece, e nos manter em vig\u00edlia durante o dia, quando clareia.<\/p>\n\n\n\n<p class=\"wp-block-paragraph\">Para entender bem e de forma muito f\u00e1cil o que \u00e9 <strong>ritmo circadiano<\/strong>, \u00e9 preciso destacar o conceito da palavra \u201critmo\u201d, que \u00e9, segundo o Dicion\u00e1rio Oxford, \u201cmovimento regular e peri\u00f3dico no curso de qualquer processo\u201d. Pois bem, como j\u00e1 explicamos em um conte\u00fado espec\u00edfico sobre <a href=\"https:\/\/condor.fabbricaweb.com.br\/pt\/o-que-e-ritmo-circadiano\/\">o que \u00e9 ritmo circadiano<\/a>, que merece sua leitura, os eventos naturais, como os ritmos nas mar\u00e9s, o nascer e o p\u00f4r do sol e as fases da lua t\u00eam uma ritmicidade est\u00e1vel ao longo do tempo, a milhares e milhares de anos, e naturalmente nos afetam.<\/p>\n\n\n\n<figure class=\"wp-block-image alignleft size-large is-resized\"><img fetchpriority=\"high\" decoding=\"async\" src=\"https:\/\/condor.fabbricaweb.com.br\/wp-content\/uploads\/2021\/08\/CONDOR-BLOG-02-1.png\" alt=\"\" class=\"wp-image-34121\" width=\"542\" height=\"449\"\/><\/figure>\n\n\n\n<p class=\"wp-block-paragraph\">Em suma, o <strong>ritmo circadiano<\/strong> \u00e9 o mecanismo pelo qual nosso organismo se regula, o chamado&nbsp; \u201crel\u00f3gio biol\u00f3gico\u201d. Por conta dele, sentimos fome, sede, sono e necessidade de nos manter em vig\u00edlia, entre outros eventos.<\/p>\n\n\n\n<h3 class=\"wp-block-heading\"><strong>A import\u00e2ncia do ritmo circadiano<\/strong><\/h3>\n\n\n\n<p class=\"wp-block-paragraph\">A luz do dia e sua aus\u00eancia durante a noite t\u00eam uma influ\u00eancia direta e decisiva sobre o nosso rel\u00f3gio biol\u00f3gico. Esse rel\u00f3gio biol\u00f3gico atua como um rel\u00f3gio interno, estabelecendo os \u201chor\u00e1rios\u201d de nossas atividades diurnas e noturnas, principalmente os estados de vig\u00edlia e de sono.<\/p>\n\n\n\n<p class=\"wp-block-paragraph\">Mas n\u00e3o \u00e9 s\u00f3. O <strong>ritmo circadiano<\/strong> tamb\u00e9m exerce influ\u00eancia direta sobre a nossa press\u00e3o arterial, sobre a nossa fome, sobre a temperatura do nosso corpo e, ainda, sobre horm\u00f4nios que produzimos e liberamos via corrente sangu\u00ednea. Ou seja, h\u00e1 uma influ\u00eancia direta sobre todo o nosso metabolismo e os nossos comportamentos ao longo de todo o dia.<\/p>\n\n\n\n<p class=\"wp-block-paragraph\">O <strong>ciclo circadiano<\/strong> tem, portanto, total interfer\u00eancia, por exemplo, na libera\u00e7\u00e3o de cortisol, que nos ajuda a levantar da cama, todos os dias, pela manh\u00e3, na produ\u00e7\u00e3o de insulina, que nos auxilia no uso da glicose obtida nos alimentos, assim como na produ\u00e7\u00e3o de melatonina, essencial para a hora do sono.<\/p>\n\n\n\n<p class=\"wp-block-paragraph\">Fica f\u00e1cil entender que dist\u00farbios que vivemos, sejam alimentares, provocados por estresse ou pela priva\u00e7\u00e3o de sono, s\u00e3o capazes de provocar desequil\u00edbrios hormonais que, prolongados, podem ser a porta de entrada de infec\u00e7\u00f5es, gripes ou mesmo patologias mais s\u00e9rias, como doen\u00e7as vasculares e c\u00e2ncer.<\/p>\n\n\n\n<h3 class=\"wp-block-heading\"><strong>Os 3 tipos de rel\u00f3gio biol\u00f3gico<\/strong><\/h3>\n\n\n\n<p class=\"wp-block-paragraph\">Sim, existem tr\u00eas tipos de rel\u00f3gios biol\u00f3gicos; afinal, as pessoas n\u00e3o s\u00e3o iguais. As pessoas organizam suas vidas com hora para ir dormir, acordar, trabalhar, se alimentar e promover atividades de lazer, e isso n\u00e3o \u00e9 igual para todo mundo.<\/p>\n\n\n\n<p class=\"wp-block-paragraph\">N\u00e3o \u00e9 verdade que tem gente que rende muito mais pela manh\u00e3, enquanto outros rendem mais de tardinha, ou \u00e0 noite? \u00c9 exatamente por conta dos tr\u00eas tipos de rel\u00f3gio biol\u00f3gico, que s\u00e3o:<\/p>\n\n\n\n<figure class=\"wp-block-image alignright size-large is-resized\"><img decoding=\"async\" src=\"https:\/\/condor.fabbricaweb.com.br\/wp-content\/uploads\/2021\/06\/blog-1024x1024-1.jpg\" alt=\"\" class=\"wp-image-34525\" width=\"534\" height=\"534\" srcset=\"https:\/\/condor.fabbricaweb.com.br\/wp-content\/uploads\/2021\/06\/blog-1024x1024-1.jpg 1024w, https:\/\/condor.fabbricaweb.com.br\/wp-content\/uploads\/2021\/06\/blog-1024x1024-1-300x300.jpg 300w, https:\/\/condor.fabbricaweb.com.br\/wp-content\/uploads\/2021\/06\/blog-1024x1024-1-768x768.jpg 768w\" sizes=\"(max-width: 534px) 100vw, 534px\" \/><\/figure>\n\n\n\n<p class=\"wp-block-paragraph\">\u2022 Matutino ou diurno: essas pessoas gostam e preferem acordar cedo, rendem muito bem logo pela manh\u00e3 e v\u00e3o dormir cedo. Em geral, t\u00eam mais dificuldades de se concentrar \u00e0 noite.<\/p>\n\n\n\n<p class=\"wp-block-paragraph\">\u2022 Vespertino ou noturno: ao contr\u00e1rio das pessoas matutinas, os vespertinos produzem muito mais \u00e0 noite, ou mesmo de madrugada, concentrando suas atividades nestes hor\u00e1rios. Em geral, t\u00eam um ciclo de sono\/vig\u00edlia mais irregular e sentem dificuldade de concentra\u00e7\u00e3o pela manh\u00e3.<\/p>\n\n\n\n<p class=\"wp-block-paragraph\">\u2022 Intermedi\u00e1rios: tamb\u00e9m conhecidos como indiferentes, estes se adaptam aos hor\u00e1rios com mais facilidade, sem prefer\u00eancia de um hor\u00e1rio espec\u00edfico. A maior parte da popula\u00e7\u00e3o mundial \u00e9 intermedi\u00e1ria.<\/p>\n\n\n\n<h3 class=\"wp-block-heading\"><strong>O que pode causar dist\u00farbios de ritmo circadiano<\/strong><\/h3>\n\n\n\n<p class=\"wp-block-paragraph\">Alguns fatores podem influenciar o <strong>ritmo circadiano<\/strong>, provocando dist\u00farbios. Os principais s\u00e3o:<\/p>\n\n\n\n<p class=\"wp-block-paragraph\">\u2022 Trabalho regular \u00e0 noite;<\/p>\n\n\n\n<p class=\"wp-block-paragraph\">\u2022 Gravidez;<\/p>\n\n\n\n<p class=\"wp-block-paragraph\">\u2022 Mudan\u00e7as no fuso hor\u00e1rio;<\/p>\n\n\n\n<p class=\"wp-block-paragraph\">\u2022 Uso de determinados rem\u00e9dios;<\/p>\n\n\n\n<p class=\"wp-block-paragraph\">\u2022 Mudan\u00e7as repentinas de rotina;<\/p>\n\n\n\n<p class=\"wp-block-paragraph\">\u2022 Priva\u00e7\u00e3o do sono;<\/p>\n\n\n\n<p class=\"wp-block-paragraph\">\u2022 Dormir muito tarde e acordar muito tarde;<\/p>\n\n\n\n<p class=\"wp-block-paragraph\">\u2022 Menopausa;<\/p>\n\n\n\n<p class=\"wp-block-paragraph\">\u2022 Doen\u00e7a de Parkinson;<\/p>\n\n\n\n<p class=\"wp-block-paragraph\">\u2022 Mal de Alzheimer.<\/p>\n\n\n\n<p class=\"wp-block-paragraph\">Al\u00e9m de afetar o <a href=\"https:\/\/condor.fabbricaweb.com.br\/pt\/blog\/disturbios-do-sono\/\">Sono<\/a>, esses dist\u00farbios podem prejudicar na produ\u00e7\u00e3o de horm\u00f4nios, alterar a temperatura corporal, interferir no metabolismo e nos h\u00e1bitos alimentares, o que pode desenvolver diabetes, obesidade e depress\u00e3o, entre outros.<\/p>\n\n\n\n<h3 class=\"wp-block-heading\"><strong>Categorias profissionais que t\u00eam maior risco de sofrer dist\u00farbios de ritmo circadiano<\/strong><\/h3>\n\n\n\n<p class=\"wp-block-paragraph\">Em geral, trabalhadores que fazem turnos alternados ou que trabalham em hor\u00e1rios diferentes do per\u00edodo padr\u00e3o (das 9h \u00e0s 17h) t\u00eam mais riscos de sofrer <strong>dist\u00farbios de ritmo circadiano<\/strong>. S\u00e3o eles:<\/p>\n\n\n\n<p class=\"wp-block-paragraph\">\u2022 Todos os profissionais da sa\u00fade (e que trabalham em plant\u00f5es, nos hospitais);<\/p>\n\n\n\n<p class=\"wp-block-paragraph\">\u2022 Motoristas e pilotos;<\/p>\n\n\n\n<p class=\"wp-block-paragraph\">\u2022 Pessoal que trabalha no ramo da alimenta\u00e7\u00e3o (padarias, por exemplo);<\/p>\n\n\n\n<p class=\"wp-block-paragraph\">\u2022 Policiais;<\/p>\n\n\n\n<p class=\"wp-block-paragraph\">\u2022 Bombeiros;<\/p>\n\n\n\n<p class=\"wp-block-paragraph\">\u2022 Vigilantes.<\/p>\n\n\n\n<h3 class=\"wp-block-heading\"><strong>Dist\u00farbio da s\u00edndrome do atraso da fase do sono<\/strong><\/h3>\n\n\n\n<p class=\"wp-block-paragraph\">Trata-se de um <strong>dist\u00farbio de ritmo circadiano <\/strong>muito comum. As pessoas acometidas por este dist\u00farbio apresentam dificuldade para adormecer, preferem dormir at\u00e9 mais tarde e t\u00eam problemas para levantar cedo. Embora durmam e acordam mais tarde, essas pessoas em geral t\u00eam uma qualidade de <a href=\"https:\/\/condor.fabbricaweb.com.br\/pt\/manifestacoes-do-sono-em-doencas-psiquiatricas-alem-da-insonia-e-da-depressao\/\">Sono<\/a> normal. Para ajustar seu rel\u00f3gio biol\u00f3gico, recomenda-se atrasar o sono por mais duas ou tr\u00eas horas, a cada dois dias, at\u00e9 conseguir estabelecer um hor\u00e1rio mais adequado de sono. Outra dica boa \u00e9 oferecer luz intensa no hor\u00e1rio adequado para acordar.<\/p>\n\n\n\n<h3 class=\"wp-block-heading\"><strong>A s\u00edndrome do avan\u00e7o da fase do sono<\/strong><\/h3>\n\n\n\n<p class=\"wp-block-paragraph\">\u00c9 o contr\u00e1rio da s\u00edndrome do atraso da fase do sono. Neste caso, a pessoa acometida adormece e acorda cedo demais, o que tamb\u00e9m pode causar problemas sociais. Muitas vezes a pessoa acometida por essa s\u00edndrome, tamb\u00e9m um <strong>dist\u00farbio de ritmo circadiano<\/strong> muito comum, sente sono j\u00e1 no in\u00edcio ou no finalzinho da tarde. A fototerapia (uso de luzes especiais como forma de tratamento) pode ser indicada para estes casos, bem como atrasar o hor\u00e1rio de deitar, de uma a tr\u00eas horas a cada dois dias, at\u00e9 ajustar o hor\u00e1rio ideal.<\/p>\n\n\n\n<h3 class=\"wp-block-heading\"><strong>Transtorno tipo padr\u00e3o irregular<\/strong><\/h3>\n\n\n\n<p class=\"wp-block-paragraph\">Acometidos por este transtorno apresentam um <strong>ritmo circadiano<\/strong> do ciclo sono\/vig\u00edlia indefinido, portanto irregular. Os sintomas mais comuns apresentados s\u00e3o sonol\u00eancia e <a href=\"https:\/\/condor.fabbricaweb.com.br\/pt\/insonia\/\">Ins\u00f4nia<\/a> intensa, e as principais causas s\u00e3o m\u00e1 higiene do sono, falta de exposi\u00e7\u00e3o ao sol, sedentarismo e at\u00e9 falta de atividades sociais. Para tratar, \u00e9 preciso estabelecer um hor\u00e1rio fixo para o sono, al\u00e9m da pr\u00e1tica de atividades f\u00edsicas regulares.<\/p>\n\n\n\n<h3 class=\"wp-block-heading\"><strong>Transtorno tipo ciclo sono-vig\u00edlia diferente de 24horas<\/strong><\/h3>\n\n\n\n<p class=\"wp-block-paragraph\">Esse transtorno leva a pessoa a apresentar um <strong>ciclo circadiano<\/strong> de cerca de 25 horas, portanto mais longo do que o comum. Isso pode provocar ins\u00f4nia e, ainda, <a href=\"https:\/\/condor.fabbricaweb.com.br\/pt\/sono-e-imunidade\/\">sonol\u00eancia<\/a> excessiva. Em geral, a causa desse <strong>dist\u00farbio de ritmo circadiano<\/strong> \u00e9 a falta de luz, assim as pessoas cegas t\u00eam mais chances de desenvolv\u00ea-lo. Pode-se utilizar no tratamento a ingest\u00e3o de melatonina ao entardecer.<\/p>\n\n\n\n<h3 class=\"wp-block-heading\"><strong>Transtorno do sono relacionado com a mudan\u00e7a de fusos hor\u00e1rios \u2013 Jet Leg<\/strong><\/h3>\n\n\n\n<p class=\"wp-block-paragraph\">Tamb\u00e9m conhecido como Jet Leg, esse transtorno \u00e9 transit\u00f3rio, e pode durar de dois a 14 dias, dependendo dos fusos hor\u00e1rios atravessados, da idade e da capacidade f\u00edsica da pessoa. Ele est\u00e1 naturalmente relacionado \u00e0s viagens de longa dist\u00e2ncia de avi\u00e3o. A pessoa acometida pode apresentar sonol\u00eancia excessiva e ins\u00f4nia, al\u00e9m de acordar v\u00e1rias vezes ao longo da noite, mas seu <strong>ciclo circadiano<\/strong> end\u00f3geno n\u00e3o est\u00e1 anormal. O problema \u00e9 que o dist\u00farbio acontece por conta de um conflito entre o ciclo sono-vig\u00edlia e a necessidade de se estabelecer um novo padr\u00e3o devido ao fuso hor\u00e1rio diferente.<\/p>\n\n\n\n<p class=\"wp-block-paragraph\">Acometidos por este transtorno tamb\u00e9m podem apresentar desconforto gastrointestinal, altera\u00e7\u00f5es na mem\u00f3ria e concentra\u00e7\u00e3o, dificuldade de coordena\u00e7\u00e3o, fraqueza, tonturas, dor de cabe\u00e7a, cansa\u00e7o, mal estar e diminui\u00e7\u00e3o do apetite. Para tratar \u00e9 preciso fazer uma higiene do sono antes, durante e ap\u00f3s a viagem, adaptando-se ao hor\u00e1rio de sono\/vig\u00edlia do local de destino. Alguns medicamentos podem ser receitados pelo m\u00e9dico.<\/p>\n\n\n\n<h3 class=\"wp-block-heading\"><strong>Transtorno do sono do trabalhador em turnos<\/strong><\/h3>\n\n\n\n<p class=\"wp-block-paragraph\">Acomete profissionais que trabalham por turnos, com mudan\u00e7a repentina de hor\u00e1rio. Nestes casos, o<strong> ritmo circadiano <\/strong>n\u00e3o consegue se adaptar adequadamente a estes hor\u00e1rios irregulares. Como exemplo, pode-se citar o trabalho de uma enfermeira, que faz plant\u00f5es de at\u00e9 24 horas a cada tr\u00eas dias.<\/p>\n\n\n\n<p class=\"wp-block-paragraph\">Os principais sintomas apresentados pelos acometidos por esse transtorno s\u00e3o ins\u00f4nia e sonol\u00eancia, diminui\u00e7\u00e3o da vitalidade e do desempenho, aumento da taxa de c\u00e2ncer de mama, colorretal e de pr\u00f3stata, al\u00e9m do aumento da press\u00e3o sangu\u00ednea, aumentos de dist\u00farbios gastrointestinais e problemas reprodutivos.<\/p>\n\n\n\n<p class=\"wp-block-paragraph\">O tratamento n\u00e3o \u00e9 nada f\u00e1cil por conta do hor\u00e1rio do trabalhador, que precisa cumpri-lo cotidianamente. Se os sintomas causarem muito desconforto e perda de qualidade de vida, o m\u00e9dico poder\u00e1 receitar rem\u00e9dios estimulantes ou sedativos e hipn\u00f3ticos.<\/p>\n\n\n\n<h3 class=\"wp-block-heading\"><strong>A influ\u00eancia do ritmo circadiano sobre o nosso peso corporal<\/strong><\/h3>\n\n\n\n<p class=\"wp-block-paragraph\">J\u00e1 ficou claro que o <strong>ritmo circadiano <\/strong>influencia, por exemplo, nossa necessidade de nos alimentar nos hor\u00e1rios das refei\u00e7\u00f5es, notadamente na hora do caf\u00e9 da manh\u00e3, do almo\u00e7o e do jantar. O que estudos mais recentes descobriram, \u00e9 que a desorganiza\u00e7\u00e3o do <strong>ciclo circadiano<\/strong> pode ter consequ\u00eancias sobre o nosso peso corporal.<\/p>\n\n\n\n<p class=\"wp-block-paragraph\">Quando est\u00e1 de noite, nosso corpo intensifica a libera\u00e7\u00e3o do horm\u00f4nio melatonina, por meio da gl\u00e2ndula pineal. Se estivermos em equil\u00edbrio e com esse funcionamento normalizado, a melatonina atuar\u00e1 diretamente sobre o nosso sono, no processo de renova\u00e7\u00e3o celular, em processos inflamat\u00f3rios, na modula\u00e7\u00e3o dos efeitos do estresse, na fertilidade feminina, amenizando sintomas da menopausa e at\u00e9 mesmo sobre a queima de gordura corporal.<\/p>\n\n\n\n<p class=\"wp-block-paragraph\">Desequil\u00edbrios no nosso <strong>ritmo circadiano<\/strong>, por meio, por exemplo, de restri\u00e7\u00e3o ou priva\u00e7\u00e3o de sono, podem provocar altera\u00e7\u00f5es fisiol\u00f3gicas em nosso corpo, inclusive o aumento da gordura.&nbsp; De acordo com a tese de doutorado do Dr. Bruno Halpern, na Universidade de S\u00e3o Paulo (USP), intitulada \u201cO papel da melatonina na regula\u00e7\u00e3o do tecido adiposo marrom\u201d (2018), o horm\u00f4nio melatonina tem um papel fundamental na ativa\u00e7\u00e3o do tecido adiposo marrom&nbsp; (c\u00e9lula queimadora de gordura), na queima do tecido adiposo branco (c\u00e9lula armazenadora de gordura).<\/p>\n\n\n\n<p class=\"wp-block-paragraph\">Portanto, dist\u00farbios no ciclo circadiano podem te consequ\u00eancia direta no nosso peso corporal.<\/p>\n\n\n\n<h3 class=\"wp-block-heading\"><strong>A actigrafia e o tratamento dos dist\u00farbios do sono<\/strong><\/h3>\n\n\n\n<p class=\"wp-block-paragraph\">Os dist\u00farbios do sono s\u00e3o muito comuns entre <strong>As consequ\u00eancias dos dist\u00farbios de ritmo circadiano<\/strong>. Uma forma de acompanhar os ciclos de atividade e de repouso, com capta\u00e7\u00e3o, compila\u00e7\u00e3o e processamento de informa\u00e7\u00f5es para estudo do ritmo do sono e da vig\u00edlia, \u00e9 o uso da actimetria, tamb\u00e9m conhecida como <a href=\"https:\/\/condor.fabbricaweb.com.br\/pt\/o-que-e-actigrafia\/\">Actigrafia<\/a>.<\/p>\n\n\n\n<figure class=\"wp-block-image alignleft size-large is-resized\"><img decoding=\"async\" src=\"https:\/\/condor.fabbricaweb.com.br\/wp-content\/uploads\/2021\/08\/Condor-maioACTIGRAFO-768x768-1.png\" alt=\"\" class=\"wp-image-34123\" width=\"466\" height=\"466\" srcset=\"https:\/\/condor.fabbricaweb.com.br\/wp-content\/uploads\/2021\/08\/Condor-maioACTIGRAFO-768x768-1.png 768w, https:\/\/condor.fabbricaweb.com.br\/wp-content\/uploads\/2021\/08\/Condor-maioACTIGRAFO-768x768-1-300x300.png 300w\" sizes=\"(max-width: 466px) 100vw, 466px\" \/><\/figure>\n\n\n\n<p class=\"wp-block-paragraph\">A actigrafia \u00e9 realizada por meio do act\u00edgrafo, que na maior parte dos modelos se assemelha a um rel\u00f3gio de pulso, preso ao bra\u00e7o n\u00e3o dominante do paciente. O act\u00edgrafo colhe e compila toda a movimenta\u00e7\u00e3o da pessoa por meio de aceler\u00f4metros, e os aparelhos mais modernos oferecem, ainda, sensores de temperatura e luminosidade, entre outros, possibilitando uma an\u00e1lise ainda mais profunda.<\/p>\n\n\n\n<p class=\"wp-block-paragraph\">Vale pontuar que a actigrafia detecta <strong>dist\u00farbios do sono e de ritmo circadiano<\/strong>, avaliando a qualidade do sono, o tempo que a pessoa permanece na cama e epis\u00f3dios de sono durante o dia. O act\u00edgrafo \u00e9 muito utilizado para estudos na \u00e1rea da medicina do sono, na psiquiatria, medicina do trabalho, psicologia comportamental e outras \u00e1reas onde a ritmicidade circadiana tenha papel fundamental para estudo de dist\u00farbios.<\/p>\n\n\n\n<h3 class=\"wp-block-heading\"><strong>Conclus\u00e3o<\/strong><\/h3>\n\n\n\n<p class=\"wp-block-paragraph\"><strong>As consequ\u00eancias dos dist\u00farbios de ritmo circadiano<\/strong> podem ser severas e absolutamente prejudiciais \u00e0 nossa sa\u00fade. Podem, inclusive, evoluir para uma depress\u00e3o, uma diabetes, uma doen\u00e7a card\u00edaca ou mesmo um c\u00e2ncer. Portanto, precisam ser tratadas ao menor sinal de comprometimento da nossa qualidade de vida.<\/p>\n\n\n\n<p class=\"wp-block-paragraph\">Os tratamentos v\u00e3o variar de caso a caso, mas, em geral, \u00e9 preciso promover mudan\u00e7as no nosso estilo de vida, como a pr\u00e1tica regular de exerc\u00edcio f\u00edsico e regular o sono. Alguns rem\u00e9dios tamb\u00e9m poder\u00e3o ser receitados pelo seu m\u00e9dico. O act\u00edgrafo pode ser muito recomendado para pesquisar mais profundamente tanto os dist\u00farbios do sono como os <strong>dist\u00farbios de ritmo circadiano<\/strong>.<\/p>\n\n\n\n<p class=\"wp-block-paragraph\">Para preveni-los \u00e9 preciso evitar subst\u00e2ncias que afetam o sono, como cafe\u00edna, \u00e1lcool e nicotina (ao menos n\u00e3o ingeri-los ap\u00f3s as 16hs), deve-se consumir bebidas frias (principalmente \u00e1gua e ch\u00e1s gelados), manter um hor\u00e1rio regular de sono, tomar banho de sol e evitar luzes artificiais ao entardecer e durante a noite (principalmente a chamada luz azul, de computadores e celulares, e a luz de l\u00e2mpadas de LED brancas).<\/p>\n\n\n\n<p class=\"wp-block-paragraph\">As pesquisas sobre o ritmo circadiano est\u00e3o evoluindo cada vez mais. O estudo \u201c<a href=\"https:\/\/phys.org\/news\/2021-01-world-circadian-clock.html\">A world first in circadian clock manipulation<\/a>\u201d, do Instituto de Biomol\u00e9culas Transformativas da Universidade de Nagoya, por exemplo, descobriu dois compostos que prolongam o per\u00edodo do ciclo circadiano e produziu um m\u00e9todo revers\u00edvel para controlar o per\u00edodo do ritmo. Essas pesquisas ajudar\u00e3o, certamente, no tratamento dos <strong>dist\u00farbios de ritmo circadiano<\/strong> e do sono tamb\u00e9m.<\/p>\n\n\n\n<figure class=\"wp-block-image size-large\"><a href=\"https:\/\/condor.fabbricaweb.com.br\/pt\/contato\/\" target=\"_blank\" rel=\"noreferrer noopener\"><img loading=\"lazy\" decoding=\"async\" width=\"1024\" height=\"427\" src=\"https:\/\/condor.fabbricaweb.com.br\/wp-content\/uploads\/2021\/08\/CONDOR-FOOTER-1-1024x427-1.png\" alt=\"\" class=\"wp-image-34124\" srcset=\"https:\/\/condor.fabbricaweb.com.br\/wp-content\/uploads\/2021\/08\/CONDOR-FOOTER-1-1024x427-1.png 1024w, https:\/\/condor.fabbricaweb.com.br\/wp-content\/uploads\/2021\/08\/CONDOR-FOOTER-1-1024x427-1-300x125.png 300w, https:\/\/condor.fabbricaweb.com.br\/wp-content\/uploads\/2021\/08\/CONDOR-FOOTER-1-1024x427-1-768x320.png 768w\" sizes=\"(max-width: 1024px) 100vw, 1024px\" \/><\/a><figcaption class=\"wp-element-caption\"><a href=\"https:\/\/condor.fabbricaweb.com.br\/pt\/\">https:\/\/condor.fabbricaweb.com.br\/<\/a><\/figcaption><\/figure>\n\n\n\n<div class=\"wp-block-buttons is-content-justification-center is-layout-flex wp-container-core-buttons-is-layout-3e41869c wp-block-buttons-is-layout-flex\">\n<div class=\"wp-block-button\"><a class=\"wp-block-button__link wp-element-button\" href=\"https:\/\/condor.fabbricaweb.com.br\/pt\/contato\/\" target=\"_blank\" rel=\"noreferrer noopener\">Fale Conosco<\/a><\/div>\n<\/div>","protected":false},"excerpt":{"rendered":"<p>Sleep restriction or deprivation, the regular change from day to night, severe insomnia, irregular meal times and time zone changes are among the events that mess with our so-called biological clock, with direct consequences for our behavior throughout the day. This dysregulation can cause symptoms such as excessive tiredness, loss of concentration, headaches, irritability, stress [&hellip;]<\/p>\n","protected":false},"author":3,"featured_media":34135,"comment_status":"open","ping_status":"open","sticky":false,"template":"","format":"standard","meta":{"footnotes":"","_links_to":"","_links_to_target":""},"categories":[10],"tags":[],"class_list":["post-54596","post","type-post","status-publish","format-standard","has-post-thumbnail","hentry","category-circadian-rhythm-and-health"],"yoast_head":"<!-- This site is optimized with the Yoast SEO plugin v28.3 - https:\/\/yoast.com\/product\/yoast-seo-wordpress\/ -->\n<title>The consequences of circadian rhythm disorders - Condor Instruments<\/title>\n<meta name=\"robots\" content=\"noindex, follow, max-snippet:-1, max-image-preview:large, max-video-preview:-1\" \/>\n<meta property=\"og:locale\" content=\"pt_BR\" \/>\n<meta property=\"og:type\" content=\"article\" \/>\n<meta property=\"og:title\" content=\"The consequences of circadian rhythm disorders - Condor Instruments\" \/>\n<meta property=\"og:description\" content=\"Sleep restriction or deprivation, the regular change from day to night, severe insomnia, irregular meal times and time zone changes are among the events that mess with our so-called biological clock, with direct consequences for our behavior throughout the day. This dysregulation can cause symptoms such as excessive tiredness, loss of concentration, headaches, irritability, stress [&hellip;]\" \/>\n<meta property=\"og:url\" content=\"https:\/\/condor.fabbricaweb.com.br\/pt\/as-consequencias-dos-disturbios-de-ritmo-circadiano\/\" \/>\n<meta property=\"og:site_name\" content=\"Condor Instruments\" \/>\n<meta property=\"article:published_time\" content=\"2021-06-18T20:47:22+00:00\" \/>\n<meta property=\"article:modified_time\" content=\"2026-08-24T15:12:10+00:00\" \/>\n<meta property=\"og:image\" content=\"https:\/\/condor.fabbricaweb.com.br\/wp-content\/uploads\/2021\/06\/junho_blog01-1024x614-1.png\" \/>\n\t<meta property=\"og:image:width\" content=\"1024\" \/>\n\t<meta property=\"og:image:height\" content=\"614\" \/>\n\t<meta property=\"og:image:type\" content=\"image\/png\" \/>\n<meta name=\"author\" content=\"Condor\" \/>\n<meta name=\"twitter:card\" content=\"summary_large_image\" \/>\n<meta name=\"twitter:label1\" content=\"Escrito por\" \/>\n\t<meta name=\"twitter:data1\" content=\"Condor\" \/>\n\t<meta name=\"twitter:label2\" content=\"Est. tempo de leitura\" \/>\n\t<meta name=\"twitter:data2\" content=\"13 minutos\" \/>\n<script type=\"application\/ld+json\" class=\"yoast-schema-graph\">{\"@context\":\"https:\\\/\\\/schema.org\",\"@graph\":[{\"@type\":\"Article\",\"@id\":\"https:\\\/\\\/condor.fabbricaweb.com.br\\\/pt\\\/as-consequencias-dos-disturbios-de-ritmo-circadiano\\\/#article\",\"isPartOf\":{\"@id\":\"https:\\\/\\\/condor.fabbricaweb.com.br\\\/pt\\\/as-consequencias-dos-disturbios-de-ritmo-circadiano\\\/\"},\"author\":{\"name\":\"Condor\",\"@id\":\"https:\\\/\\\/condor.fabbricaweb.com.br\\\/pt\\\/#\\\/schema\\\/person\\\/86cd767bdd3b9c879fa81c8ceecb2aab\"},\"headline\":\"The consequences of circadian rhythm disorders\",\"datePublished\":\"2021-06-18T20:47:22+00:00\",\"dateModified\":\"2026-08-24T15:12:10+00:00\",\"mainEntityOfPage\":{\"@id\":\"https:\\\/\\\/condor.fabbricaweb.com.br\\\/pt\\\/as-consequencias-dos-disturbios-de-ritmo-circadiano\\\/\"},\"wordCount\":2082,\"commentCount\":0,\"publisher\":{\"@id\":\"https:\\\/\\\/condor.fabbricaweb.com.br\\\/pt\\\/#organization\"},\"image\":{\"@id\":\"https:\\\/\\\/condor.fabbricaweb.com.br\\\/pt\\\/as-consequencias-dos-disturbios-de-ritmo-circadiano\\\/#primaryimage\"},\"thumbnailUrl\":\"https:\\\/\\\/condor.fabbricaweb.com.br\\\/wp-content\\\/uploads\\\/2021\\\/06\\\/junho_blog01-1024x614-1.png\",\"articleSection\":[\"Circadian Rhythm and Health\"],\"inLanguage\":\"pt-BR\",\"potentialAction\":[{\"@type\":\"CommentAction\",\"name\":\"Comment\",\"target\":[\"https:\\\/\\\/condor.fabbricaweb.com.br\\\/pt\\\/as-consequencias-dos-disturbios-de-ritmo-circadiano\\\/#respond\"]}]},{\"@type\":\"WebPage\",\"@id\":\"https:\\\/\\\/condor.fabbricaweb.com.br\\\/pt\\\/as-consequencias-dos-disturbios-de-ritmo-circadiano\\\/\",\"url\":\"https:\\\/\\\/condor.fabbricaweb.com.br\\\/pt\\\/as-consequencias-dos-disturbios-de-ritmo-circadiano\\\/\",\"name\":\"The consequences of circadian rhythm disorders - Condor Instruments\",\"isPartOf\":{\"@id\":\"https:\\\/\\\/condor.fabbricaweb.com.br\\\/pt\\\/#website\"},\"primaryImageOfPage\":{\"@id\":\"https:\\\/\\\/condor.fabbricaweb.com.br\\\/pt\\\/as-consequencias-dos-disturbios-de-ritmo-circadiano\\\/#primaryimage\"},\"image\":{\"@id\":\"https:\\\/\\\/condor.fabbricaweb.com.br\\\/pt\\\/as-consequencias-dos-disturbios-de-ritmo-circadiano\\\/#primaryimage\"},\"thumbnailUrl\":\"https:\\\/\\\/condor.fabbricaweb.com.br\\\/wp-content\\\/uploads\\\/2021\\\/06\\\/junho_blog01-1024x614-1.png\",\"datePublished\":\"2021-06-18T20:47:22+00:00\",\"dateModified\":\"2026-08-24T15:12:10+00:00\",\"breadcrumb\":{\"@id\":\"https:\\\/\\\/condor.fabbricaweb.com.br\\\/pt\\\/as-consequencias-dos-disturbios-de-ritmo-circadiano\\\/#breadcrumb\"},\"inLanguage\":\"pt-BR\",\"potentialAction\":[{\"@type\":\"ReadAction\",\"target\":[\"https:\\\/\\\/condor.fabbricaweb.com.br\\\/pt\\\/as-consequencias-dos-disturbios-de-ritmo-circadiano\\\/\"]}]},{\"@type\":\"ImageObject\",\"inLanguage\":\"pt-BR\",\"@id\":\"https:\\\/\\\/condor.fabbricaweb.com.br\\\/pt\\\/as-consequencias-dos-disturbios-de-ritmo-circadiano\\\/#primaryimage\",\"url\":\"https:\\\/\\\/condor.fabbricaweb.com.br\\\/wp-content\\\/uploads\\\/2021\\\/06\\\/junho_blog01-1024x614-1.png\",\"contentUrl\":\"https:\\\/\\\/condor.fabbricaweb.com.br\\\/wp-content\\\/uploads\\\/2021\\\/06\\\/junho_blog01-1024x614-1.png\",\"width\":1024,\"height\":614},{\"@type\":\"BreadcrumbList\",\"@id\":\"https:\\\/\\\/condor.fabbricaweb.com.br\\\/pt\\\/as-consequencias-dos-disturbios-de-ritmo-circadiano\\\/#breadcrumb\",\"itemListElement\":[{\"@type\":\"ListItem\",\"position\":1,\"name\":\"Home\",\"item\":\"https:\\\/\\\/condor.fabbricaweb.com.br\\\/pt\\\/\"},{\"@type\":\"ListItem\",\"position\":2,\"name\":\"Circadian Rhythm and Health\",\"item\":\"https:\\\/\\\/condor.fabbricaweb.com.br\\\/pt\\\/category\\\/circadian-rhythm-and-health\\\/\"},{\"@type\":\"ListItem\",\"position\":3,\"name\":\"The consequences of circadian rhythm disorders\"}]},{\"@type\":\"WebSite\",\"@id\":\"https:\\\/\\\/condor.fabbricaweb.com.br\\\/pt\\\/#website\",\"url\":\"https:\\\/\\\/condor.fabbricaweb.com.br\\\/pt\\\/\",\"name\":\"Condor Instruments\",\"description\":\"\",\"publisher\":{\"@id\":\"https:\\\/\\\/condor.fabbricaweb.com.br\\\/pt\\\/#organization\"},\"potentialAction\":[{\"@type\":\"SearchAction\",\"target\":{\"@type\":\"EntryPoint\",\"urlTemplate\":\"https:\\\/\\\/condor.fabbricaweb.com.br\\\/pt\\\/?s={search_term_string}\"},\"query-input\":{\"@type\":\"PropertyValueSpecification\",\"valueRequired\":true,\"valueName\":\"search_term_string\"}}],\"inLanguage\":\"pt-BR\"},{\"@type\":\"Organization\",\"@id\":\"https:\\\/\\\/condor.fabbricaweb.com.br\\\/pt\\\/#organization\",\"name\":\"Condor Instruments\",\"alternateName\":\"Condor\",\"url\":\"https:\\\/\\\/condor.fabbricaweb.com.br\\\/pt\\\/\",\"logo\":{\"@type\":\"ImageObject\",\"inLanguage\":\"pt-BR\",\"@id\":\"https:\\\/\\\/condor.fabbricaweb.com.br\\\/pt\\\/#\\\/schema\\\/logo\\\/image\\\/\",\"url\":\"https:\\\/\\\/condor.fabbricaweb.com.br\\\/wp-content\\\/uploads\\\/2025\\\/04\\\/Condor-Logo-1.png\",\"contentUrl\":\"https:\\\/\\\/condor.fabbricaweb.com.br\\\/wp-content\\\/uploads\\\/2025\\\/04\\\/Condor-Logo-1.png\",\"width\":780,\"height\":215,\"caption\":\"Condor Instruments\"},\"image\":{\"@id\":\"https:\\\/\\\/condor.fabbricaweb.com.br\\\/pt\\\/#\\\/schema\\\/logo\\\/image\\\/\"},\"sameAs\":[\"https:\\\/\\\/www.youtube.com\\\/channel\\\/UC9uxCFtNC_-bNvegdf6ltRQ\",\"https:\\\/\\\/www.instagram.com\\\/instruments_condor\\\/\",\"https:\\\/\\\/www.linkedin.com\\\/company\\\/condorinst\"]},{\"@type\":\"Person\",\"@id\":\"https:\\\/\\\/condor.fabbricaweb.com.br\\\/pt\\\/#\\\/schema\\\/person\\\/86cd767bdd3b9c879fa81c8ceecb2aab\",\"name\":\"Condor\",\"image\":{\"@type\":\"ImageObject\",\"inLanguage\":\"pt-BR\",\"@id\":\"https:\\\/\\\/condor.fabbricaweb.com.br\\\/pt\\\/wp-content\\\/litespeed\\\/avatar\\\/3f0be2e0a7483e4b792e094c853fb6ca.jpg\\\/?ver=1788209426\",\"url\":\"https:\\\/\\\/condor.fabbricaweb.com.br\\\/pt\\\/wp-content\\\/litespeed\\\/avatar\\\/3f0be2e0a7483e4b792e094c853fb6ca.jpg\\\/?ver=1788209426\",\"contentUrl\":\"https:\\\/\\\/condor.fabbricaweb.com.br\\\/pt\\\/wp-content\\\/litespeed\\\/avatar\\\/3f0be2e0a7483e4b792e094c853fb6ca.jpg\\\/?ver=1788209426\",\"caption\":\"Condor\"},\"url\":\"https:\\\/\\\/condor.fabbricaweb.com.br\\\/pt\\\/author\\\/condor\\\/\"}]}<\/script>\n<!-- \/ Yoast SEO plugin. -->","yoast_head_json":{"title":"The consequences of circadian rhythm disorders - Condor Instruments","robots":{"index":"noindex","follow":"follow","max-snippet":"max-snippet:-1","max-image-preview":"max-image-preview:large","max-video-preview":"max-video-preview:-1"},"og_locale":"pt_BR","og_type":"article","og_title":"The consequences of circadian rhythm disorders - Condor Instruments","og_description":"Sleep restriction or deprivation, the regular change from day to night, severe insomnia, irregular meal times and time zone changes are among the events that mess with our so-called biological clock, with direct consequences for our behavior throughout the day. This dysregulation can cause symptoms such as excessive tiredness, loss of concentration, headaches, irritability, stress [&hellip;]","og_url":"https:\/\/condor.fabbricaweb.com.br\/pt\/as-consequencias-dos-disturbios-de-ritmo-circadiano\/","og_site_name":"Condor Instruments","article_published_time":"2021-06-18T20:47:22+00:00","article_modified_time":"2026-08-24T15:12:10+00:00","og_image":[{"width":1024,"height":614,"url":"https:\/\/condor.fabbricaweb.com.br\/wp-content\/uploads\/2021\/06\/junho_blog01-1024x614-1.png","type":"image\/png"}],"author":"Condor","twitter_card":"summary_large_image","twitter_misc":{"Escrito por":"Condor","Est. tempo de leitura":"13 minutos"},"schema":{"@context":"https:\/\/schema.org","@graph":[{"@type":"Article","@id":"https:\/\/condor.fabbricaweb.com.br\/pt\/as-consequencias-dos-disturbios-de-ritmo-circadiano\/#article","isPartOf":{"@id":"https:\/\/condor.fabbricaweb.com.br\/pt\/as-consequencias-dos-disturbios-de-ritmo-circadiano\/"},"author":{"name":"Condor","@id":"https:\/\/condor.fabbricaweb.com.br\/pt\/#\/schema\/person\/86cd767bdd3b9c879fa81c8ceecb2aab"},"headline":"The consequences of circadian rhythm disorders","datePublished":"2021-06-18T20:47:22+00:00","dateModified":"2026-08-24T15:12:10+00:00","mainEntityOfPage":{"@id":"https:\/\/condor.fabbricaweb.com.br\/pt\/as-consequencias-dos-disturbios-de-ritmo-circadiano\/"},"wordCount":2082,"commentCount":0,"publisher":{"@id":"https:\/\/condor.fabbricaweb.com.br\/pt\/#organization"},"image":{"@id":"https:\/\/condor.fabbricaweb.com.br\/pt\/as-consequencias-dos-disturbios-de-ritmo-circadiano\/#primaryimage"},"thumbnailUrl":"https:\/\/condor.fabbricaweb.com.br\/wp-content\/uploads\/2021\/06\/junho_blog01-1024x614-1.png","articleSection":["Circadian Rhythm and Health"],"inLanguage":"pt-BR","potentialAction":[{"@type":"CommentAction","name":"Comment","target":["https:\/\/condor.fabbricaweb.com.br\/pt\/as-consequencias-dos-disturbios-de-ritmo-circadiano\/#respond"]}]},{"@type":"WebPage","@id":"https:\/\/condor.fabbricaweb.com.br\/pt\/as-consequencias-dos-disturbios-de-ritmo-circadiano\/","url":"https:\/\/condor.fabbricaweb.com.br\/pt\/as-consequencias-dos-disturbios-de-ritmo-circadiano\/","name":"The consequences of circadian rhythm disorders - Condor Instruments","isPartOf":{"@id":"https:\/\/condor.fabbricaweb.com.br\/pt\/#website"},"primaryImageOfPage":{"@id":"https:\/\/condor.fabbricaweb.com.br\/pt\/as-consequencias-dos-disturbios-de-ritmo-circadiano\/#primaryimage"},"image":{"@id":"https:\/\/condor.fabbricaweb.com.br\/pt\/as-consequencias-dos-disturbios-de-ritmo-circadiano\/#primaryimage"},"thumbnailUrl":"https:\/\/condor.fabbricaweb.com.br\/wp-content\/uploads\/2021\/06\/junho_blog01-1024x614-1.png","datePublished":"2021-06-18T20:47:22+00:00","dateModified":"2026-08-24T15:12:10+00:00","breadcrumb":{"@id":"https:\/\/condor.fabbricaweb.com.br\/pt\/as-consequencias-dos-disturbios-de-ritmo-circadiano\/#breadcrumb"},"inLanguage":"pt-BR","potentialAction":[{"@type":"ReadAction","target":["https:\/\/condor.fabbricaweb.com.br\/pt\/as-consequencias-dos-disturbios-de-ritmo-circadiano\/"]}]},{"@type":"ImageObject","inLanguage":"pt-BR","@id":"https:\/\/condor.fabbricaweb.com.br\/pt\/as-consequencias-dos-disturbios-de-ritmo-circadiano\/#primaryimage","url":"https:\/\/condor.fabbricaweb.com.br\/wp-content\/uploads\/2021\/06\/junho_blog01-1024x614-1.png","contentUrl":"https:\/\/condor.fabbricaweb.com.br\/wp-content\/uploads\/2021\/06\/junho_blog01-1024x614-1.png","width":1024,"height":614},{"@type":"BreadcrumbList","@id":"https:\/\/condor.fabbricaweb.com.br\/pt\/as-consequencias-dos-disturbios-de-ritmo-circadiano\/#breadcrumb","itemListElement":[{"@type":"ListItem","position":1,"name":"Home","item":"https:\/\/condor.fabbricaweb.com.br\/pt\/"},{"@type":"ListItem","position":2,"name":"Circadian Rhythm and Health","item":"https:\/\/condor.fabbricaweb.com.br\/pt\/category\/circadian-rhythm-and-health\/"},{"@type":"ListItem","position":3,"name":"The consequences of circadian rhythm disorders"}]},{"@type":"WebSite","@id":"https:\/\/condor.fabbricaweb.com.br\/pt\/#website","url":"https:\/\/condor.fabbricaweb.com.br\/pt\/","name":"Condor Instruments","description":"","publisher":{"@id":"https:\/\/condor.fabbricaweb.com.br\/pt\/#organization"},"potentialAction":[{"@type":"SearchAction","target":{"@type":"EntryPoint","urlTemplate":"https:\/\/condor.fabbricaweb.com.br\/pt\/?s={search_term_string}"},"query-input":{"@type":"PropertyValueSpecification","valueRequired":true,"valueName":"search_term_string"}}],"inLanguage":"pt-BR"},{"@type":"Organization","@id":"https:\/\/condor.fabbricaweb.com.br\/pt\/#organization","name":"Condor Instruments","alternateName":"Condor","url":"https:\/\/condor.fabbricaweb.com.br\/pt\/","logo":{"@type":"ImageObject","inLanguage":"pt-BR","@id":"https:\/\/condor.fabbricaweb.com.br\/pt\/#\/schema\/logo\/image\/","url":"https:\/\/condor.fabbricaweb.com.br\/wp-content\/uploads\/2025\/04\/Condor-Logo-1.png","contentUrl":"https:\/\/condor.fabbricaweb.com.br\/wp-content\/uploads\/2025\/04\/Condor-Logo-1.png","width":780,"height":215,"caption":"Condor Instruments"},"image":{"@id":"https:\/\/condor.fabbricaweb.com.br\/pt\/#\/schema\/logo\/image\/"},"sameAs":["https:\/\/www.youtube.com\/channel\/UC9uxCFtNC_-bNvegdf6ltRQ","https:\/\/www.instagram.com\/instruments_condor\/","https:\/\/www.linkedin.com\/company\/condorinst"]},{"@type":"Person","@id":"https:\/\/condor.fabbricaweb.com.br\/pt\/#\/schema\/person\/86cd767bdd3b9c879fa81c8ceecb2aab","name":"Condor","image":{"@type":"ImageObject","inLanguage":"pt-BR","@id":"https:\/\/condor.fabbricaweb.com.br\/pt\/wp-content\/litespeed\/avatar\/3f0be2e0a7483e4b792e094c853fb6ca.jpg\/?ver=1788209426","url":"https:\/\/condor.fabbricaweb.com.br\/pt\/wp-content\/litespeed\/avatar\/3f0be2e0a7483e4b792e094c853fb6ca.jpg\/?ver=1788209426","contentUrl":"https:\/\/condor.fabbricaweb.com.br\/pt\/wp-content\/litespeed\/avatar\/3f0be2e0a7483e4b792e094c853fb6ca.jpg\/?ver=1788209426","caption":"Condor"},"url":"https:\/\/condor.fabbricaweb.com.br\/pt\/author\/condor\/"}]}},"_links":{"self":[{"href":"https:\/\/condor.fabbricaweb.com.br\/pt\/wp-json\/wp\/v2\/posts\/54596","targetHints":{"allow":["GET"]}}],"collection":[{"href":"https:\/\/condor.fabbricaweb.com.br\/pt\/wp-json\/wp\/v2\/posts"}],"about":[{"href":"https:\/\/condor.fabbricaweb.com.br\/pt\/wp-json\/wp\/v2\/types\/post"}],"author":[{"embeddable":true,"href":"https:\/\/condor.fabbricaweb.com.br\/pt\/wp-json\/wp\/v2\/users\/3"}],"replies":[{"embeddable":true,"href":"https:\/\/condor.fabbricaweb.com.br\/pt\/wp-json\/wp\/v2\/comments?post=54596"}],"version-history":[{"count":1,"href":"https:\/\/condor.fabbricaweb.com.br\/pt\/wp-json\/wp\/v2\/posts\/54596\/revisions"}],"predecessor-version":[{"id":58094,"href":"https:\/\/condor.fabbricaweb.com.br\/pt\/wp-json\/wp\/v2\/posts\/54596\/revisions\/58094"}],"wp:featuredmedia":[{"embeddable":true,"href":"https:\/\/condor.fabbricaweb.com.br\/pt\/wp-json\/wp\/v2\/media\/34135"}],"wp:attachment":[{"href":"https:\/\/condor.fabbricaweb.com.br\/pt\/wp-json\/wp\/v2\/media?parent=54596"}],"wp:term":[{"taxonomy":"category","embeddable":true,"href":"https:\/\/condor.fabbricaweb.com.br\/pt\/wp-json\/wp\/v2\/categories?post=54596"},{"taxonomy":"post_tag","embeddable":true,"href":"https:\/\/condor.fabbricaweb.com.br\/pt\/wp-json\/wp\/v2\/tags?post=54596"}],"curies":[{"name":"wp","href":"https:\/\/api.w.org\/{rel}","templated":true}]}}