{"id":57200,"date":"2026-04-28T14:24:20","date_gmt":"2026-04-28T17:24:20","guid":{"rendered":"https:\/\/condor.fabbricaweb.com.br\/?p=57200"},"modified":"2026-08-24T12:12:25","modified_gmt":"2026-08-24T15:12:25","slug":"actigrafo-brasileiro-faz-parte-dos-instrumentos-levados-ao-espaco-na-missao-artemis-ii","status":"publish","type":"post","link":"https:\/\/condor.fabbricaweb.com.br\/pt\/actigrafo-brasileiro-faz-parte-dos-instrumentos-levados-ao-espaco-na-missao-artemis-ii\/","title":{"rendered":"Act\u00edgrafo brasileiro faz parte dos instrumentos levados ao espa\u00e7o na miss\u00e3o Artemis II"},"content":{"rendered":"<p class=\"wp-block-paragraph\">Act\u00edgrafo \u00e9 um dispositivo vest\u00edvel utilizado para monitoramento cont\u00ednuo de sono, atividade motora, exposi\u00e7\u00e3o \u00e0 luz e ritmos biol\u00f3gicos. Amplamente aplicado em pesquisas cl\u00ednicas e cient\u00edficas, o equipamento permite acompanhar padr\u00f5es fisiol\u00f3gicos em ambientes reais, incluindo estudos relacionados \u00e0 sa\u00fade, cronobiologia e miss\u00f5es espaciais de longa dura\u00e7\u00e3o.<\/p>\n\n\n\n<p class=\"wp-block-paragraph\"><\/p>\n\n\n\n<figure class=\"wp-block-image\"><img decoding=\"async\" src=\"https:\/\/pesquisaparainovacao.fapesp.br\/lib\/photo.php?src=..\/imagens\/materia\/4018.jpg&amp;w=700&amp;h=285\" alt=\"\"\/><\/figure>\n\n\n\n<p class=\"wp-block-paragraph\">Ag\u00eancia espacial dos Estados Unidos utilizou dispositivo desenvolvido por startup apoiada pelo PIPE-FAPESP para monitorar os padr\u00f5es de sono, a atividade f\u00edsica e as intera\u00e7\u00f5es da tripula\u00e7\u00e3o da miss\u00e3o Artemis II<em>(foto: Nasa\/divulga\u00e7\u00e3o)<\/em><\/p>\n\n\n\n<h3 class=\"wp-block-heading\">Tecnologia brasileira ajuda a Nasa a planejar pr\u00f3ximas miss\u00f5es \u00e0 Lua<\/h3>\n\n\n\n<p class=\"wp-block-paragraph\"><em>28 de abril de 2026<\/em><\/p>\n\n\n\n<p class=\"wp-block-paragraph\"><strong>Elton Alisson | Pesquisa para Inova\u00e7\u00e3o<\/strong>\u2013 Poucas horas antes de a espa\u00e7onave Orion cruzar no \u00faltimo dia 1\u00ba de abril os c\u00e9us da Fl\u00f3rida, nos Estados Unidos, rumo \u00e0 Lua, o engenheiro mecatr\u00f4nico<strong><a href=\"https:\/\/bv.fapesp.br\/pt\/pesquisador\/668107\/rodrigo-trevisan-okamoto\/\" target=\"_blank\" rel=\"noreferrer noopener\">Rodrigo Trevisan Okamoto<\/a><\/strong>recebeu, em S\u00e3o Paulo, uma confirma\u00e7\u00e3o que aguardava desde o an\u00fancio da miss\u00e3o Artemis II, em 2023. Um e-mail da Nasa informava que a tripula\u00e7\u00e3o do primeiro voo tripulado ao redor do sat\u00e9lite em meio s\u00e9culo levaria consigo um dispositivo desenvolvido por ele e sua equipe na startup paulista Condor Instruments, com<strong><a href=\"https:\/\/bv.fapesp.br\/pt\/auxilios\/82485\/acttrust-desenvolvimento-de-um-actimetro-nacional-para-pesquisas-e-uso-medico\/\" target=\"_blank\" rel=\"noreferrer noopener\">Suporte<\/a><\/strong>inicial do programa<strong><a href=\"https:\/\/bv.fapesp.br\/pt\/266\/pesquisa-inovativa-em-pequenas-empresas-pipe\/\" target=\"_blank\" rel=\"noreferrer noopener\">Pesquisa Inovativa em Pequenas Empresas<\/a><\/strong>&nbsp;(<strong><a href=\"https:\/\/fapesp.br\/pipe\/\" target=\"_blank\" rel=\"noreferrer noopener\">Pipe<\/a><\/strong>), da FAPESP.<\/p>\n\n\n\n<p class=\"wp-block-paragraph\">\u201cO comunicado da Nasa foi repentino e nos pegou de surpresa. E s\u00f3 ap\u00f3s a conclus\u00e3o da miss\u00e3o tamb\u00e9m soubemos que os astronautas j\u00e1 utilizavam o equipamento em testes nos \u00faltimos dois anos\u201d, diz Okamoto ao<strong>Pesquisa para Inova\u00e7\u00e3o<\/strong>.<\/p>\n\n\n\n<p class=\"wp-block-paragraph\">Denominado act\u00edgrafo, o dispositivo possui o formato de um rel\u00f3gio de pulso e integra aceler\u00f4metros e sensores de luz e temperatura para mapear, com alta precis\u00e3o, os padr\u00f5es de sono e vig\u00edlia do usu\u00e1rio ao longo de dias ou semanas.<\/p>\n\n\n\n<p class=\"wp-block-paragraph\">O funcionamento baseia-se em um sensor de atividade que monitora a frequ\u00eancia e a intensidade dos movimentos do bra\u00e7o. A partir da an\u00e1lise desses dados, \u00e9 poss\u00edvel inferir os per\u00edodos de repouso (aus\u00eancia de movimento) e os de prontid\u00e3o (presen\u00e7a de movimentos), registrando com exatid\u00e3o o comportamento circadiano do indiv\u00edduo.<\/p>\n\n\n\n<p class=\"wp-block-paragraph\">Este &#8220;rel\u00f3gio biol\u00f3gico&#8221; de aproximadamente 24 horas, que regula as fun\u00e7\u00f5es f\u00edsicas e comportamentais da maioria dos seres vivos, \u00e9 influenciado primordialmente pela luminosidade. Para monitor\u00e1-la, o dispositivo conta com dez sensores embarcados que detectam a exposi\u00e7\u00e3o \u00e0 luz em diferentes faixas espectrais. Esses dados s\u00e3o cruciais, pois permitem caracterizar n\u00e3o apenas a intensidade da luz, mas tamb\u00e9m sua composi\u00e7\u00e3o espectral ao longo do ciclo claro-escuro, principal regulador externo respons\u00e1vel por sincronizar o rel\u00f3gio biol\u00f3gico interno com o ambiente.<\/p>\n\n\n\n<p class=\"wp-block-paragraph\">\u201cO ciclo claro-escuro \u00e9 definido pela rota\u00e7\u00e3o da Terra e \u00e9 a partir dele que o c\u00e9rebro antecipa o momento do sono. No espa\u00e7o, essa refer\u00eancia se perde, pois os astronautas podem permanecer em claridade ou escurid\u00e3o constantes, dependendo da posi\u00e7\u00e3o em rela\u00e7\u00e3o ao Sol\u201d, explica<strong><a href=\"https:\/\/bv.fapesp.br\/pt\/pesquisador\/87154\/mario-pedrazzoli-neto\" target=\"_blank\" rel=\"noreferrer noopener\">Mario Pedrazzoli Neto<\/a><\/strong>, professor da Escola de Artes, Ci\u00eancias e Humanidades da USP (EACH-USP). Especialista em cronobiologia \u2013 ci\u00eancia que estuda os ritmos e o rel\u00f3gio biol\u00f3gico interno dos seres vivos \u2013, Pedrazzoli coordenou estudos que embasaram o desenvolvimento do act\u00edgrafo brasileiro.<\/p>\n\n\n\n<figure class=\"wp-block-image\"><img decoding=\"async\" src=\"https:\/\/fapesp.br\/files\/upload\/100\/4018a.jpg\" alt=\"\"\/><\/figure>\n\n\n\n<p class=\"wp-block-paragraph\"><strong>Sono desregulado<\/strong><\/p>\n\n\n\n<p class=\"wp-block-paragraph\">Na Esta\u00e7\u00e3o Espacial Internacional (ISS), por exemplo, os astronautas testemunham 16 alvoreceres e entardeceres por dia, fen\u00f4menos que podem desregular severamente o ciclo sono-vig\u00edlia. Para mitigar esse estresse, foram instalados na esta\u00e7\u00e3o sistemas de diodos emissores de luz (LEDs) que simulam o ciclo terrestre, auxiliando na higiene do sono da tripula\u00e7\u00e3o.<\/p>\n\n\n\n<p class=\"wp-block-paragraph\">\u201cPor esses fatores e outros ainda sob investiga\u00e7\u00e3o, como o efeito da gravidade, os astronautas tendem a apresentar priva\u00e7\u00e3o de sono. No espa\u00e7o, o repouso \u00e9 inerentemente desregulado\u201d, afirma Pedrazzoli.<\/p>\n\n\n\n<p class=\"wp-block-paragraph\">Como a priva\u00e7\u00e3o de sono gera d\u00e9ficits cognitivos e motores que podem comprometer miss\u00f5es de longa dura\u00e7\u00e3o, ag\u00eancias como a Nasa conduzem comumente estudos para avaliar como a irregularidade nos ciclos de luz e os dist\u00farbios do sono impactam o corpo humano, acarretando riscos \u00e0 sa\u00fade tanto a curto quanto a longo prazo, explica o pesquisador.<\/p>\n\n\n\n<p class=\"wp-block-paragraph\">Pesquisadores ligados \u00e0 ag\u00eancia est\u00e3o investigando, por exemplo, como fatores como a luz e o consumo de cafe\u00edna afetam os rel\u00f3gios biol\u00f3gicos das tripula\u00e7\u00f5es e influenciam a qualidade do sono.<\/p>\n\n\n\n<p class=\"wp-block-paragraph\">\u201cA cronobiologia nasceu com o financiamento da Nasa, justamente pela necessidade de entender como o astronauta dorme no espa\u00e7o\u201d, sublinha Pedrazzoli.<\/p>\n\n\n\n<p class=\"wp-block-paragraph\">Para a campanha Artemis, a ag\u00eancia espacial norte-americana iniciou, em 2023, um estudo para monitorar o bem-estar, o n\u00edvel de atividade, os padr\u00f5es de sono e as intera\u00e7\u00f5es dos astronautas. A motiva\u00e7\u00e3o do projeto, batizado Archer (<em>(Artemis Research for Crew Health and Readiness)<\/em>), reside no ambiente cr\u00edtico da c\u00e1psula Orion: um espa\u00e7o confinado e reduzido onde a tripula\u00e7\u00e3o enfrentar\u00e1 desafios biol\u00f3gicos e psicol\u00f3gicos prolongados, incluindo isolamento e radia\u00e7\u00e3o em miss\u00f5es no espa\u00e7o profundo.<\/p>\n\n\n\n<p class=\"wp-block-paragraph\">Para viabilizar o estudo, engenheiros da Nasa buscaram no mercado global op\u00e7\u00f5es de act\u00edgrafos capazes de monitorar a tripula\u00e7\u00e3o em tempo real. O dispositivo da Condor Instruments chamou a aten\u00e7\u00e3o da ag\u00eancia ap\u00f3s a participa\u00e7\u00e3o de representantes da startup em congressos cient\u00edficos internacionais de cronobiologia, sono e luz.<\/p>\n\n\n\n<p class=\"wp-block-paragraph\">\u201cEm 2023, eles nos contataram em busca de um novo fornecedor. Inicialmente, realizaram uma compra pequena para os setores de ci\u00eancia e engenharia. Desde ent\u00e3o, participamos de diversas reuni\u00f5es \u00e0 medida que o projeto evolu\u00eda. O dispositivo foi submetido a rigorosos testes para avaliar se os dados atendiam \u00e0s necessidades da miss\u00e3o e se era seguro e confi\u00e1vel para o voo\u201d, recorda Okamoto.<\/p>\n\n\n\n<p class=\"wp-block-paragraph\">Embora houvesse a sinaliza\u00e7\u00e3o de uso na Artemis II desde o fim de 2025, a confirma\u00e7\u00e3o oficial s\u00f3 veio no dia do lan\u00e7amento. \u201cS\u00f3 quando a nave decolou soubemos que o dispositivo estava de fato a bordo\u201d, conta o engenheiro.<\/p>\n\n\n\n<figure class=\"wp-block-image\"><a href=\"https:\/\/www.youtube.com\/watch?v=c5zi0wKsXcc\" target=\"_blank\" rel=\"noreferrer noopener\"><img decoding=\"async\" src=\"https:\/\/fapesp.br\/files\/upload\/100\/4018v.jpg\" alt=\"\"\/><\/a><\/figure>\n\n\n\n<p class=\"wp-block-paragraph\"><strong>Diferenciais tecnol\u00f3gicos<\/strong><\/p>\n\n\n\n<p class=\"wp-block-paragraph\">De acordo com Okamoto, o act\u00edgrafo brasileiro destaca-se frente aos competidores internacionais por integrar o monitoramento da atividade motora, a exposi\u00e7\u00e3o \u00e0 luz e a temperatura da pele. Este \u00faltimo dado \u00e9 crucial, pois a temperatura do corpo humano cai entre 1 \u00baC e 2 \u00baC durante o sono, um processo fisiol\u00f3gico do ciclo circadiano que favorece o relaxamento e a conserva\u00e7\u00e3o de energia.<\/p>\n\n\n\n<p class=\"wp-block-paragraph\">Outro diferencial \u00e9 a medi\u00e7\u00e3o da luz melan\u00f3pica \u2014 espectro da luz azul-ciano (cerca de 490 nan\u00f4metros) que impacta o sistema n\u00e3o visual humano. Essa luz ativa as c\u00e9lulas ganglionares fotossens\u00edveis na retina, inibindo a melatonina e sinalizando ao c\u00e9rebro que \u00e9 dia, o que eleva o estado de alerta e suprime o sono.<\/p>\n\n\n\n<p class=\"wp-block-paragraph\">\u201cOs telefones celulares emitem luz justamente nesse comprimento de onda. Por isso, o uso desses aparelhos \u00e0 noite altera radicalmente a regula\u00e7\u00e3o cerebral do sono\u201d, alerta Pedrazzoli.<\/p>\n\n\n\n<p class=\"wp-block-paragraph\">O dispositivo conta ainda com um bot\u00e3o de eventos, acionado de forma sincronizada pelos astronautas em momentos hist\u00f3ricos, como no dia 6 de abril, quando a Orion atingiu 406.777 km de dist\u00e2ncia da Terra \u2014 o ponto mais distante j\u00e1 alcan\u00e7ado por humanos. Durante a coletiva de imprensa ap\u00f3s a miss\u00e3o, o comandante Reid Wiseman destacou outra utilidade do aparelho: \u201cO uso desse dispositivo nos \u00faltimos dois anos nos permitia recuperar o foco sempre que nos distra\u00edamos\u201d.<\/p>\n\n\n\n<p class=\"wp-block-paragraph\">Segundo a Nasa, os dados do act\u00edgrafo coletados durante o voo ser\u00e3o comparados a testes de coordena\u00e7\u00e3o motora e question\u00e1rios pr\u00e9 e p\u00f3s-lan\u00e7amento. O objetivo \u00e9 otimizar o design de futuras espa\u00e7onaves para garantir a seguran\u00e7a em miss\u00f5es de longa dura\u00e7\u00e3o. \u201cO que aprendermos nos ajudar\u00e1 a entender como os astronautas podem sobreviver e prosperar mais distantes da Terra\u201d, afirma a ag\u00eancia no<strong><a href=\"https:\/\/www.nasa.gov\/reference\/archer\/\" target=\"_blank\" rel=\"noreferrer noopener\">site<\/a><\/strong>do projeto Archer.<\/p>\n\n\n\n<p class=\"wp-block-paragraph\"><strong>Jornada at\u00e9 o espa\u00e7o<\/strong><\/p>\n\n\n\n<p class=\"wp-block-paragraph\">A trajet\u00f3ria do act\u00edgrafo come\u00e7ou por uma necessidade de Pedrazzoli na condu\u00e7\u00e3o de estudos realizados no \u00e2mbito do<strong><a href=\"https:\/\/bv.fapesp.br\/pt\/auxilios\/29301\/center-for-sleep-studies\/\" target=\"_blank\" rel=\"noreferrer noopener\">Centro de Estudos do Sono<\/a><\/strong>\u2014 um Centro de Pesquisa, Inova\u00e7\u00e3o e Difus\u00e3o (<strong><a href=\"https:\/\/cepid.fapesp.br\/\" target=\"_blank\" rel=\"noreferrer noopener\">CEPID<\/a><\/strong>) financiado pela FAPESP entre 2000 e 2012 e ligado \u00e0 Universidade Federal de S\u00e3o Paulo (Unifesp). Os primeiros prot\u00f3tipos foram usados para avaliar o impacto do hor\u00e1rio de ver\u00e3o na popula\u00e7\u00e3o.<\/p>\n\n\n\n<p class=\"wp-block-paragraph\">\u201cPercebemos que era preciso escalar a produ\u00e7\u00e3o para atender \u00e0s nossas pesquisas e ter suporte t\u00e9cnico especializado\u201d, explica o professor. Por indica\u00e7\u00e3o de<strong><a href=\"https:\/\/bv.fapesp.br\/pt\/pesquisador\/88316\/arturo-forner-cordero\/\" target=\"_blank\" rel=\"noreferrer noopener\">Arturo Forner-Cordero<\/a><\/strong>, professor da Escola Polit\u00e9cnica da USP, Pedrazzoli conheceu Okamoto e Luis Filipe Rossi, ent\u00e3o mestrandos na Poli-USP, interessados em abrir uma startup tecnol\u00f3gica. Com o apoio do programa PIPE-FAPESP, os engenheiros transformaram o prot\u00f3tipo em um produto comercial de alta precis\u00e3o.<\/p>\n\n\n\n<p class=\"wp-block-paragraph\">\u201cAp\u00f3s os primeiros prot\u00f3tipos com pe\u00e7as usinadas, buscamos o investimento do PIPE da FAPESP para viabilizar o neg\u00f3cio\u201d, diz Okamoto. Hoje, a startup exporta 80% de sua produ\u00e7\u00e3o, de 200 a 300 dispositivos por m\u00eas, para mais de 40 pa\u00edses, atendendo grandes universidades e centros de pesquisa. O dispositivo \u00e9 aplicado em estudos que v\u00e3o desde a epidemia de miopia na \u00c1sia at\u00e9 a recupera\u00e7\u00e3o de beb\u00eas prematuros em UTIs neonatais.<\/p>\n\n\n\n<p class=\"wp-block-paragraph\">A meta agora \u00e9 manter a parceria com a Nasa para as pr\u00f3ximas etapas da campanha Artemis, incluindo o pouso no polo sul da Lua previsto para 2028. \u201cFaremos tudo o que pudermos para continuar como fornecedores da ag\u00eancia\u201d, conclui Okamoto.<\/p>\n\n\n\n<figure class=\"wp-block-image\"><img decoding=\"async\" src=\"https:\/\/fapesp.br\/files\/upload\/100\/4018b.jpg\" alt=\"\"\/><\/figure>\n\n\n\n<p class=\"wp-block-paragraph\"><strong>Exemplo de sucesso<\/strong><\/p>\n\n\n\n<p class=\"wp-block-paragraph\">Na avalia\u00e7\u00e3o de<strong><a href=\"https:\/\/fapesp.br\/17304\/rodolfo-jardim-de-azevedo\" target=\"_blank\" rel=\"noreferrer noopener\">Rodolfo Azevedo<\/a><\/strong>, coordenador da \u00e1rea de Tecnologias e Parcerias de Inova\u00e7\u00e3o da FAPESP, a participa\u00e7\u00e3o da Condor Instruments na miss\u00e3o Artemis II \u00e9 a materializa\u00e7\u00e3o do que a FAPESP busca com o programa PIPE-FAPESP: transformar ci\u00eancia de bancada em soberania tecnol\u00f3gica nacional.<\/p>\n\n\n\n<p class=\"wp-block-paragraph\">\u201c\u00c9 fundamental destacar que o apoio do programa foi um dos alicerces no in\u00edcio da forma\u00e7\u00e3o da empresa, quando o risco tecnol\u00f3gico \u00e9 mais alto e o capital privado ainda \u00e9 escasso. Esse fomento inicial permitiu transformar um prot\u00f3tipo acad\u00eamico em um produto comercial de precis\u00e3o extrema\u201d, afirma Azevedo.<\/p>\n\n\n\n<p class=\"wp-block-paragraph\">O sucesso da empresa tamb\u00e9m traz uma li\u00e7\u00e3o importante sobre a natureza da inova\u00e7\u00e3o: o financiamento precisa chegar cedo, mas os resultados de grande impacto podem levar tempo para maturar, avalia Azevedo.<\/p>\n\n\n\n<p class=\"wp-block-paragraph\">\u201cEntre os primeiros prot\u00f3tipos apoiados pelo PIPE e o an\u00fancio de que a tecnologia brasileira est\u00e1 monitorando astronautas no espa\u00e7o profundo, a startup percorreu uma jornada de anos de pesquisa e refinamento. Isso reafirma que a inova\u00e7\u00e3o disruptiva exige paci\u00eancia estrat\u00e9gica e investimento cont\u00ednuo para que possamos colher frutos que elevam o nome do Brasil no cen\u00e1rio internacional\u201d, conclui.<\/p>\n\n\n\n<blockquote class=\"wp-block-quote is-layout-flow wp-block-quote-is-layout-flow\">\n<p class=\"wp-block-paragraph\">Fonte: FAPESP (https:\/\/pesquisaparainovacao.fapesp.br\/tecnologia_brasileira_ajuda_a_nasa_a_planejar_proximas_missoes_a_lua\/4018)<\/p>\n<\/blockquote>\n\n\n\n<p class=\"wp-block-paragraph\"><\/p>","protected":false},"excerpt":{"rendered":"<p>An actigraph is a wearable device used for continuous monitoring of sleep, motor activity, light exposure, and biological rhythms. Widely applied in clinical and scientific research, the equipment allows for tracking physiological patterns in real-world environments, including studies related to health, chronobiology, and long-duration space missions. The United States space agency used a device developed [&hellip;]<\/p>\n","protected":false},"author":9,"featured_media":0,"comment_status":"open","ping_status":"open","sticky":false,"template":"","format":"standard","meta":{"footnotes":"","_links_to":"","_links_to_target":""},"categories":[1],"tags":[],"class_list":["post-57200","post","type-post","status-publish","format-standard","hentry","category-sem-categoria"],"yoast_head":"<!-- This site is optimized with the Yoast SEO plugin v28.3 - https:\/\/yoast.com\/product\/yoast-seo-wordpress\/ -->\n<title>Brazilian actigraph is part of the instruments taken into space on the Artemis II mission - Condor Instruments<\/title>\n<meta name=\"robots\" content=\"noindex, follow, max-snippet:-1, max-image-preview:large, max-video-preview:-1\" \/>\n<meta property=\"og:locale\" content=\"pt_BR\" \/>\n<meta property=\"og:type\" content=\"article\" \/>\n<meta property=\"og:title\" content=\"Brazilian actigraph is part of the instruments taken into space on the Artemis II mission - Condor Instruments\" \/>\n<meta property=\"og:description\" content=\"An actigraph is a wearable device used for continuous monitoring of sleep, motor activity, light exposure, and biological rhythms. Widely applied in clinical and scientific research, the equipment allows for tracking physiological patterns in real-world environments, including studies related to health, chronobiology, and long-duration space missions. The United States space agency used a device developed [&hellip;]\" \/>\n<meta property=\"og:url\" content=\"https:\/\/condor.fabbricaweb.com.br\/pt\/actigrafo-brasileiro-faz-parte-dos-instrumentos-levados-ao-espaco-na-missao-artemis-ii\/\" \/>\n<meta property=\"og:site_name\" content=\"Condor Instruments\" \/>\n<meta property=\"article:published_time\" content=\"2026-04-28T17:24:20+00:00\" \/>\n<meta property=\"article:modified_time\" content=\"2026-08-24T15:12:25+00:00\" \/>\n<meta property=\"og:image\" content=\"https:\/\/pesquisaparainovacao.fapesp.br\/lib\/photo.php?src=..\/imagens\/materia\/4018.jpg&amp;w=700&amp;h=285\" \/>\n<meta name=\"author\" content=\"Jhony Colis\" \/>\n<meta name=\"twitter:card\" content=\"summary_large_image\" \/>\n<meta name=\"twitter:label1\" content=\"Escrito por\" \/>\n\t<meta name=\"twitter:data1\" content=\"Jhony Colis\" \/>\n\t<meta name=\"twitter:label2\" content=\"Est. tempo de leitura\" \/>\n\t<meta name=\"twitter:data2\" content=\"10 minutos\" \/>\n<script type=\"application\/ld+json\" class=\"yoast-schema-graph\">{\"@context\":\"https:\\\/\\\/schema.org\",\"@graph\":[{\"@type\":\"Article\",\"@id\":\"https:\\\/\\\/condor.fabbricaweb.com.br\\\/pt\\\/actigrafo-brasileiro-faz-parte-dos-instrumentos-levados-ao-espaco-na-missao-artemis-ii\\\/#article\",\"isPartOf\":{\"@id\":\"https:\\\/\\\/condor.fabbricaweb.com.br\\\/pt\\\/actigrafo-brasileiro-faz-parte-dos-instrumentos-levados-ao-espaco-na-missao-artemis-ii\\\/\"},\"author\":{\"name\":\"Jhony Colis\",\"@id\":\"https:\\\/\\\/condor.fabbricaweb.com.br\\\/pt\\\/#\\\/schema\\\/person\\\/84437bb461be9bf869f411cad18d0187\"},\"headline\":\"Brazilian actigraph is part of the instruments taken into space on the Artemis II mission\",\"datePublished\":\"2026-04-28T17:24:20+00:00\",\"dateModified\":\"2026-08-24T15:12:25+00:00\",\"mainEntityOfPage\":{\"@id\":\"https:\\\/\\\/condor.fabbricaweb.com.br\\\/pt\\\/actigrafo-brasileiro-faz-parte-dos-instrumentos-levados-ao-espaco-na-missao-artemis-ii\\\/\"},\"wordCount\":1570,\"commentCount\":0,\"publisher\":{\"@id\":\"https:\\\/\\\/condor.fabbricaweb.com.br\\\/pt\\\/#organization\"},\"image\":{\"@id\":\"https:\\\/\\\/condor.fabbricaweb.com.br\\\/pt\\\/actigrafo-brasileiro-faz-parte-dos-instrumentos-levados-ao-espaco-na-missao-artemis-ii\\\/#primaryimage\"},\"thumbnailUrl\":\"https:\\\/\\\/pesquisaparainovacao.fapesp.br\\\/lib\\\/photo.php?src=..\\\/imagens\\\/materia\\\/4018.jpg&amp;w=700&amp;h=285\",\"articleSection\":[\"Uncategorized\"],\"inLanguage\":\"pt-BR\",\"potentialAction\":[{\"@type\":\"CommentAction\",\"name\":\"Comment\",\"target\":[\"https:\\\/\\\/condor.fabbricaweb.com.br\\\/pt\\\/actigrafo-brasileiro-faz-parte-dos-instrumentos-levados-ao-espaco-na-missao-artemis-ii\\\/#respond\"]}]},{\"@type\":\"WebPage\",\"@id\":\"https:\\\/\\\/condor.fabbricaweb.com.br\\\/pt\\\/actigrafo-brasileiro-faz-parte-dos-instrumentos-levados-ao-espaco-na-missao-artemis-ii\\\/\",\"url\":\"https:\\\/\\\/condor.fabbricaweb.com.br\\\/pt\\\/actigrafo-brasileiro-faz-parte-dos-instrumentos-levados-ao-espaco-na-missao-artemis-ii\\\/\",\"name\":\"Brazilian actigraph is part of the instruments taken into space on the Artemis II mission - Condor Instruments\",\"isPartOf\":{\"@id\":\"https:\\\/\\\/condor.fabbricaweb.com.br\\\/pt\\\/#website\"},\"primaryImageOfPage\":{\"@id\":\"https:\\\/\\\/condor.fabbricaweb.com.br\\\/pt\\\/actigrafo-brasileiro-faz-parte-dos-instrumentos-levados-ao-espaco-na-missao-artemis-ii\\\/#primaryimage\"},\"image\":{\"@id\":\"https:\\\/\\\/condor.fabbricaweb.com.br\\\/pt\\\/actigrafo-brasileiro-faz-parte-dos-instrumentos-levados-ao-espaco-na-missao-artemis-ii\\\/#primaryimage\"},\"thumbnailUrl\":\"https:\\\/\\\/pesquisaparainovacao.fapesp.br\\\/lib\\\/photo.php?src=..\\\/imagens\\\/materia\\\/4018.jpg&amp;w=700&amp;h=285\",\"datePublished\":\"2026-04-28T17:24:20+00:00\",\"dateModified\":\"2026-08-24T15:12:25+00:00\",\"breadcrumb\":{\"@id\":\"https:\\\/\\\/condor.fabbricaweb.com.br\\\/pt\\\/actigrafo-brasileiro-faz-parte-dos-instrumentos-levados-ao-espaco-na-missao-artemis-ii\\\/#breadcrumb\"},\"inLanguage\":\"pt-BR\",\"potentialAction\":[{\"@type\":\"ReadAction\",\"target\":[\"https:\\\/\\\/condor.fabbricaweb.com.br\\\/pt\\\/actigrafo-brasileiro-faz-parte-dos-instrumentos-levados-ao-espaco-na-missao-artemis-ii\\\/\"]}]},{\"@type\":\"ImageObject\",\"inLanguage\":\"pt-BR\",\"@id\":\"https:\\\/\\\/condor.fabbricaweb.com.br\\\/pt\\\/actigrafo-brasileiro-faz-parte-dos-instrumentos-levados-ao-espaco-na-missao-artemis-ii\\\/#primaryimage\",\"url\":\"https:\\\/\\\/pesquisaparainovacao.fapesp.br\\\/lib\\\/photo.php?src=..\\\/imagens\\\/materia\\\/4018.jpg&amp;w=700&amp;h=285\",\"contentUrl\":\"https:\\\/\\\/pesquisaparainovacao.fapesp.br\\\/lib\\\/photo.php?src=..\\\/imagens\\\/materia\\\/4018.jpg&amp;w=700&amp;h=285\"},{\"@type\":\"BreadcrumbList\",\"@id\":\"https:\\\/\\\/condor.fabbricaweb.com.br\\\/pt\\\/actigrafo-brasileiro-faz-parte-dos-instrumentos-levados-ao-espaco-na-missao-artemis-ii\\\/#breadcrumb\",\"itemListElement\":[{\"@type\":\"ListItem\",\"position\":1,\"name\":\"Home\",\"item\":\"https:\\\/\\\/condor.fabbricaweb.com.br\\\/pt\\\/\"},{\"@type\":\"ListItem\",\"position\":2,\"name\":\"Sem categoria\",\"item\":\"https:\\\/\\\/condor.fabbricaweb.com.br\\\/pt\\\/category\\\/sem-categoria\\\/\"},{\"@type\":\"ListItem\",\"position\":3,\"name\":\"Brazilian actigraph is part of the instruments taken into space on the Artemis II mission\"}]},{\"@type\":\"WebSite\",\"@id\":\"https:\\\/\\\/condor.fabbricaweb.com.br\\\/pt\\\/#website\",\"url\":\"https:\\\/\\\/condor.fabbricaweb.com.br\\\/pt\\\/\",\"name\":\"Condor Instruments\",\"description\":\"\",\"publisher\":{\"@id\":\"https:\\\/\\\/condor.fabbricaweb.com.br\\\/pt\\\/#organization\"},\"potentialAction\":[{\"@type\":\"SearchAction\",\"target\":{\"@type\":\"EntryPoint\",\"urlTemplate\":\"https:\\\/\\\/condor.fabbricaweb.com.br\\\/pt\\\/?s={search_term_string}\"},\"query-input\":{\"@type\":\"PropertyValueSpecification\",\"valueRequired\":true,\"valueName\":\"search_term_string\"}}],\"inLanguage\":\"pt-BR\"},{\"@type\":\"Organization\",\"@id\":\"https:\\\/\\\/condor.fabbricaweb.com.br\\\/pt\\\/#organization\",\"name\":\"Condor Instruments\",\"alternateName\":\"Condor\",\"url\":\"https:\\\/\\\/condor.fabbricaweb.com.br\\\/pt\\\/\",\"logo\":{\"@type\":\"ImageObject\",\"inLanguage\":\"pt-BR\",\"@id\":\"https:\\\/\\\/condor.fabbricaweb.com.br\\\/pt\\\/#\\\/schema\\\/logo\\\/image\\\/\",\"url\":\"https:\\\/\\\/condor.fabbricaweb.com.br\\\/wp-content\\\/uploads\\\/2025\\\/04\\\/Condor-Logo-1.png\",\"contentUrl\":\"https:\\\/\\\/condor.fabbricaweb.com.br\\\/wp-content\\\/uploads\\\/2025\\\/04\\\/Condor-Logo-1.png\",\"width\":780,\"height\":215,\"caption\":\"Condor Instruments\"},\"image\":{\"@id\":\"https:\\\/\\\/condor.fabbricaweb.com.br\\\/pt\\\/#\\\/schema\\\/logo\\\/image\\\/\"},\"sameAs\":[\"https:\\\/\\\/www.youtube.com\\\/channel\\\/UC9uxCFtNC_-bNvegdf6ltRQ\",\"https:\\\/\\\/www.instagram.com\\\/instruments_condor\\\/\",\"https:\\\/\\\/www.linkedin.com\\\/company\\\/condorinst\"]},{\"@type\":\"Person\",\"@id\":\"https:\\\/\\\/condor.fabbricaweb.com.br\\\/pt\\\/#\\\/schema\\\/person\\\/84437bb461be9bf869f411cad18d0187\",\"name\":\"Jhony Colis\",\"image\":{\"@type\":\"ImageObject\",\"inLanguage\":\"pt-BR\",\"@id\":\"https:\\\/\\\/condor.fabbricaweb.com.br\\\/pt\\\/wp-content\\\/litespeed\\\/avatar\\\/3b594247fb613ad643e682e11ae036bc.jpg\\\/?ver=1788209400\",\"url\":\"https:\\\/\\\/condor.fabbricaweb.com.br\\\/pt\\\/wp-content\\\/litespeed\\\/avatar\\\/3b594247fb613ad643e682e11ae036bc.jpg\\\/?ver=1788209400\",\"contentUrl\":\"https:\\\/\\\/condor.fabbricaweb.com.br\\\/pt\\\/wp-content\\\/litespeed\\\/avatar\\\/3b594247fb613ad643e682e11ae036bc.jpg\\\/?ver=1788209400\",\"caption\":\"Jhony Colis\"},\"url\":\"https:\\\/\\\/condor.fabbricaweb.com.br\\\/pt\\\/author\\\/jhony-colis\\\/\"}]}<\/script>\n<!-- \/ Yoast SEO plugin. -->","yoast_head_json":{"title":"Brazilian actigraph is part of the instruments taken into space on the Artemis II mission - Condor Instruments","robots":{"index":"noindex","follow":"follow","max-snippet":"max-snippet:-1","max-image-preview":"max-image-preview:large","max-video-preview":"max-video-preview:-1"},"og_locale":"pt_BR","og_type":"article","og_title":"Brazilian actigraph is part of the instruments taken into space on the Artemis II mission - Condor Instruments","og_description":"An actigraph is a wearable device used for continuous monitoring of sleep, motor activity, light exposure, and biological rhythms. Widely applied in clinical and scientific research, the equipment allows for tracking physiological patterns in real-world environments, including studies related to health, chronobiology, and long-duration space missions. The United States space agency used a device developed [&hellip;]","og_url":"https:\/\/condor.fabbricaweb.com.br\/pt\/actigrafo-brasileiro-faz-parte-dos-instrumentos-levados-ao-espaco-na-missao-artemis-ii\/","og_site_name":"Condor Instruments","article_published_time":"2026-04-28T17:24:20+00:00","article_modified_time":"2026-08-24T15:12:25+00:00","og_image":[{"url":"https:\/\/pesquisaparainovacao.fapesp.br\/lib\/photo.php?src=..\/imagens\/materia\/4018.jpg&amp;w=700&amp;h=285","type":"","width":"","height":""}],"author":"Jhony Colis","twitter_card":"summary_large_image","twitter_misc":{"Escrito por":"Jhony Colis","Est. tempo de leitura":"10 minutos"},"schema":{"@context":"https:\/\/schema.org","@graph":[{"@type":"Article","@id":"https:\/\/condor.fabbricaweb.com.br\/pt\/actigrafo-brasileiro-faz-parte-dos-instrumentos-levados-ao-espaco-na-missao-artemis-ii\/#article","isPartOf":{"@id":"https:\/\/condor.fabbricaweb.com.br\/pt\/actigrafo-brasileiro-faz-parte-dos-instrumentos-levados-ao-espaco-na-missao-artemis-ii\/"},"author":{"name":"Jhony Colis","@id":"https:\/\/condor.fabbricaweb.com.br\/pt\/#\/schema\/person\/84437bb461be9bf869f411cad18d0187"},"headline":"Brazilian actigraph is part of the instruments taken into space on the Artemis II mission","datePublished":"2026-04-28T17:24:20+00:00","dateModified":"2026-08-24T15:12:25+00:00","mainEntityOfPage":{"@id":"https:\/\/condor.fabbricaweb.com.br\/pt\/actigrafo-brasileiro-faz-parte-dos-instrumentos-levados-ao-espaco-na-missao-artemis-ii\/"},"wordCount":1570,"commentCount":0,"publisher":{"@id":"https:\/\/condor.fabbricaweb.com.br\/pt\/#organization"},"image":{"@id":"https:\/\/condor.fabbricaweb.com.br\/pt\/actigrafo-brasileiro-faz-parte-dos-instrumentos-levados-ao-espaco-na-missao-artemis-ii\/#primaryimage"},"thumbnailUrl":"https:\/\/pesquisaparainovacao.fapesp.br\/lib\/photo.php?src=..\/imagens\/materia\/4018.jpg&amp;w=700&amp;h=285","articleSection":["Uncategorized"],"inLanguage":"pt-BR","potentialAction":[{"@type":"CommentAction","name":"Comment","target":["https:\/\/condor.fabbricaweb.com.br\/pt\/actigrafo-brasileiro-faz-parte-dos-instrumentos-levados-ao-espaco-na-missao-artemis-ii\/#respond"]}]},{"@type":"WebPage","@id":"https:\/\/condor.fabbricaweb.com.br\/pt\/actigrafo-brasileiro-faz-parte-dos-instrumentos-levados-ao-espaco-na-missao-artemis-ii\/","url":"https:\/\/condor.fabbricaweb.com.br\/pt\/actigrafo-brasileiro-faz-parte-dos-instrumentos-levados-ao-espaco-na-missao-artemis-ii\/","name":"Brazilian actigraph is part of the instruments taken into space on the Artemis II mission - Condor Instruments","isPartOf":{"@id":"https:\/\/condor.fabbricaweb.com.br\/pt\/#website"},"primaryImageOfPage":{"@id":"https:\/\/condor.fabbricaweb.com.br\/pt\/actigrafo-brasileiro-faz-parte-dos-instrumentos-levados-ao-espaco-na-missao-artemis-ii\/#primaryimage"},"image":{"@id":"https:\/\/condor.fabbricaweb.com.br\/pt\/actigrafo-brasileiro-faz-parte-dos-instrumentos-levados-ao-espaco-na-missao-artemis-ii\/#primaryimage"},"thumbnailUrl":"https:\/\/pesquisaparainovacao.fapesp.br\/lib\/photo.php?src=..\/imagens\/materia\/4018.jpg&amp;w=700&amp;h=285","datePublished":"2026-04-28T17:24:20+00:00","dateModified":"2026-08-24T15:12:25+00:00","breadcrumb":{"@id":"https:\/\/condor.fabbricaweb.com.br\/pt\/actigrafo-brasileiro-faz-parte-dos-instrumentos-levados-ao-espaco-na-missao-artemis-ii\/#breadcrumb"},"inLanguage":"pt-BR","potentialAction":[{"@type":"ReadAction","target":["https:\/\/condor.fabbricaweb.com.br\/pt\/actigrafo-brasileiro-faz-parte-dos-instrumentos-levados-ao-espaco-na-missao-artemis-ii\/"]}]},{"@type":"ImageObject","inLanguage":"pt-BR","@id":"https:\/\/condor.fabbricaweb.com.br\/pt\/actigrafo-brasileiro-faz-parte-dos-instrumentos-levados-ao-espaco-na-missao-artemis-ii\/#primaryimage","url":"https:\/\/pesquisaparainovacao.fapesp.br\/lib\/photo.php?src=..\/imagens\/materia\/4018.jpg&amp;w=700&amp;h=285","contentUrl":"https:\/\/pesquisaparainovacao.fapesp.br\/lib\/photo.php?src=..\/imagens\/materia\/4018.jpg&amp;w=700&amp;h=285"},{"@type":"BreadcrumbList","@id":"https:\/\/condor.fabbricaweb.com.br\/pt\/actigrafo-brasileiro-faz-parte-dos-instrumentos-levados-ao-espaco-na-missao-artemis-ii\/#breadcrumb","itemListElement":[{"@type":"ListItem","position":1,"name":"Home","item":"https:\/\/condor.fabbricaweb.com.br\/pt\/"},{"@type":"ListItem","position":2,"name":"Sem categoria","item":"https:\/\/condor.fabbricaweb.com.br\/pt\/category\/sem-categoria\/"},{"@type":"ListItem","position":3,"name":"Brazilian actigraph is part of the instruments taken into space on the Artemis II mission"}]},{"@type":"WebSite","@id":"https:\/\/condor.fabbricaweb.com.br\/pt\/#website","url":"https:\/\/condor.fabbricaweb.com.br\/pt\/","name":"Condor Instruments","description":"","publisher":{"@id":"https:\/\/condor.fabbricaweb.com.br\/pt\/#organization"},"potentialAction":[{"@type":"SearchAction","target":{"@type":"EntryPoint","urlTemplate":"https:\/\/condor.fabbricaweb.com.br\/pt\/?s={search_term_string}"},"query-input":{"@type":"PropertyValueSpecification","valueRequired":true,"valueName":"search_term_string"}}],"inLanguage":"pt-BR"},{"@type":"Organization","@id":"https:\/\/condor.fabbricaweb.com.br\/pt\/#organization","name":"Condor Instruments","alternateName":"Condor","url":"https:\/\/condor.fabbricaweb.com.br\/pt\/","logo":{"@type":"ImageObject","inLanguage":"pt-BR","@id":"https:\/\/condor.fabbricaweb.com.br\/pt\/#\/schema\/logo\/image\/","url":"https:\/\/condor.fabbricaweb.com.br\/wp-content\/uploads\/2025\/04\/Condor-Logo-1.png","contentUrl":"https:\/\/condor.fabbricaweb.com.br\/wp-content\/uploads\/2025\/04\/Condor-Logo-1.png","width":780,"height":215,"caption":"Condor Instruments"},"image":{"@id":"https:\/\/condor.fabbricaweb.com.br\/pt\/#\/schema\/logo\/image\/"},"sameAs":["https:\/\/www.youtube.com\/channel\/UC9uxCFtNC_-bNvegdf6ltRQ","https:\/\/www.instagram.com\/instruments_condor\/","https:\/\/www.linkedin.com\/company\/condorinst"]},{"@type":"Person","@id":"https:\/\/condor.fabbricaweb.com.br\/pt\/#\/schema\/person\/84437bb461be9bf869f411cad18d0187","name":"Jhony Colis","image":{"@type":"ImageObject","inLanguage":"pt-BR","@id":"https:\/\/condor.fabbricaweb.com.br\/pt\/wp-content\/litespeed\/avatar\/3b594247fb613ad643e682e11ae036bc.jpg\/?ver=1788209400","url":"https:\/\/condor.fabbricaweb.com.br\/pt\/wp-content\/litespeed\/avatar\/3b594247fb613ad643e682e11ae036bc.jpg\/?ver=1788209400","contentUrl":"https:\/\/condor.fabbricaweb.com.br\/pt\/wp-content\/litespeed\/avatar\/3b594247fb613ad643e682e11ae036bc.jpg\/?ver=1788209400","caption":"Jhony Colis"},"url":"https:\/\/condor.fabbricaweb.com.br\/pt\/author\/jhony-colis\/"}]}},"_links":{"self":[{"href":"https:\/\/condor.fabbricaweb.com.br\/pt\/wp-json\/wp\/v2\/posts\/57200","targetHints":{"allow":["GET"]}}],"collection":[{"href":"https:\/\/condor.fabbricaweb.com.br\/pt\/wp-json\/wp\/v2\/posts"}],"about":[{"href":"https:\/\/condor.fabbricaweb.com.br\/pt\/wp-json\/wp\/v2\/types\/post"}],"author":[{"embeddable":true,"href":"https:\/\/condor.fabbricaweb.com.br\/pt\/wp-json\/wp\/v2\/users\/9"}],"replies":[{"embeddable":true,"href":"https:\/\/condor.fabbricaweb.com.br\/pt\/wp-json\/wp\/v2\/comments?post=57200"}],"version-history":[{"count":2,"href":"https:\/\/condor.fabbricaweb.com.br\/pt\/wp-json\/wp\/v2\/posts\/57200\/revisions"}],"predecessor-version":[{"id":58100,"href":"https:\/\/condor.fabbricaweb.com.br\/pt\/wp-json\/wp\/v2\/posts\/57200\/revisions\/58100"}],"wp:attachment":[{"href":"https:\/\/condor.fabbricaweb.com.br\/pt\/wp-json\/wp\/v2\/media?parent=57200"}],"wp:term":[{"taxonomy":"category","embeddable":true,"href":"https:\/\/condor.fabbricaweb.com.br\/pt\/wp-json\/wp\/v2\/categories?post=57200"},{"taxonomy":"post_tag","embeddable":true,"href":"https:\/\/condor.fabbricaweb.com.br\/pt\/wp-json\/wp\/v2\/tags?post=57200"}],"curies":[{"name":"wp","href":"https:\/\/api.w.org\/{rel}","templated":true}]}}